{"id":647,"date":"2025-02-14T11:36:55","date_gmt":"2025-02-14T10:36:55","guid":{"rendered":"http:\/\/localhost\/mdi_w\/?p=647"},"modified":"2025-07-01T14:57:29","modified_gmt":"2025-07-01T12:57:29","slug":"test-vineland","status":"publish","type":"post","link":"https:\/\/api-lux.be\/index.php\/2025\/02\/14\/test-vineland\/","title":{"rendered":"Test Vineland"},"content":{"rendered":"\n<div class=\"wp-block-columns is-layout-flex wp-container-core-columns-is-layout-9d6595d7 wp-block-columns-is-layout-flex\">\n<div class=\"wp-block-column is-layout-flow wp-block-column-is-layout-flow\"><div class=\"wp-block-image\">\n<figure class=\"aligncenter size-full is-resized\"><img loading=\"lazy\" decoding=\"async\" width=\"436\" height=\"554\" src=\"https:\/\/api-lux.be\/wp-content\/uploads\/2025\/02\/vineland-23.png\" alt=\"\" class=\"wp-image-1252\" style=\"width:216px;height:auto\" srcset=\"https:\/\/api-lux.be\/wp-content\/uploads\/2025\/02\/vineland-23.png 436w, https:\/\/api-lux.be\/wp-content\/uploads\/2025\/02\/vineland-23-236x300.png 236w\" sizes=\"auto, (max-width: 436px) 100vw, 436px\" \/><\/figure>\n<\/div><\/div>\n\n\n\n<div class=\"wp-block-column is-layout-flow wp-block-column-is-layout-flow\">\n<p>\ud83d\udcca <strong>Outils d\u2019\u00e9valuations ou d\u2019observations<\/strong> -Mesure des comp\u00e9tences adaptatives chez les enfants et adolescents.<\/p>\n\n\n\n<!--more-->\n\n\n\n<h2 class=\"wp-block-heading\">\u00c2ge cible<\/h2>\n\n\n\n<p>Tout \u00e2ge.<\/p>\n<\/div>\n<\/div>\n\n\n\n<h2 class=\"wp-block-heading\">Descriptif de l&rsquo;outil<\/h2>\n\n\n\n<p>Les <strong>VABS<\/strong> permettent d\u2019\u00e9valuer les <strong>comp\u00e9tences adaptatives<\/strong> \u00e0 travers <strong>quatre grands domaines<\/strong> :<\/p>\n\n\n\n<ul class=\"wp-block-list\">\n<li>\ud83d\udde3\ufe0f <strong>Communication<\/strong><\/li>\n\n\n\n<li>\ud83e\uddfa <strong>Autonomie dans la vie quotidienne<\/strong><\/li>\n\n\n\n<li>\ud83e\udd1d <strong>Socialisation<\/strong><\/li>\n\n\n\n<li>\ud83c\udfc3 <strong>Motricit\u00e9<\/strong><\/li>\n<\/ul>\n\n\n\n<p>\ud83e\uddf1 Une cat\u00e9gorie suppl\u00e9mentaire \u00e9value \u00e9galement les <strong>comportements mal-adapt\u00e9s<\/strong>.<\/p>\n\n\n\n<p>\ud83d\udccb <strong>Trois versions<\/strong> sont disponibles selon le contexte d\u2019usage :<\/p>\n\n\n\n<ul class=\"wp-block-list\">\n<li>\ud83e\uddea Version <strong>abr\u00e9g\u00e9e<\/strong> : utilis\u00e9e pour la recherche ou le d\u00e9pistage pr\u00e9liminaire<\/li>\n\n\n\n<li>\ud83e\udded Version <strong>standard<\/strong> : pour \u00e9laborer des <strong>programmes \u00e9ducatifs individualis\u00e9s<\/strong><\/li>\n\n\n\n<li>\ud83c\udfeb Version <strong>\u00e9ducative\/\u00e9cole<\/strong> : pour le contexte <strong>scolaire ou th\u00e9rapeutique<\/strong><\/li>\n<\/ul>\n\n\n\n<p>Cet outil est particuli\u00e8rement pertinent pour les <strong>enfants et adolescents \u00e0 risque de troubles du comportement<\/strong>, ou dans le cadre d\u2019un <strong>diagnostic de d\u00e9ficience intellectuelle<\/strong>, de <strong>TSA<\/strong> (Trouble du Spectre de l\u2019Autisme), etc.<\/p>\n\n\n\n<div class=\"wp-block-columns is-layout-flex wp-container-core-columns-is-layout-9d6595d7 wp-block-columns-is-layout-flex\">\n<div class=\"wp-block-column is-layout-flow wp-block-column-is-layout-flow\">\n<h2 class=\"wp-block-heading\">Objectif(s) d&rsquo;utilisation<\/h2>\n\n\n\n<p>\ud83d\udcca <strong>\u00c9valuer les comp\u00e9tences adaptatives<\/strong> : communication, autonomie, socialisation, motricit\u00e9<\/p>\n\n\n\n<p>\ud83d\udea9 <strong>Identifier les comportements mal-adapt\u00e9s<\/strong><\/p>\n\n\n\n<p>\ud83e\udde9 <strong>\u00c9laborer des programmes \u00e9ducatifs et th\u00e9rapeutiques personnalis\u00e9s<\/strong><\/p>\n\n\n\n<p>\ud83d\udd01 <strong>Assurer un suivi longitudinal<\/strong> des comp\u00e9tences au fil du temps<\/p>\n\n\n\n<p>\ud83e\udde0 <strong>Soutenir le d\u00e9pistage et le diagnostic<\/strong> des troubles du comportement<\/p>\n\n\n\n<p>\ud83e\uddcd\u200d\u2642\ufe0f <strong>Mieux comprendre les besoins sp\u00e9cifiques<\/strong> des enfants et adolescents<\/p>\n\n\n\n<p>\ud83d\udcd8 <strong>Soutenir le diagnostic de d\u00e9ficience intellectuelle<\/strong> et <strong>\u00e9valuer sa s\u00e9v\u00e9rit\u00e9<\/strong> selon les crit\u00e8res du <strong>DSM-5<\/strong><\/p>\n\n\n\n<h2 class=\"wp-block-heading\">Liens utiles<\/h2>\n\n\n\n<p><strong>\ud83c\udf10 SITE INTERNET<\/strong> <a href=\"https:\/\/comprendrelautisme.com\/les-tests\/les-echelles-de-vineland\/\" data-type=\"link\" data-id=\"https:\/\/comprendrelautisme.com\/les-tests\/les-echelles-de-vineland\/\"><\/a><a href=\"https:\/\/comprendrelautisme.com\/les-tests\/les-echelles-de-vineland\/\" target=\"_blank\" rel=\"noreferrer noopener\">Les \u00e9chelles de Vineland \u2013 Comprendre l&rsquo;autisme<\/a><br>Pr\u00e9sentation des \u00e9chelles de Vineland, outils standardis\u00e9s utilis\u00e9s pour \u00e9valuer les comportements adaptatifs des personnes, notamment dans le cadre du diagnostic de l&rsquo;autisme.\u200b<\/p>\n<\/div>\n<\/div>\n\n\n\n<p>Des outils \u00e0 nous partager ?&nbsp;<a href=\"https:\/\/api-lux.be\/index.php\/contact\/\">Cliquez ici<\/a><\/p>\n","protected":false},"excerpt":{"rendered":"<p>\ud83d\udcca Outils d\u2019\u00e9valuations ou d\u2019observations -Mesure des comp\u00e9tences adaptatives chez les enfants et adolescents.<\/p>\n","protected":false},"author":6,"featured_media":0,"comment_status":"closed","ping_status":"closed","sticky":false,"template":"","format":"standard","meta":{"iawp_total_views":1,"footnotes":""},"categories":[4,27,14,18,5,8,15,46,47,19,17,20,21,16],"tags":[],"class_list":["post-647","post","type-post","status-publish","format-standard","hentry","category-besoins","category-besoins-daccomplissement","category-besoins-dappartenance","category-besoins-destime","category-besoins-physiologiques","category-bien-etre","category-famille-et-milieu-de-vie","category-fiches-outils","category-fiches-outils-pour-les-professionnels","category-gestion-des-emotions","category-inclusion-sociale-et-reseau-sociaux","category-individualisation","category-valorisation-confiance","category-vie-affective"],"_links":{"self":[{"href":"https:\/\/api-lux.be\/index.php\/wp-json\/wp\/v2\/posts\/647","targetHints":{"allow":["GET"]}}],"collection":[{"href":"https:\/\/api-lux.be\/index.php\/wp-json\/wp\/v2\/posts"}],"about":[{"href":"https:\/\/api-lux.be\/index.php\/wp-json\/wp\/v2\/types\/post"}],"author":[{"embeddable":true,"href":"https:\/\/api-lux.be\/index.php\/wp-json\/wp\/v2\/users\/6"}],"replies":[{"embeddable":true,"href":"https:\/\/api-lux.be\/index.php\/wp-json\/wp\/v2\/comments?post=647"}],"version-history":[{"count":15,"href":"https:\/\/api-lux.be\/index.php\/wp-json\/wp\/v2\/posts\/647\/revisions"}],"predecessor-version":[{"id":7812,"href":"https:\/\/api-lux.be\/index.php\/wp-json\/wp\/v2\/posts\/647\/revisions\/7812"}],"wp:attachment":[{"href":"https:\/\/api-lux.be\/index.php\/wp-json\/wp\/v2\/media?parent=647"}],"wp:term":[{"taxonomy":"category","embeddable":true,"href":"https:\/\/api-lux.be\/index.php\/wp-json\/wp\/v2\/categories?post=647"},{"taxonomy":"post_tag","embeddable":true,"href":"https:\/\/api-lux.be\/index.php\/wp-json\/wp\/v2\/tags?post=647"}],"curies":[{"name":"wp","href":"https:\/\/api.w.org\/{rel}","templated":true}]}}