{"id":646,"date":"2025-02-14T11:36:55","date_gmt":"2025-02-14T10:36:55","guid":{"rendered":"http:\/\/localhost\/mdi_w\/?p=646"},"modified":"2025-04-28T09:46:53","modified_gmt":"2025-04-28T07:46:53","slug":"test-ide-indice-de-developpement-de-lenfant","status":"publish","type":"post","link":"https:\/\/api-lux.be\/index.php\/2025\/02\/14\/test-ide-indice-de-developpement-de-lenfant\/","title":{"rendered":"Test IDE (Indice de D\u00e9veloppement de l&rsquo;Enfant)"},"content":{"rendered":"\n<div class=\"wp-block-columns is-layout-flex wp-container-core-columns-is-layout-9d6595d7 wp-block-columns-is-layout-flex\">\n<div class=\"wp-block-column is-vertically-aligned-center is-layout-flow wp-block-column-is-layout-flow\"><div class=\"wp-block-image\">\n<figure class=\"aligncenter size-large\"><img loading=\"lazy\" decoding=\"async\" width=\"1024\" height=\"722\" src=\"https:\/\/api-lux.be\/wp-content\/uploads\/2025\/02\/pexels-olly-3887445-1024x722.jpg\" alt=\"\" class=\"wp-image-1249\" srcset=\"https:\/\/api-lux.be\/wp-content\/uploads\/2025\/02\/pexels-olly-3887445-1024x722.jpg 1024w, https:\/\/api-lux.be\/wp-content\/uploads\/2025\/02\/pexels-olly-3887445-300x212.jpg 300w, https:\/\/api-lux.be\/wp-content\/uploads\/2025\/02\/pexels-olly-3887445-768x542.jpg 768w, https:\/\/api-lux.be\/wp-content\/uploads\/2025\/02\/pexels-olly-3887445-1536x1083.jpg 1536w, https:\/\/api-lux.be\/wp-content\/uploads\/2025\/02\/pexels-olly-3887445-2048x1445.jpg 2048w\" sizes=\"auto, (max-width: 1024px) 100vw, 1024px\" \/><\/figure>\n<\/div><\/div>\n\n\n\n<div class=\"wp-block-column is-layout-flow wp-block-column-is-layout-flow\">\n<p>\ud83d\udcca <strong>Outils d\u2019\u00e9valuations ou d\u2019observations<\/strong> <br>Le test IDE permet d&rsquo;identifier l&rsquo;\u00e2ge de d\u00e9veloppement d&rsquo;un enfant.<\/p>\n\n\n\n<!--more-->\n\n\n\n<h2 class=\"wp-block-heading\">\u00c2ge cible <\/h2>\n\n\n\n<p>De 15 mois \u00e0 6 ans.<\/p>\n<\/div>\n<\/div>\n\n\n\n<h2 class=\"wp-block-heading\">Descriptif de l&rsquo;outil<\/h2>\n\n\n\n<p>L\u2019<strong>Indice du D\u00e9veloppement de l\u2019Enfant (IDE)<\/strong> permet de <strong>reconna\u00eetre les difficult\u00e9s de d\u00e9veloppement<\/strong> de certains apprentissages chez les <strong>enfants de 15 mois \u00e0 6 ans<\/strong>.<\/p>\n\n\n\n<p>\ud83d\udccf Il fournit un <strong>\u00e2ge de d\u00e9veloppement<\/strong> pour les domaines suivants :<\/p>\n\n\n\n<ul class=\"wp-block-list\">\n<li>\ud83e\udd1d <strong>Socialisation<\/strong><\/li>\n\n\n\n<li>\ud83e\uddfa <strong>Autonomie<\/strong><\/li>\n\n\n\n<li>\ud83c\udfc3\u200d\u2642\ufe0f\ud83e\udde4 <strong>Motricit\u00e9 globale et motricit\u00e9 fine<\/strong><\/li>\n\n\n\n<li>\ud83d\udde3\ufe0f\ud83d\udc42 <strong>Langage expressif et r\u00e9ceptif<\/strong><\/li>\n\n\n\n<li>\ud83d\udd24\ud83d\udd22 <strong>Apprentissage des lettres et des nombres<\/strong><\/li>\n<\/ul>\n\n\n\n<div class=\"wp-block-columns is-layout-flex wp-container-core-columns-is-layout-9d6595d7 wp-block-columns-is-layout-flex\">\n<div class=\"wp-block-column is-layout-flow wp-block-column-is-layout-flow\">\n<h2 class=\"wp-block-heading\">Objectif(s) d&rsquo;utilisation<\/h2>\n\n\n\n<p>L\u2019<strong>IDE<\/strong> est un outil <strong>de type questionnaire<\/strong>, utilis\u00e9 principalement pour :<\/p>\n\n\n\n<ul class=\"wp-block-list\">\n<li>\ud83d\udd0d le <strong>d\u00e9pistage des troubles d\u00e9veloppementaux<\/strong><\/li>\n\n\n\n<li>\ud83e\udde9 <strong>guider les interventions \u00e9ducatives et th\u00e9rapeutiques<\/strong> n\u00e9cessaires<\/li>\n\n\n\n<li>\ud83e\ude7a \u00eatre un <strong>appui dans une d\u00e9marche diagnostique<\/strong>, en compl\u00e9ment d\u2019autres outils sp\u00e9cialis\u00e9s<\/li>\n<\/ul>\n<\/div>\n<\/div>\n\n\n\n<p>Des outils \u00e0 nous partager ?&nbsp;<a href=\"https:\/\/api-lux.be\/index.php\/contact\/\">Cliquez ici<\/a><\/p>\n","protected":false},"excerpt":{"rendered":"<p>\ud83d\udcca Outils d\u2019\u00e9valuations ou d\u2019observations Le test IDE permet d&rsquo;identifier l&rsquo;\u00e2ge de d\u00e9veloppement d&rsquo;un enfant.<\/p>\n","protected":false},"author":6,"featured_media":0,"comment_status":"closed","ping_status":"closed","sticky":false,"template":"","format":"standard","meta":{"iawp_total_views":17,"footnotes":""},"categories":[24,4,22,46,47,25,26],"tags":[],"class_list":["post-646","post","type-post","status-publish","format-standard","hentry","category-adaptation-des-apprentissages","category-besoins","category-besoins-cognitifs","category-fiches-outils","category-fiches-outils-pour-les-professionnels","category-materiel-specifique","category-outils-pedagogiques-pour-les-pro"],"_links":{"self":[{"href":"https:\/\/api-lux.be\/index.php\/wp-json\/wp\/v2\/posts\/646","targetHints":{"allow":["GET"]}}],"collection":[{"href":"https:\/\/api-lux.be\/index.php\/wp-json\/wp\/v2\/posts"}],"about":[{"href":"https:\/\/api-lux.be\/index.php\/wp-json\/wp\/v2\/types\/post"}],"author":[{"embeddable":true,"href":"https:\/\/api-lux.be\/index.php\/wp-json\/wp\/v2\/users\/6"}],"replies":[{"embeddable":true,"href":"https:\/\/api-lux.be\/index.php\/wp-json\/wp\/v2\/comments?post=646"}],"version-history":[{"count":13,"href":"https:\/\/api-lux.be\/index.php\/wp-json\/wp\/v2\/posts\/646\/revisions"}],"predecessor-version":[{"id":6264,"href":"https:\/\/api-lux.be\/index.php\/wp-json\/wp\/v2\/posts\/646\/revisions\/6264"}],"wp:attachment":[{"href":"https:\/\/api-lux.be\/index.php\/wp-json\/wp\/v2\/media?parent=646"}],"wp:term":[{"taxonomy":"category","embeddable":true,"href":"https:\/\/api-lux.be\/index.php\/wp-json\/wp\/v2\/categories?post=646"},{"taxonomy":"post_tag","embeddable":true,"href":"https:\/\/api-lux.be\/index.php\/wp-json\/wp\/v2\/tags?post=646"}],"curies":[{"name":"wp","href":"https:\/\/api.w.org\/{rel}","templated":true}]}}