{"id":644,"date":"2025-02-14T11:36:55","date_gmt":"2025-02-14T10:36:55","guid":{"rendered":"http:\/\/localhost\/mdi_w\/?p=644"},"modified":"2025-04-22T09:51:52","modified_gmt":"2025-04-22T07:51:52","slug":"echelles-dintelligence-de-wechsler","status":"publish","type":"post","link":"https:\/\/api-lux.be\/index.php\/2025\/02\/14\/echelles-dintelligence-de-wechsler\/","title":{"rendered":"Echelles d&rsquo;intelligence de WECHSLER"},"content":{"rendered":"\n<div class=\"wp-block-columns is-layout-flex wp-container-core-columns-is-layout-9d6595d7 wp-block-columns-is-layout-flex\">\n<div class=\"wp-block-column is-vertically-aligned-center is-layout-flow wp-block-column-is-layout-flow\"><div class=\"wp-block-image\">\n<figure class=\"aligncenter size-large\"><img loading=\"lazy\" decoding=\"async\" width=\"1024\" height=\"736\" src=\"https:\/\/api-lux.be\/wp-content\/uploads\/2025\/02\/pexels-xespri-724994-1-1024x736.jpg\" alt=\"\" class=\"wp-image-1236\" srcset=\"https:\/\/api-lux.be\/wp-content\/uploads\/2025\/02\/pexels-xespri-724994-1-1024x736.jpg 1024w, https:\/\/api-lux.be\/wp-content\/uploads\/2025\/02\/pexels-xespri-724994-1-300x216.jpg 300w, https:\/\/api-lux.be\/wp-content\/uploads\/2025\/02\/pexels-xespri-724994-1-768x552.jpg 768w, https:\/\/api-lux.be\/wp-content\/uploads\/2025\/02\/pexels-xespri-724994-1-1536x1104.jpg 1536w, https:\/\/api-lux.be\/wp-content\/uploads\/2025\/02\/pexels-xespri-724994-1-2048x1471.jpg 2048w\" sizes=\"auto, (max-width: 1024px) 100vw, 1024px\" \/><\/figure>\n<\/div><\/div>\n\n\n\n<div class=\"wp-block-column is-layout-flow wp-block-column-is-layout-flow\">\n<p>\ud83d\udcca <strong>Outils d\u2019\u00e9valuations ou d\u2019observations<\/strong> &#8211; Permet aux professionnels d&rsquo;\u00e9valuer l&rsquo;intelligence humaine sous divers aspects. <br>Elles s\u2019appuient sur une vision dynamique et multidimensionnelle de l\u2019intelligence, allant au-del\u00e0 du simple score de QI pour offrir une compr\u00e9hension nuanc\u00e9e des capacit\u00e9s cognitives.<\/p>\n\n\n\n<!--more-->\n\n\n\n<h2 class=\"wp-block-heading\">\u00c2ge cible<\/h2>\n\n\n\n<p>\u00c0 partir de 2 ans et demi, mais cela d\u00e9pend de l&rsquo;\u00e9chelle choisie.<\/p>\n<\/div>\n<\/div>\n\n\n\n<h2 class=\"wp-block-heading\">Descriptif de l&rsquo;outil<\/h2>\n\n\n\n<p>Une s\u00e9rie de <strong>tests standardis\u00e9s<\/strong> utilis\u00e9s pour \u00e9valuer les <strong>capacit\u00e9s intellectuelles g\u00e9n\u00e9rales<\/strong> d\u2019une personne.<\/p>\n\n\n\n<p>\ud83e\uddfe Cette batterie de tests est devenue une <strong>r\u00e9f\u00e9rence<\/strong> incontournable dans le domaine de l\u2019\u00e9valuation cognitive.<\/p>\n\n\n\n<p>\ud83e\udde9 Les \u00e9chelles sont <strong>adapt\u00e9es selon l\u2019\u00e2ge<\/strong> et le profil du public \u00e9valu\u00e9 :<\/p>\n\n\n\n<ul class=\"wp-block-list\">\n<li>\ud83e\uddcf\u200d\u2642\ufe0f\ud83d\uddef <strong>WNV<\/strong> (<em>Wechsler Non Verbal<\/em>) : pour les enfants <strong>non oralisants en fran\u00e7ais<\/strong>, de <strong>4 \u00e0 21 ans<\/strong><\/li>\n\n\n\n<li>\ud83d\udc76 <strong>WPPSI<\/strong> (<em>Wechsler Preschool and Primary Scale of Intelligence<\/em>) : pour les enfants de <strong>2,5 \u00e0 7 ans<\/strong><\/li>\n\n\n\n<li>\ud83d\udc67\ud83e\uddd2 <strong>WISC<\/strong> (<em>Wechsler Intelligence Scale for Children<\/em>) : pour les enfants de <strong>6 \u00e0 16 ans<\/strong><\/li>\n\n\n\n<li>\ud83e\uddd1\ud83d\udc68\u200d\ud83e\uddb3 <strong>WAIS<\/strong> (<em>Wechsler Adult Intelligence Scale<\/em>) : pour les <strong>adultes \u00e0 partir de 16 ans<\/strong><\/li>\n<\/ul>\n\n\n\n<p>\ud83e\uddf1 Chaque test est structur\u00e9 autour de <strong>plusieurs indices cognitifs majeurs<\/strong> :<\/p>\n\n\n\n<ul class=\"wp-block-list\">\n<li>\u26a1 <strong>Vitesse de traitement<\/strong> : rapidit\u00e9 dans les t\u00e2ches visuelles et motrices (papier-crayon)<\/li>\n\n\n\n<li>\ud83d\udde3 <strong>Indice verbal<\/strong> : compr\u00e9hension et expression verbale<\/li>\n\n\n\n<li>\ud83e\udde9 <strong>Indice visuo-spatial<\/strong> : perception et raisonnement dans l\u2019espace<\/li>\n\n\n\n<li>\ud83d\udd0d <strong>Indice de raisonnement fluide<\/strong> : logique et r\u00e9solution de probl\u00e8mes sans langage<\/li>\n\n\n\n<li>\ud83e\uddee <strong>M\u00e9moire de travail<\/strong> : gestion mentale des informations \u00e0 court terme<\/li>\n<\/ul>\n\n\n\n<p>\ud83d\udcca <strong>R\u00e9sultats<\/strong><\/p>\n\n\n\n<p>Les r\u00e9sultats sont exprim\u00e9s en <strong>QI (Quotient Intellectuel)<\/strong> avec une <strong>moyenne de 100<\/strong> et un <strong>\u00e9cart-type de 15<\/strong>. Cela permet de <strong>situer l\u2019individu par rapport \u00e0 une population de r\u00e9f\u00e9rence<\/strong> et d&rsquo;identifier ses forces et faiblesses cognitives.<\/p>\n\n\n\n<div class=\"wp-block-columns is-layout-flex wp-container-core-columns-is-layout-9d6595d7 wp-block-columns-is-layout-flex\">\n<div class=\"wp-block-column is-layout-flow wp-block-column-is-layout-flow\">\n<h2 class=\"wp-block-heading\">Objectif(s) d&rsquo;utilisation<\/h2>\n\n\n\n<p>Ces \u00e9chelles permettent une <strong>\u00e9valuation des capacit\u00e9s intellectuelles<\/strong>. <br>Les r\u00e9sultats sont utilis\u00e9s dans :<\/p>\n\n\n\n<ul class=\"wp-block-list\">\n<li>\ud83d\udc69\u200d\u2695\ufe0f un cadre <strong>diagnostique<\/strong><\/li>\n\n\n\n<li>\ud83d\uddc2\ufe0f certaines <strong>d\u00e9marches administratives<\/strong> aupr\u00e8s des mutuelles<\/li>\n\n\n\n<li>\ud83e\uddd1\u200d\ud83c\udfeb l\u2019<strong>orientation scolaire ou professionnelle<\/strong><\/li>\n\n\n\n<li>\ud83d\udd01 le <strong>suivi de l\u2019\u00e9volution<\/strong> cognitive dans le temps<\/li>\n<\/ul>\n\n\n\n<p>Ces \u00e9valuations peuvent \u00e9galement fournir des <strong>informations utiles pour adapter les interventions<\/strong> futures.<\/p>\n\n\n\n<p>\ud83d\udcdd <strong>Les objectifs vis\u00e9s sont les suivants<\/strong> :<\/p>\n\n\n\n<ul class=\"wp-block-list\">\n<li>\ud83d\udccc <strong>\u00c9valuation globale des capacit\u00e9s intellectuelles<\/strong> : les tests mesurent l\u2019<strong>intelligence g\u00e9n\u00e9rale<\/strong> et fournissent un <strong>aper\u00e7u des forces et faiblesses cognitives<\/strong> de l\u2019individu<\/li>\n\n\n\n<li>\ud83d\udd2c <strong>Diagnostic clinique<\/strong> : les tests sont utilis\u00e9s en <strong>soutien dans les \u00e9valuations diagnostiques<\/strong>, notamment de <strong>d\u00e9ficience intellectuelle<\/strong>, mais aussi pour d&rsquo;autres troubles<\/li>\n\n\n\n<li>\ud83e\udde0 <strong>Poser un diagnostic diff\u00e9rentiel<\/strong> : dans des contextes <strong>psychiatriques ou neurologiques<\/strong> (ex : troubles de l\u2019apprentissage, autisme, l\u00e9sions c\u00e9r\u00e9brales)<\/li>\n\n\n\n<li>\ud83e\udded <strong>Aide \u00e0 l\u2019orientation<\/strong> : adapter les <strong>strat\u00e9gies \u00e9ducatives<\/strong> pour les enfants en difficult\u00e9 ou en avance sur leur niveau scolaire<\/li>\n\n\n\n<li>\ud83d\udcbc <strong>Guider des d\u00e9cisions concernant l\u2019insertion professionnelle<\/strong> pour les adultes<\/li>\n\n\n\n<li>\ud83e\uddea <strong>Suivi et intervention<\/strong> : \u00e9valuer l\u2019<strong>efficacit\u00e9 des interventions th\u00e9rapeutiques ou \u00e9ducatives<\/strong> en comparant les performances \u00e0 diff\u00e9rents moments<\/li>\n\n\n\n<li>\ud83d\uddc3 <strong>Administratif<\/strong> : les tests proposent un <strong>chiffre de QI<\/strong> qui peut \u00eatre <strong>demand\u00e9 par la mutuelle ou le SPF<\/strong> lors de certaines d\u00e9marches administratives (ex : \ud83d\udcac remboursements de <strong>s\u00e9ances de logop\u00e9die<\/strong>, ou pour des <strong>allocations familiales major\u00e9es<\/strong>)<\/li>\n<\/ul>\n<\/div>\n<\/div>\n\n\n\n<div class=\"wp-block-columns is-layout-flex wp-container-core-columns-is-layout-9d6595d7 wp-block-columns-is-layout-flex\">\n<div class=\"wp-block-column is-layout-flow wp-block-column-is-layout-flow\">\n<p>Des outils \u00e0 nous partager ?&nbsp;<a href=\"https:\/\/api-lux.be\/index.php\/contact\/\">Cliquez ici<\/a><\/p>\n<\/div>\n<\/div>\n","protected":false},"excerpt":{"rendered":"<p>\ud83d\udcca Outils d\u2019\u00e9valuations ou d\u2019observations &#8211; Permet aux professionnels d&rsquo;\u00e9valuer l&rsquo;intelligence humaine sous divers aspects. Elles s\u2019appuient sur une vision dynamique et multidimensionnelle de l\u2019intelligence, allant au-del\u00e0 du simple score [&hellip;]<\/p>\n","protected":false},"author":6,"featured_media":0,"comment_status":"closed","ping_status":"closed","sticky":false,"template":"","format":"standard","meta":{"iawp_total_views":68,"footnotes":""},"categories":[24,4,22,47,25,26],"tags":[],"class_list":["post-644","post","type-post","status-publish","format-standard","hentry","category-adaptation-des-apprentissages","category-besoins","category-besoins-cognitifs","category-fiches-outils-pour-les-professionnels","category-materiel-specifique","category-outils-pedagogiques-pour-les-pro"],"_links":{"self":[{"href":"https:\/\/api-lux.be\/index.php\/wp-json\/wp\/v2\/posts\/644","targetHints":{"allow":["GET"]}}],"collection":[{"href":"https:\/\/api-lux.be\/index.php\/wp-json\/wp\/v2\/posts"}],"about":[{"href":"https:\/\/api-lux.be\/index.php\/wp-json\/wp\/v2\/types\/post"}],"author":[{"embeddable":true,"href":"https:\/\/api-lux.be\/index.php\/wp-json\/wp\/v2\/users\/6"}],"replies":[{"embeddable":true,"href":"https:\/\/api-lux.be\/index.php\/wp-json\/wp\/v2\/comments?post=644"}],"version-history":[{"count":12,"href":"https:\/\/api-lux.be\/index.php\/wp-json\/wp\/v2\/posts\/644\/revisions"}],"predecessor-version":[{"id":5251,"href":"https:\/\/api-lux.be\/index.php\/wp-json\/wp\/v2\/posts\/644\/revisions\/5251"}],"wp:attachment":[{"href":"https:\/\/api-lux.be\/index.php\/wp-json\/wp\/v2\/media?parent=644"}],"wp:term":[{"taxonomy":"category","embeddable":true,"href":"https:\/\/api-lux.be\/index.php\/wp-json\/wp\/v2\/categories?post=644"},{"taxonomy":"post_tag","embeddable":true,"href":"https:\/\/api-lux.be\/index.php\/wp-json\/wp\/v2\/tags?post=644"}],"curies":[{"name":"wp","href":"https:\/\/api.w.org\/{rel}","templated":true}]}}