{"id":643,"date":"2025-02-14T11:36:55","date_gmt":"2025-02-14T10:36:55","guid":{"rendered":"http:\/\/localhost\/mdi_w\/?p=643"},"modified":"2025-07-01T14:56:31","modified_gmt":"2025-07-01T12:56:31","slug":"questionnaire-scq-questionnaire-de-communication-sociale","status":"publish","type":"post","link":"https:\/\/api-lux.be\/index.php\/2025\/02\/14\/questionnaire-scq-questionnaire-de-communication-sociale\/","title":{"rendered":"Questionnaire SCQ :  communication sociale"},"content":{"rendered":"\n<div class=\"wp-block-columns is-layout-flex wp-container-core-columns-is-layout-9d6595d7 wp-block-columns-is-layout-flex\">\n<div class=\"wp-block-column is-vertically-aligned-center is-layout-flow wp-block-column-is-layout-flow\"><div class=\"wp-block-image\">\n<figure class=\"aligncenter size-full\"><img decoding=\"async\" src=\"https:\/\/api-lux.be\/wp-content\/uploads\/2025\/02\/questionnaire.jpg\" alt=\" \" class=\"wp-image-202\"\/><\/figure>\n<\/div><\/div>\n\n\n\n<div class=\"wp-block-column is-layout-flow wp-block-column-is-layout-flow\">\n<p>\ud83d\udcca <strong>Outils d\u2019\u00e9valuations ou d\u2019observations<\/strong> &#8211; Questionnaire essentiel et facile pour le d\u00e9pistage des troubles du spectre de l&rsquo;autisme (TSA) chez les enfants et adolescents d\u00e8s l&rsquo;\u00e2ge de 4 ans.<\/p>\n\n\n\n<!--more-->\n\n\n\n<h2 class=\"wp-block-heading\">\u00c2ge cible<\/h2>\n\n\n\n<p>\u00c0 partir de 4 ans.<\/p>\n<\/div>\n<\/div>\n\n\n\n<h2 class=\"wp-block-heading\">Descriptif de l&rsquo;outil<\/h2>\n\n\n\n<p>Le <strong>SCQ<\/strong> est utilis\u00e9 pour rep\u00e9rer les <strong>comportements fr\u00e9quemment associ\u00e9s au TSA<\/strong>, dans trois domaines cl\u00e9s :<\/p>\n\n\n\n<ul class=\"wp-block-list\">\n<li>la <strong>communication \ud83d\udde3\ufe0f<\/strong>,<\/li>\n\n\n\n<li>les <strong>relations sociales \ud83e\udd1d<\/strong>,<\/li>\n\n\n\n<li>les <strong>comportements r\u00e9p\u00e9titifs, st\u00e9r\u00e9otyp\u00e9s et restreints \ud83d\udd04<\/strong>.<\/li>\n<\/ul>\n\n\n\n<p>Cet outil permet d\u2019obtenir une <strong>premi\u00e8re lecture des signes fr\u00e9quents<\/strong> du spectre autistique.<br>\u26a0\ufe0f <strong>Il est essentiel de discuter des r\u00e9sultats avec les professionnels accompagnant l\u2019enfant<\/strong>, notamment le <strong>p\u00e9diatre<\/strong> ou le <strong>m\u00e9decin traitant<\/strong>.<\/p>\n\n\n\n<div class=\"wp-block-columns is-layout-flex wp-container-core-columns-is-layout-9d6595d7 wp-block-columns-is-layout-flex\">\n<div class=\"wp-block-column is-layout-flow wp-block-column-is-layout-flow\">\n<h2 class=\"wp-block-heading\">Objectif(s) d&rsquo;utilisation<\/h2>\n\n\n\n<p>\ud83d\udca1 D\u00e9pister et \u00e9valuer les signes du <strong>TSA<\/strong>, dans une perspective :<\/p>\n\n\n\n<ul class=\"wp-block-list\">\n<li>d\u2019<strong>orientation vers un centre de diagnostic sp\u00e9cialis\u00e9 \ud83c\udfe5<\/strong>,<\/li>\n\n\n\n<li>ou d\u2019<strong>\u00e9valuation de l\u2019intensit\u00e9 des sympt\u00f4mes actuels \ud83c\udf21\ufe0f<\/strong>.<\/li>\n<\/ul>\n\n\n\n<p>Cet outil est particuli\u00e8rement utile pour :<br>\u2714\ufe0f <strong>Pr\u00e9parer une \u00e9valuation diagnostique approfondie \ud83d\udd0d<\/strong><br>\u2714\ufe0f <strong>Explorer les comportements actuels ainsi que ceux pr\u00e9sents tout au long du d\u00e9veloppement de l\u2019enfant \ud83d\udcc8<\/strong><\/p>\n<\/div>\n\n\n\n<div class=\"wp-block-column is-layout-flow wp-block-column-is-layout-flow\">\n<h2 class=\"wp-block-heading\">Liens utiles<\/h2>\n\n\n\n<p><strong>\ud83d\udecd\ufe0f SITE DE VENTE EN LIGNE<\/strong> <a href=\"https:\/\/www.hogrefe.com\/fr\/shop\/questionnaire-de-communication-sociale-pour-le-depistage-des-troubles-du-spectre-autistique.html\" data-type=\"link\" data-id=\"https:\/\/www.hogrefe.com\/fr\/shop\/questionnaire-de-communication-sociale-pour-le-depistage-des-troubles-du-spectre-autistique.html\"><\/a><a href=\"https:\/\/www.hogrefe.com\/fr\/shop\/questionnaire-de-communication-sociale-pour-le-depistage-des-troubles-du-spectre-autistique.html\" target=\"_blank\" rel=\"noreferrer noopener\">SCQ \u2013 Questionnaire de Communication Sociale pour le d\u00e9pistage des Troubles du Spectre Autistique<\/a> \u2013 \u00c9ditions Hogrefe.<br>Page de pr\u00e9sentation et de commande du SCQ, un outil de d\u00e9pistage des troubles du spectre autistique destin\u00e9 aux professionnels.\u200b<\/p>\n\n\n\n<p><br><em>Les liens vers les sites propos\u00e9s sont fournis \u00e0 titre indicatif et ne constituent en aucun cas une recommandation publicitaire. De nombreux mat\u00e9riaux et \u00e9quipements similaires peuvent \u00eatre trouv\u00e9s dans les magasins de proximit\u00e9 et les enseignes discount.<\/em><\/p>\n<\/div>\n<\/div>\n\n\n\n<p>Des outils \u00e0 nous partager ?&nbsp;<a href=\"https:\/\/api-lux.be\/index.php\/contact\/\">Cliquez ici<\/a><\/p>\n","protected":false},"excerpt":{"rendered":"<p>\ud83d\udcca Outils d\u2019\u00e9valuations ou d\u2019observations &#8211; Questionnaire essentiel et facile pour le d\u00e9pistage des troubles du spectre de l&rsquo;autisme (TSA) chez les enfants et adolescents d\u00e8s l&rsquo;\u00e2ge de 4 ans.<\/p>\n","protected":false},"author":6,"featured_media":0,"comment_status":"closed","ping_status":"closed","sticky":false,"template":"","format":"standard","meta":{"iawp_total_views":219,"footnotes":""},"categories":[4,22,23,46,47,25,26],"tags":[],"class_list":["post-643","post","type-post","status-publish","format-standard","hentry","category-besoins","category-besoins-cognitifs","category-communication","category-fiches-outils","category-fiches-outils-pour-les-professionnels","category-materiel-specifique","category-outils-pedagogiques-pour-les-pro"],"_links":{"self":[{"href":"https:\/\/api-lux.be\/index.php\/wp-json\/wp\/v2\/posts\/643","targetHints":{"allow":["GET"]}}],"collection":[{"href":"https:\/\/api-lux.be\/index.php\/wp-json\/wp\/v2\/posts"}],"about":[{"href":"https:\/\/api-lux.be\/index.php\/wp-json\/wp\/v2\/types\/post"}],"author":[{"embeddable":true,"href":"https:\/\/api-lux.be\/index.php\/wp-json\/wp\/v2\/users\/6"}],"replies":[{"embeddable":true,"href":"https:\/\/api-lux.be\/index.php\/wp-json\/wp\/v2\/comments?post=643"}],"version-history":[{"count":18,"href":"https:\/\/api-lux.be\/index.php\/wp-json\/wp\/v2\/posts\/643\/revisions"}],"predecessor-version":[{"id":7810,"href":"https:\/\/api-lux.be\/index.php\/wp-json\/wp\/v2\/posts\/643\/revisions\/7810"}],"wp:attachment":[{"href":"https:\/\/api-lux.be\/index.php\/wp-json\/wp\/v2\/media?parent=643"}],"wp:term":[{"taxonomy":"category","embeddable":true,"href":"https:\/\/api-lux.be\/index.php\/wp-json\/wp\/v2\/categories?post=643"},{"taxonomy":"post_tag","embeddable":true,"href":"https:\/\/api-lux.be\/index.php\/wp-json\/wp\/v2\/tags?post=643"}],"curies":[{"name":"wp","href":"https:\/\/api.w.org\/{rel}","templated":true}]}}