{"id":642,"date":"2025-02-14T11:36:55","date_gmt":"2025-02-14T10:36:55","guid":{"rendered":"http:\/\/localhost\/mdi_w\/?p=642"},"modified":"2025-07-01T14:56:16","modified_gmt":"2025-07-01T12:56:16","slug":"solem","status":"publish","type":"post","link":"https:\/\/api-lux.be\/index.php\/2025\/02\/14\/solem\/","title":{"rendered":"SOLEM : Soutenir et Observer le Langage et la communication des Enfants en classe de 2\u00e8me maternelle"},"content":{"rendered":"\n<div class=\"wp-block-columns is-layout-flex wp-container-core-columns-is-layout-9d6595d7 wp-block-columns-is-layout-flex\">\n<div class=\"wp-block-column is-vertically-aligned-center is-layout-flow wp-block-column-is-layout-flow\"><div class=\"wp-block-image\">\n<figure class=\"aligncenter size-full\"><img decoding=\"async\" src=\"https:\/\/api-lux.be\/wp-content\/uploads\/2025\/02\/solem.jpg\" alt=\" \" class=\"wp-image-202\"\/><\/figure>\n<\/div><\/div>\n\n\n\n<div class=\"wp-block-column is-layout-flow wp-block-column-is-layout-flow\">\n<p>\ud83d\udcca <strong>Outils d\u2019\u00e9valuations ou d\u2019observations<\/strong> &#8211; <br>Outil p\u00e9dagogique con\u00e7u pour Soutenir et Observer le Langage et la communication des Enfants en classe de 2\u00e8me Maternelle, en aidant les enseignants \u00e0 suivre et encourager le d\u00e9veloppement des comp\u00e9tences langagi\u00e8res.<\/p>\n\n\n\n<!--more-->\n\n\n\n<h2 class=\"wp-block-heading\">\u00c2ge cible<\/h2>\n\n\n\n<p>De 4 \u00e0 5 ans, ou niveau 2\u00e8me maternelle<\/p>\n<\/div>\n<\/div>\n\n\n\n<h2 class=\"wp-block-heading\">Descriptif de l&rsquo;outil<\/h2>\n\n\n\n<p>\ud83d\udc69\u200d\ud83c\udfeb <strong>SOLEM<\/strong> est un outil con\u00e7u pour accompagner les enseignants de maternelle dans <strong>l&rsquo;observation et le d\u00e9veloppement des comp\u00e9tences langagi\u00e8res<\/strong> des jeunes enfants.<\/p>\n\n\n\n<p>\ud83c\udfb2 Gr\u00e2ce \u00e0 des <strong>activit\u00e9s adapt\u00e9es<\/strong> et des <strong>outils d\u2019observation<\/strong>, <strong>SOLEM<\/strong> permet :<\/p>\n\n\n\n<ul class=\"wp-block-list\">\n<li>\ud83d\udd0d <strong>D\u2019identifier les besoins sp\u00e9cifiques<\/strong> de chaque enfant.<\/li>\n\n\n\n<li>\ud83d\udde3\ufe0f <strong>D&rsquo;encourager le d\u00e9veloppement du langage<\/strong> dans un cadre <strong>ludique<\/strong> et <strong>bienveillant<\/strong>.<\/li>\n\n\n\n<li>\ud83d\udcca <strong>De suivre l&rsquo;\u00e9volution<\/strong> des comp\u00e9tences de communication.<\/li>\n<\/ul>\n\n\n\n<div class=\"wp-block-columns is-layout-flex wp-container-core-columns-is-layout-9d6595d7 wp-block-columns-is-layout-flex\">\n<div class=\"wp-block-column is-layout-flow wp-block-column-is-layout-flow\">\n<h2 class=\"wp-block-heading\">Objectif(s) d&rsquo;utilisation<\/h2>\n\n\n\n<p>\ud83d\udde3\ufe0f<strong> Encourager l&rsquo;expression orale<\/strong> \u00e0 travers des activit\u00e9s stimulantes.<\/p>\n\n\n\n<p>\ud83d\udd0d <strong>Observer et analyser les progr\u00e8s<\/strong> des enfants en langage et communication.<\/p>\n\n\n\n<p>\ud83c\udfaf <strong>Rep\u00e9rer les besoins sp\u00e9cifiques<\/strong> pour un accompagnement adapt\u00e9.<\/p>\n\n\n\n<p>\ud83c\udf31 <strong>Cr\u00e9er un environnement bienveillant<\/strong> qui favorise l\u2019\u00e9panouissement linguistique.<\/p>\n<\/div>\n\n\n\n<div class=\"wp-block-column is-layout-flow wp-block-column-is-layout-flow\">\n<h2 class=\"wp-block-heading\">Liens utiles<\/h2>\n\n\n\n<p><strong>\ud83d\udcf0 ARTICLE<\/strong> <a href=\"https:\/\/www.wbe.be\/ressources\/ressources-pedagogiques\/solem-un-dispositif-de-soutien-au-langage-des-la-maternelle\/\" data-type=\"link\" data-id=\"https:\/\/www.wbe.be\/ressources\/ressources-pedagogiques\/solem-un-dispositif-de-soutien-au-langage-des-la-maternelle\/\"><\/a><a href=\"https:\/\/www.wbe.be\/ressources\/ressources-pedagogiques\/solem-un-dispositif-de-soutien-au-langage-des-la-maternelle\/\" target=\"_blank\" rel=\"noreferrer noopener\">Solem \u2013 Un dispositif de soutien au langage d\u00e8s la maternelle<\/a> \u2013 Wallonie-Bruxelles Enseignement (WBE).<br>Pr\u00e9sentation d\u2019un dispositif d\u00e9velopp\u00e9 en collaboration avec l\u2019Universit\u00e9 de Li\u00e8ge, disponible sur le site officiel de WBE.<\/p>\n<\/div>\n<\/div>\n\n\n\n<p>Des outils \u00e0 nous partager ?&nbsp;<a href=\"https:\/\/api-lux.be\/index.php\/contact\/\">Cliquez ici<\/a><\/p>\n","protected":false},"excerpt":{"rendered":"<p>\ud83d\udcca Outils d\u2019\u00e9valuations ou d\u2019observations &#8211; Outil p\u00e9dagogique con\u00e7u pour Soutenir et Observer le Langage et la communication des Enfants en classe de 2\u00e8me Maternelle, en aidant les enseignants \u00e0 [&hellip;]<\/p>\n","protected":false},"author":6,"featured_media":0,"comment_status":"closed","ping_status":"closed","sticky":false,"template":"","format":"standard","meta":{"iawp_total_views":107,"footnotes":""},"categories":[24,4,22,23,46,47,25,26],"tags":[],"class_list":["post-642","post","type-post","status-publish","format-standard","hentry","category-adaptation-des-apprentissages","category-besoins","category-besoins-cognitifs","category-communication","category-fiches-outils","category-fiches-outils-pour-les-professionnels","category-materiel-specifique","category-outils-pedagogiques-pour-les-pro"],"_links":{"self":[{"href":"https:\/\/api-lux.be\/index.php\/wp-json\/wp\/v2\/posts\/642","targetHints":{"allow":["GET"]}}],"collection":[{"href":"https:\/\/api-lux.be\/index.php\/wp-json\/wp\/v2\/posts"}],"about":[{"href":"https:\/\/api-lux.be\/index.php\/wp-json\/wp\/v2\/types\/post"}],"author":[{"embeddable":true,"href":"https:\/\/api-lux.be\/index.php\/wp-json\/wp\/v2\/users\/6"}],"replies":[{"embeddable":true,"href":"https:\/\/api-lux.be\/index.php\/wp-json\/wp\/v2\/comments?post=642"}],"version-history":[{"count":14,"href":"https:\/\/api-lux.be\/index.php\/wp-json\/wp\/v2\/posts\/642\/revisions"}],"predecessor-version":[{"id":7809,"href":"https:\/\/api-lux.be\/index.php\/wp-json\/wp\/v2\/posts\/642\/revisions\/7809"}],"wp:attachment":[{"href":"https:\/\/api-lux.be\/index.php\/wp-json\/wp\/v2\/media?parent=642"}],"wp:term":[{"taxonomy":"category","embeddable":true,"href":"https:\/\/api-lux.be\/index.php\/wp-json\/wp\/v2\/categories?post=642"},{"taxonomy":"post_tag","embeddable":true,"href":"https:\/\/api-lux.be\/index.php\/wp-json\/wp\/v2\/tags?post=642"}],"curies":[{"name":"wp","href":"https:\/\/api.w.org\/{rel}","templated":true}]}}