{"id":641,"date":"2025-02-14T11:36:55","date_gmt":"2025-02-14T10:36:55","guid":{"rendered":"http:\/\/localhost\/mdi_w\/?p=641"},"modified":"2025-07-01T14:55:59","modified_gmt":"2025-07-01T12:55:59","slug":"steinhauert-revisite","status":"publish","type":"post","link":"https:\/\/api-lux.be\/index.php\/2025\/02\/14\/steinhauert-revisite\/","title":{"rendered":"Guide de STEINHAUERT revisit\u00e9"},"content":{"rendered":"\n<div class=\"wp-block-columns is-layout-flex wp-container-core-columns-is-layout-9d6595d7 wp-block-columns-is-layout-flex\">\n<div class=\"wp-block-column is-vertically-aligned-center is-layout-flow wp-block-column-is-layout-flow\"><div class=\"wp-block-image\">\n<figure class=\"aligncenter size-full\"><img decoding=\"async\" src=\"https:\/\/api-lux.be\/wp-content\/uploads\/2025\/02\/guide__steinhauert.jpg\" alt=\" \" class=\"wp-image-202\"\/><\/figure>\n<\/div><\/div>\n\n\n\n<div class=\"wp-block-column is-layout-flow wp-block-column-is-layout-flow\">\n<p>\ud83d\udcca <strong>Outils d\u2019\u00e9valuations ou d\u2019observations<\/strong> &#8211; Guide d&rsquo;\u00e9valuation des capacit\u00e9s parentales pour soutenir le d\u00e9veloppement des jeunes enfants.<\/p>\n\n\n\n<!--more-->\n\n\n\n<h2 class=\"wp-block-heading\">\u00c2ge cible<\/h2>\n\n\n\n<p>De 0 \u00e0 5 ans.<\/p>\n<\/div>\n<\/div>\n\n\n\n<h2 class=\"wp-block-heading\">Descriptif de l&rsquo;outil<\/h2>\n\n\n\n<p>Le <strong>Guide de Stenhauert revisit\u00e9<\/strong> est un outil con\u00e7u pour aider les intervenants \u00e0 <strong>\u00e9valuer<\/strong> de mani\u00e8re rigoureuse l&rsquo;\u00e9tat de mobilisation des parents et leur capacit\u00e9 \u00e0 <strong>r\u00e9pondre aux besoins de leurs enfants<\/strong>.<\/p>\n\n\n\n<p>\ud83e\udde9 Bas\u00e9 sur la <strong>th\u00e9orie de l&rsquo;attachement<\/strong>, ce guide structur\u00e9 permet aux \u00e9valuateurs de <strong>collecter et analyser<\/strong> des donn\u00e9es concernant :<\/p>\n\n\n\n<ul class=\"wp-block-list\">\n<li>\ud83d\udccc <strong>Le contexte sociofamilial<\/strong><\/li>\n\n\n\n<li>\ud83d\udc68\u200d\ud83d\udc69\u200d\ud83d\udc66 <strong>Le d\u00e9veloppement de l&rsquo;enfant<\/strong><\/li>\n\n\n\n<li>\ud83c\udfe1 <strong>Les comp\u00e9tences parentales<\/strong><\/li>\n\n\n\n<li>\u26a0\ufe0f <strong>Les dimensions \u00e0 risque<\/strong> et les <strong>besoins d&rsquo;\u00e9valuations compl\u00e9mentaires<\/strong><\/li>\n<\/ul>\n\n\n\n<p>\ud83d\udce2 Il favorise \u00e9galement le d\u00e9veloppement d&rsquo;un <strong>langage commun<\/strong> entre les intervenants, am\u00e9liorant ainsi la <strong>coordination<\/strong> et l\u2019<strong>efficacit\u00e9 des interventions<\/strong>.<\/p>\n\n\n\n<p>\ud83d\udccc Disponible aupr\u00e8s des <strong>\u00e9diteurs sp\u00e9cialis\u00e9s<\/strong> en mat\u00e9riel \u00e9ducatif et sur des <strong>plateformes en ligne<\/strong> d\u00e9di\u00e9es \u00e0 l\u2019intervention sociale et \u00e9ducative.<\/p>\n\n\n\n<div class=\"wp-block-columns is-layout-flex wp-container-core-columns-is-layout-9d6595d7 wp-block-columns-is-layout-flex\">\n<div class=\"wp-block-column is-layout-flow wp-block-column-is-layout-flow\">\n<h2 class=\"wp-block-heading\">Objectif(s) d&rsquo;utilisation<\/h2>\n\n\n\n<p>\ud83c\udfaf <strong>\u00c9valuer<\/strong> :<\/p>\n\n\n\n<ul class=\"wp-block-list\">\n<li>Les capacit\u00e9s parentales et leur impact sur le d\u00e9veloppement de l&rsquo;enfant.<\/li>\n\n\n\n<li>Les liens d\u2019attachement et la dynamique familiale.<\/li>\n\n\n\n<li>Les forces et pr\u00e9occupations majeures et mineures chez les parents.<\/li>\n<\/ul>\n\n\n\n<p>\ud83d\udee0 <strong>Structurer<\/strong> :<\/p>\n\n\n\n<ul class=\"wp-block-list\">\n<li>Permet de maintenir une <strong>objectivit\u00e9<\/strong> dans l&rsquo;\u00e9valuation.<\/li>\n\n\n\n<li>Fournit une <strong>grille de lecture coh\u00e9rente<\/strong> pour analyser les donn\u00e9es collect\u00e9es.<\/li>\n<\/ul>\n\n\n\n<p>\ud83e\udd1d <strong>Am\u00e9liorer la communication et l\u2019intervention<\/strong> <\/p>\n\n\n\n<ul class=\"wp-block-list\">\n<li>Favoriser une <strong>intervention concert\u00e9e et ajust\u00e9e<\/strong> aux besoins de chaque famille.<\/li>\n\n\n\n<li>Cr\u00e9er un <strong>r\u00e9f\u00e9rentiel commun<\/strong> entre les professionnels.<\/li>\n<\/ul>\n<\/div>\n\n\n\n<div class=\"wp-block-column is-layout-flow wp-block-column-is-layout-flow\">\n<h2 class=\"wp-block-heading\">Variantes &#8211; am\u00e9nagements<\/h2>\n\n\n\n<p>\ud83d\udccd <strong>En \u00e9valuation pr\u00e9coce<\/strong> : utiliser le guide d\u00e8s les premi\u00e8res visites \u00e0 domicile pour \u00e9valuer les capacit\u00e9s parentales.<\/p>\n\n\n\n<p>\ud83d\udccd <strong>En suivi r\u00e9gulier<\/strong> : appliquer le guide de mani\u00e8re continue pour suivre l\u2019\u00e9volution des capacit\u00e9s parentales.<\/p>\n\n\n\n<h2 class=\"wp-block-heading\">Liens utiles<\/h2>\n\n\n\n<p><strong>\ud83d\udcc4 DOCUMENT PDF<\/strong> &#8211; Guide: <a href=\"http:\/\/www.santecom.qc.ca\/Bibliothequevirtuelle\/santecom\/35567000065695.pdf\" data-type=\"link\" data-id=\"http:\/\/www.santecom.qc.ca\/Bibliothequevirtuelle\/santecom\/35567000065695.pdf\"><\/a><a href=\"http:\/\/www.santecom.qc.ca\/Bibliothequevirtuelle\/santecom\/35567000065695.pdf\" target=\"_blank\" rel=\"noreferrer noopener\">Guide d\u2019\u00e9valuation des capacit\u00e9s parentales \u2013 Centre jeunesse de Montr\u00e9al (2e \u00e9d.)<\/a><br>Ce guide, adapt\u00e9 du mod\u00e8le de Steinhauer, est con\u00e7u pour \u00e9valuer les capacit\u00e9s parentales des familles ayant des enfants de 0 \u00e0 5 ans. Il propose une approche structur\u00e9e pour soutenir les professionnels dans leurs interventions aupr\u00e8s des familles.<\/p>\n\n\n\n<p><strong>\ud83d\udcc4 DOCUMENT PDF<\/strong> &#8211; Guide: <a href=\"https:\/\/educationspecialisee.ca\/wp-content\/uploads\/2018\/02\/Guide-d%C3%A9valuation-des-capacit%C3%A9s-parentales_25-09-2014.pdf\"><\/a><a href=\"https:\/\/educationspecialisee.ca\/wp-content\/uploads\/2018\/02\/Guide-d%C3%A9valuation-des-capacit%C3%A9s-parentales_25-09-2014.pdf\" target=\"_blank\" rel=\"noreferrer noopener\">Guide d\u2019\u00e9valuation des capacit\u00e9s parentales \u2013 CJM-IU (4e \u00e9d., 2014)<\/a><br>\u00c9labor\u00e9 par le Centre jeunesse de Montr\u00e9al \u2013 Institut universitaire, ce guide structur\u00e9 aide les intervenants \u00e0 \u00e9valuer les capacit\u00e9s parentales des familles avec enfants de 0 \u00e0 5 ans, en s\u2019appuyant sur le mod\u00e8le de Steinhauer.\u200b<a href=\"https:\/\/educationspecialisee.ca\/wp-content\/uploads\/2018\/02\/Guide-d%C3%A9valuation-des-capacit%C3%A9s-parentales_25-09-2014.pdf\"><\/a><a href=\"https:\/\/educationspecialisee.ca\/wp-content\/uploads\/2018\/02\/Guide-d%C3%A9valuation-des-capacit%C3%A9s-parentales_25-09-2014.pdf?utm_source=chatgpt.com\" target=\"_blank\" rel=\"noreferrer noopener\"><\/a><\/p>\n<\/div>\n<\/div>\n\n\n\n<p>Des outils \u00e0 nous partager ?&nbsp;<a href=\"https:\/\/api-lux.be\/index.php\/contact\/\">Cliquez ici<\/a><\/p>\n","protected":false},"excerpt":{"rendered":"<p>\ud83d\udcca Outils d\u2019\u00e9valuations ou d\u2019observations &#8211; Guide d&rsquo;\u00e9valuation des capacit\u00e9s parentales pour soutenir le d\u00e9veloppement des jeunes enfants.<\/p>\n","protected":false},"author":6,"featured_media":0,"comment_status":"closed","ping_status":"closed","sticky":false,"template":"","format":"standard","meta":{"iawp_total_views":81,"footnotes":""},"categories":[4,46,47,25,26,7],"tags":[],"class_list":["post-641","post","type-post","status-publish","format-standard","hentry","category-besoins","category-fiches-outils","category-fiches-outils-pour-les-professionnels","category-materiel-specifique","category-outils-pedagogiques-pour-les-pro","category-soin-pistes-et-outils-professionnels"],"_links":{"self":[{"href":"https:\/\/api-lux.be\/index.php\/wp-json\/wp\/v2\/posts\/641","targetHints":{"allow":["GET"]}}],"collection":[{"href":"https:\/\/api-lux.be\/index.php\/wp-json\/wp\/v2\/posts"}],"about":[{"href":"https:\/\/api-lux.be\/index.php\/wp-json\/wp\/v2\/types\/post"}],"author":[{"embeddable":true,"href":"https:\/\/api-lux.be\/index.php\/wp-json\/wp\/v2\/users\/6"}],"replies":[{"embeddable":true,"href":"https:\/\/api-lux.be\/index.php\/wp-json\/wp\/v2\/comments?post=641"}],"version-history":[{"count":14,"href":"https:\/\/api-lux.be\/index.php\/wp-json\/wp\/v2\/posts\/641\/revisions"}],"predecessor-version":[{"id":7808,"href":"https:\/\/api-lux.be\/index.php\/wp-json\/wp\/v2\/posts\/641\/revisions\/7808"}],"wp:attachment":[{"href":"https:\/\/api-lux.be\/index.php\/wp-json\/wp\/v2\/media?parent=641"}],"wp:term":[{"taxonomy":"category","embeddable":true,"href":"https:\/\/api-lux.be\/index.php\/wp-json\/wp\/v2\/categories?post=641"},{"taxonomy":"post_tag","embeddable":true,"href":"https:\/\/api-lux.be\/index.php\/wp-json\/wp\/v2\/tags?post=641"}],"curies":[{"name":"wp","href":"https:\/\/api.w.org\/{rel}","templated":true}]}}