{"id":6402,"date":"2025-05-05T11:39:54","date_gmt":"2025-05-05T09:39:54","guid":{"rendered":"https:\/\/api-lux.be\/?p=6402"},"modified":"2025-07-01T11:35:01","modified_gmt":"2025-07-01T09:35:01","slug":"silence-raconte","status":"publish","type":"post","link":"https:\/\/api-lux.be\/index.php\/2025\/05\/05\/silence-raconte\/","title":{"rendered":"Silence raconte: livre et outil p\u00e9dagogique"},"content":{"rendered":"\n<div class=\"wp-block-columns is-layout-flex wp-container-core-columns-is-layout-9d6595d7 wp-block-columns-is-layout-flex\">\n<div class=\"wp-block-column is-layout-flow wp-block-column-is-layout-flow\">\n<figure class=\"wp-block-image size-large\"><img loading=\"lazy\" decoding=\"async\" width=\"1024\" height=\"576\" src=\"https:\/\/api-lux.be\/wp-content\/uploads\/2025\/05\/231129-6566efbe55c51-silence-raconte-un-ouvrage-pour-les-enfants-victimes-de-violences-familiales-1024x576.jpeg\" alt=\"\" class=\"wp-image-6404\" srcset=\"https:\/\/api-lux.be\/wp-content\/uploads\/2025\/05\/231129-6566efbe55c51-silence-raconte-un-ouvrage-pour-les-enfants-victimes-de-violences-familiales-1024x576.jpeg 1024w, https:\/\/api-lux.be\/wp-content\/uploads\/2025\/05\/231129-6566efbe55c51-silence-raconte-un-ouvrage-pour-les-enfants-victimes-de-violences-familiales-300x169.jpeg 300w, https:\/\/api-lux.be\/wp-content\/uploads\/2025\/05\/231129-6566efbe55c51-silence-raconte-un-ouvrage-pour-les-enfants-victimes-de-violences-familiales-768x432.jpeg 768w, https:\/\/api-lux.be\/wp-content\/uploads\/2025\/05\/231129-6566efbe55c51-silence-raconte-un-ouvrage-pour-les-enfants-victimes-de-violences-familiales.jpeg 1280w\" sizes=\"auto, (max-width: 1024px) 100vw, 1024px\" \/><\/figure>\n<\/div>\n\n\n\n<div class=\"wp-block-column is-layout-flow wp-block-column-is-layout-flow\">\n<p>C\u2019est \u00e0 la fois livre et un outil p\u00e9dagogique qui aborde le v\u00e9cu des enfants victimes de violence conjugale.<\/p>\n\n\n\n<h2 class=\"wp-block-heading\">\u00c2ge cible <\/h2>\n\n\n\n<p>\u00c0 partir de 5 ans.<\/p>\n<\/div>\n<\/div>\n\n\n\n<h2 class=\"wp-block-heading\">Descriptif de l&rsquo;outil<\/h2>\n\n\n\n<p>\u270f\ufe0f&nbsp;<strong>\u00ab&nbsp;Silence raconte&nbsp;\u00bb<\/strong> est un album jeunesse qui s\u2019adresse directement aux enfants. C\u2019est l\u2019histoire de Silence, un chien de trente ans, qui raconte aux lecteurs son v\u00e9cu d\u2019enfant <strong>victime de violences conjugales.<\/strong> Avec son recul d\u2019adulte, il nous plonge dans ses pens\u00e9es, dans ses ressentis d\u2019enfant expos\u00e9 aux violences de son p\u00e8re envers sa m\u00e8re.<\/p>\n\n\n\n<p>En plus d\u2019\u00eatre une histoire, ce livre est aussi <strong>un outil p\u00e9dagogique<\/strong> qui permet de montrer ce qu\u2019un enfant peut voir, entendre, ressentir ou penser dans un contexte similaire.<\/p>\n\n\n\n<p>Ce livre s\u2019accompagne <strong>d\u2019un livret p\u00e9dagogique et d\u2019outils<\/strong> qui permettent de montrer ce qu\u2019un enfant peut voir, entendre, ressentir ou penser dans un contexte similaire.<\/p>\n\n\n\n<p>\ud83d\udea9 La lecture de cet album peut se faire en <strong>individuel<\/strong> ou en <strong>groupe<\/strong> mais il est important de prendre en compte <strong>3 balises<\/strong> mises en avant dans le livret p\u00e9dagogique&nbsp;:<\/p>\n\n\n\n<ul class=\"wp-block-list\">\n<li>Un enfant qui ne souhaite pas parler de l\u2019album apr\u00e8s la lecture a de bonnes raisons de le faire ; <\/li>\n\n\n\n<li>On peut tout dire sur le v\u00e9cu d\u2019un personnage, mais pas sur le v\u00e9cu d\u2019une personne ; <\/li>\n\n\n\n<li>\u00ab&nbsp;Silence raconte&nbsp;\u00bb n\u2019est pas un livre \u00ab&nbsp;m\u00e9dicament&nbsp;\u00bb qui peut se substituer \u00e0 des interventions psycho-sociales professionnelles.<\/li>\n<\/ul>\n\n\n\n<p>Lors de la lecture, le processus d\u2019identification au personnage pourrait s\u2019activer et stimuler l\u2019enfant pour qu\u2019il rep\u00e8re les similitudes et les diff\u00e9rences entre ses propres v\u00e9cus et ceux qui figurent dans l\u2019album. Gr\u00e2ce \u00e0 l\u2019histoire de Silence, l\u2019enfant a la possibilit\u00e9 de mettre sa pens\u00e9e en mouvement par rapport \u00e0 ses v\u00e9cus complexes et douloureux.<\/p>\n\n\n\n<p>Enfin, les mots et les images utilis\u00e9s pourraient l\u2019aider \u00e0 \u00e9laborer une narration intime de son propre v\u00e9cu.<\/p>\n\n\n\n<div class=\"wp-block-columns is-layout-flex wp-container-core-columns-is-layout-9d6595d7 wp-block-columns-is-layout-flex\">\n<div class=\"wp-block-column is-layout-flow wp-block-column-is-layout-flow\">\n<h2 class=\"wp-block-heading\">Objectif(s) d&rsquo;utilisation<\/h2>\n\n\n\n<p>\ud83d\udcac <strong>Aborder le sujet de la violence conjugale<\/strong> et l\u2019impact sur les enfants qui en sont victimes.<\/p>\n\n\n\n<p>\ud83d\udccc <strong>Identifier les \u00e9motions<\/strong> d\u2019un enfant victime de violence conjugale<\/p>\n\n\n\n<p>\ud83d\udca1 <strong>Comprendre le cycle de la violence conjugale<\/strong> et identifier des \u00e9l\u00e9ments qui se rapportent \u00e0 chaque \u00e9tape.<\/p>\n<\/div>\n<\/div>\n\n\n\n<div class=\"wp-block-columns is-layout-flex wp-container-core-columns-is-layout-9d6595d7 wp-block-columns-is-layout-flex\">\n<div class=\"wp-block-column is-layout-flow wp-block-column-is-layout-flow\">\n<h2 class=\"wp-block-heading\">Liens utiles<\/h2>\n\n\n\n<p><strong>\ud83d\udcda LIVRE<\/strong> \u00a0<a href=\"https:\/\/www.servicedulivre.be\/Livre\/silence-raconte\" target=\"_blank\" rel=\"noreferrer noopener\">Silence raconte \u2013 Service du Livre Luxembourgeois<\/a><br>Ce livre gratuit vise \u00e0 sensibiliser et \u00e0 soutenir les enfants confront\u00e9s \u00e0 des situations similaires.<\/p>\n\n\n\n<p><strong>\ud83d\udcf0 ARTICLE<\/strong> <a href=\"https:\/\/www.tvlux.be\/video\/info\/societe\/quot-silence-raconte-quot-un-ouvrage-pour-les-enfants-victimes-de-violences-familiales_44371.html\" target=\"_blank\" rel=\"noreferrer noopener\">\u00ab\u00a0Silence raconte\u00a0\u00bb, un ouvrage pour les enfants victimes de violences familiales \u2013 TV Lux<\/a><br>Un reportage (2:04) pr\u00e9sentant <em>Silence raconte<\/em>. Le livre, \u00e9crit par Pierre-Nicolas Bourcier et illustr\u00e9 par Pierre-Alexandre Haquin (Palix).<\/p>\n\n\n\n<p><strong>\ud83d\udcc4 DOCUMENT PDF<\/strong> <a href=\"https:\/\/www.province.luxembourg.be\/sites\/default\/files\/uploads\/2023-SilenceRaconte%20LivretPedaSite%20ST3.pdf\" target=\"_blank\" rel=\"noreferrer noopener\">Livret p\u00e9dagogique de <em>Silence raconte<\/em> \u2013 Province de Luxembourg<\/a><br>Un guide d&rsquo;accompagnement destin\u00e9 aux adultes pour exploiter l&rsquo;album jeunesse <em>Silence raconte<\/em> avec des enfants expos\u00e9s aux violences conjugales. Il propose des d\u00e9finitions adapt\u00e9es, un glossaire, des ateliers sur les \u00e9motions et le cycle de la violence, ainsi que des ressources pour soutenir la parole et la r\u00e9silience des enfants.<\/p>\n\n\n\n<p><strong>\ud83e\uddf0 OUTILS<\/strong> : <\/p>\n\n\n\n<ul class=\"wp-block-list\">\n<li><a href=\"https:\/\/www.province.luxembourg.be\/sites\/default\/files\/uploads\/2023-LivretPedaJeuDeCarte%20Emotion.pdf\" target=\"_blank\" rel=\"noreferrer noopener\">Jeu de cartes des \u00e9motions<\/a><\/li>\n\n\n\n<li><a href=\"https:\/\/www.province.luxembourg.be\/sites\/default\/files\/uploads\/2023-LivretPedaThermometreDeLaPeur.pdf\" data-type=\"link\" data-id=\"https:\/\/www.province.luxembourg.be\/sites\/default\/files\/uploads\/2023-LivretPedaThermometreDeLaPeur.pdf\" target=\"_blank\" rel=\"noreferrer noopener\">Le thermom\u00e8tre de la peur <\/a><\/li>\n\n\n\n<li><a href=\"https:\/\/www.province.luxembourg.be\/sites\/default\/files\/uploads\/2023-Cycle%20de%20la%20violence%20schema.pdf\" target=\"_blank\" rel=\"noreferrer noopener\">Silence au c\u0153ur du cycle de la violence<\/a><\/li>\n<\/ul>\n<\/div>\n<\/div>\n\n\n\n<p>Des outils \u00e0 nous partager ? <a href=\"https:\/\/api-lux.be\/index.php\/contact\/\">Cliquez ici<\/a><\/p>\n","protected":false},"excerpt":{"rendered":"<p>C\u2019est \u00e0 la fois livre et un outil p\u00e9dagogique qui aborde le v\u00e9cu des enfants victimes de violence conjugale. \u00c2ge cible \u00c0 partir de 5 ans. Descriptif de l&rsquo;outil \u270f\ufe0f&nbsp;\u00ab&nbsp;Silence [&hellip;]<\/p>\n","protected":false},"author":6,"featured_media":0,"comment_status":"closed","ping_status":"closed","sticky":false,"template":"","format":"standard","meta":{"iawp_total_views":61,"footnotes":""},"categories":[4,22,18,9,5,8,19,20,26,6,7,21],"tags":[],"class_list":["post-6402","post","type-post","status-publish","format-standard","hentry","category-besoins","category-besoins-cognitifs","category-besoins-destime","category-besoins-de-securite","category-besoins-physiologiques","category-bien-etre","category-gestion-des-emotions","category-individualisation","category-outils-pedagogiques-pour-les-pro","category-sante-alimentation-sommeil-hygiene","category-soin-pistes-et-outils-professionnels","category-valorisation-confiance"],"_links":{"self":[{"href":"https:\/\/api-lux.be\/index.php\/wp-json\/wp\/v2\/posts\/6402","targetHints":{"allow":["GET"]}}],"collection":[{"href":"https:\/\/api-lux.be\/index.php\/wp-json\/wp\/v2\/posts"}],"about":[{"href":"https:\/\/api-lux.be\/index.php\/wp-json\/wp\/v2\/types\/post"}],"author":[{"embeddable":true,"href":"https:\/\/api-lux.be\/index.php\/wp-json\/wp\/v2\/users\/6"}],"replies":[{"embeddable":true,"href":"https:\/\/api-lux.be\/index.php\/wp-json\/wp\/v2\/comments?post=6402"}],"version-history":[{"count":3,"href":"https:\/\/api-lux.be\/index.php\/wp-json\/wp\/v2\/posts\/6402\/revisions"}],"predecessor-version":[{"id":7604,"href":"https:\/\/api-lux.be\/index.php\/wp-json\/wp\/v2\/posts\/6402\/revisions\/7604"}],"wp:attachment":[{"href":"https:\/\/api-lux.be\/index.php\/wp-json\/wp\/v2\/media?parent=6402"}],"wp:term":[{"taxonomy":"category","embeddable":true,"href":"https:\/\/api-lux.be\/index.php\/wp-json\/wp\/v2\/categories?post=6402"},{"taxonomy":"post_tag","embeddable":true,"href":"https:\/\/api-lux.be\/index.php\/wp-json\/wp\/v2\/tags?post=6402"}],"curies":[{"name":"wp","href":"https:\/\/api.w.org\/{rel}","templated":true}]}}