{"id":639,"date":"2025-02-14T11:36:55","date_gmt":"2025-02-14T10:36:55","guid":{"rendered":"http:\/\/localhost\/mdi_w\/?p=639"},"modified":"2025-07-01T14:55:27","modified_gmt":"2025-07-01T12:55:27","slug":"centre-documentation-laviq","status":"publish","type":"post","link":"https:\/\/api-lux.be\/index.php\/2025\/02\/14\/centre-documentation-laviq\/","title":{"rendered":"Centre de documentation de l&rsquo;AVIQ"},"content":{"rendered":"\n<div class=\"wp-block-columns is-layout-flex wp-container-core-columns-is-layout-9d6595d7 wp-block-columns-is-layout-flex\">\n<div class=\"wp-block-column is-vertically-aligned-center is-layout-flow wp-block-column-is-layout-flow\"><div class=\"wp-block-image\">\n<figure class=\"aligncenter size-full\"><img decoding=\"async\" src=\"https:\/\/api-lux.be\/wp-content\/uploads\/2025\/02\/documentation.jpg\" alt=\" \" class=\"wp-image-202\"\/><\/figure>\n<\/div><\/div>\n\n\n\n<div class=\"wp-block-column is-layout-flow wp-block-column-is-layout-flow\">\n<p>\ud83c\udfe2 <strong>Ressources vari\u00e9es: <\/strong>Biblioth\u00e8que \u00e0 disposition des professionnels et familles.<\/p>\n\n\n\n<!--more-->\n\n\n\n<h2 class=\"wp-block-heading\">Public cible<\/h2>\n\n\n\n<p>Tout public.<\/p>\n<\/div>\n<\/div>\n\n\n\n<h2 class=\"wp-block-heading\">Descriptif de l&rsquo;outil<\/h2>\n\n\n\n<p>Le <strong>Centre de documentation de l&rsquo;AVIQ<\/strong> propose une vaste collection de documents relatifs \u00e0 diff\u00e9rents sujets, notamment le handicap, les maladies, le vieillissement, et les besoins sp\u00e9cifiques des enfants \ud83d\udc76. Cette biblioth\u00e8que est un outil essentiel pour soutenir les professionnels et les familles dans leurs d\u00e9marches d&rsquo;accompagnement et de soins \ud83d\udc69\u200d\u2695\ufe0f. Vous y trouverez des livres, des guides pratiques, des articles, et d&rsquo;autres ressources qui peuvent \u00eatre utilis\u00e9s dans le cadre d&rsquo;un accompagnement adapt\u00e9 et bienveillant.<\/p>\n\n\n\n<p>Voici un aper\u00e7u des principales ressources propos\u00e9es :<\/p>\n\n\n\n<ul class=\"wp-block-list\">\n<li>\ud83d\udc68\u200d\u2695\ufe0f <strong>Documentation pour les professionnels<\/strong> :<br>Le centre met \u00e0 disposition des ressources pour aider les professionnels \u00e0 mieux comprendre les besoins des personnes qu&rsquo;ils accompagnent, notamment des guides pratiques sur l&rsquo;inclusion, la gestion des situations complexes, et des informations actualis\u00e9es sur les politiques publiques.<\/li>\n\n\n\n<li>\ud83d\udc68\u200d\ud83d\udc69\u200d\ud83d\udc67 <strong>Documentation pour les familles<\/strong> :<br>Le centre propose \u00e9galement des documents pour les familles, afin de les soutenir dans leur r\u00f4le d&rsquo;accompagnants. Cela inclut des conseils sur la gestion du quotidien, des outils de communication, ainsi que des informations sur les aides disponibles et les d\u00e9marches administratives.<\/li>\n\n\n\n<li>\ud83c\udfe5 <strong>Ressources sur le handicap et la maladie<\/strong> :<br>Vous y trouverez des ouvrages relatifs \u00e0 divers types de handicap, des troubles cognitifs, moteurs ou sensoriels, et des conseils sur l\u2019adaptation des environnements de vie et des strat\u00e9gies d&rsquo;accompagnement.<\/li>\n\n\n\n<li>\ud83d\udc75\ud83d\udc74 <strong>Ressources pour les personnes \u00e2g\u00e9es<\/strong> :<br>Des documents abordant le vieillissement, les maladies li\u00e9es \u00e0 l&rsquo;\u00e2ge (comme Alzheimer), et des strat\u00e9gies pour am\u00e9liorer la qualit\u00e9 de vie des personnes \u00e2g\u00e9es en perte d&rsquo;autonomie.<\/li>\n\n\n\n<li>\ud83e\uddf8 <strong>Ressources pour les enfants \u00e0 besoins sp\u00e9cifiques<\/strong> :<br>Le centre offre des livres et des supports p\u00e9dagogiques pour les enfants ayant des besoins particuliers, incluant des approches \u00e9ducatives et th\u00e9rapeutiques adapt\u00e9es \u00e0 leurs besoins.<\/li>\n<\/ul>\n\n\n\n<div class=\"wp-block-columns is-layout-flex wp-container-core-columns-is-layout-9d6595d7 wp-block-columns-is-layout-flex\">\n<div class=\"wp-block-column is-layout-flow wp-block-column-is-layout-flow\">\n<h2 class=\"wp-block-heading\">Objectif(s) d&rsquo;utilisation<\/h2>\n\n\n\n<p>\ud83d\udcd6 <strong>Outiller les professionnels de l&rsquo;accompagnement<\/strong> : Proposer des ressources vari\u00e9es pour mieux comprendre les besoins des personnes accompagn\u00e9es et enrichir les pratiques professionnelles.<\/p>\n\n\n\n<p>\ud83d\udc68\u200d\ud83d\udc69\u200d\ud83d\udc67 <strong>Soutenir les familles<\/strong> : Mettre \u00e0 disposition des outils concrets pour aider les proches \u00e0 mieux comprendre la situation et appliquer des strat\u00e9gies efficaces au quotidien.<\/p>\n\n\n\n<p>\ud83e\udd1d <strong>Promouvoir l&rsquo;inclusion et l\u2019accompagnement adapt\u00e9<\/strong> :Partager des informations sur les pratiques inclusives et l\u2019adaptation des environnements pour mieux r\u00e9pondre aux besoins sp\u00e9cifiques.<\/p>\n<\/div>\n\n\n\n<div class=\"wp-block-column is-layout-flow wp-block-column-is-layout-flow\">\n<h2 class=\"wp-block-heading\">Liens utiles<\/h2>\n\n\n\n<p>\ud83d\udcc4 <strong>FICHE DE PR\u00c9SENTATION <\/strong><a href=\"https:\/\/www.aviq.be\/fr\/centre-de-documentation\" data-type=\"link\" data-id=\"https:\/\/www.aviq.be\/fr\/centre-de-documentation\" target=\"_blank\" rel=\"noreferrer noopener\">Centre de documentation de l&rsquo;AVIQ<\/a><br>Le Centre de documentation de l&rsquo;AVIQ propose une biblioth\u00e8que gratuite sp\u00e9cialis\u00e9e sur le handicap, la sant\u00e9, les personnes \u00e2g\u00e9es, le bien-\u00eatre et la famille. \u200b<\/p>\n<\/div>\n<\/div>\n\n\n\n<p>Des outils \u00e0 nous partager ?&nbsp;<a href=\"https:\/\/api-lux.be\/index.php\/contact\/\">Cliquez ici<\/a><\/p>\n","protected":false},"excerpt":{"rendered":"<p>\ud83c\udfe2 Ressources vari\u00e9es: Biblioth\u00e8que \u00e0 disposition des professionnels et familles.<\/p>\n","protected":false},"author":6,"featured_media":0,"comment_status":"closed","ping_status":"closed","sticky":false,"template":"","format":"standard","meta":{"iawp_total_views":3,"footnotes":""},"categories":[28,4,27,14,18,9,5,15,46,48,47,17,26,29,7,16],"tags":[],"class_list":["post-639","post","type-post","status-publish","format-standard","hentry","category-autonomie-et-responsabilisation","category-besoins","category-besoins-daccomplissement","category-besoins-dappartenance","category-besoins-destime","category-besoins-de-securite","category-besoins-physiologiques","category-famille-et-milieu-de-vie","category-fiches-outils","category-fiches-outils-pour-les-aidants-proches","category-fiches-outils-pour-les-professionnels","category-inclusion-sociale-et-reseau-sociaux","category-outils-pedagogiques-pour-les-pro","category-projection","category-soin-pistes-et-outils-professionnels","category-vie-affective"],"_links":{"self":[{"href":"https:\/\/api-lux.be\/index.php\/wp-json\/wp\/v2\/posts\/639","targetHints":{"allow":["GET"]}}],"collection":[{"href":"https:\/\/api-lux.be\/index.php\/wp-json\/wp\/v2\/posts"}],"about":[{"href":"https:\/\/api-lux.be\/index.php\/wp-json\/wp\/v2\/types\/post"}],"author":[{"embeddable":true,"href":"https:\/\/api-lux.be\/index.php\/wp-json\/wp\/v2\/users\/6"}],"replies":[{"embeddable":true,"href":"https:\/\/api-lux.be\/index.php\/wp-json\/wp\/v2\/comments?post=639"}],"version-history":[{"count":12,"href":"https:\/\/api-lux.be\/index.php\/wp-json\/wp\/v2\/posts\/639\/revisions"}],"predecessor-version":[{"id":7806,"href":"https:\/\/api-lux.be\/index.php\/wp-json\/wp\/v2\/posts\/639\/revisions\/7806"}],"wp:attachment":[{"href":"https:\/\/api-lux.be\/index.php\/wp-json\/wp\/v2\/media?parent=639"}],"wp:term":[{"taxonomy":"category","embeddable":true,"href":"https:\/\/api-lux.be\/index.php\/wp-json\/wp\/v2\/categories?post=639"},{"taxonomy":"post_tag","embeddable":true,"href":"https:\/\/api-lux.be\/index.php\/wp-json\/wp\/v2\/tags?post=639"}],"curies":[{"name":"wp","href":"https:\/\/api.w.org\/{rel}","templated":true}]}}