{"id":638,"date":"2025-02-14T11:36:55","date_gmt":"2025-02-14T10:36:55","guid":{"rendered":"http:\/\/localhost\/mdi_w\/?p=638"},"modified":"2025-07-01T14:55:16","modified_gmt":"2025-07-01T12:55:16","slug":"cresam","status":"publish","type":"post","link":"https:\/\/api-lux.be\/index.php\/2025\/02\/14\/cresam\/","title":{"rendered":"CR\u00e9SaM"},"content":{"rendered":"\n<div class=\"wp-block-columns is-layout-flex wp-container-core-columns-is-layout-9d6595d7 wp-block-columns-is-layout-flex\">\n<div class=\"wp-block-column is-vertically-aligned-center is-layout-flow wp-block-column-is-layout-flow\"><div class=\"wp-block-image\">\n<figure class=\"aligncenter size-full is-resized\"><img decoding=\"async\" src=\"https:\/\/api-lux.be\/wp-content\/uploads\/2025\/02\/cresam.jpg\" alt=\" \" class=\"wp-image-202\" style=\"width:256px;height:auto\"\/><\/figure>\n<\/div><\/div>\n\n\n\n<div class=\"wp-block-column is-layout-flow wp-block-column-is-layout-flow\">\n<p>\ud83c\udfe2 <strong>Ressources vari\u00e9es <\/strong>&#8211; Centre de r\u00e9f\u00e9rence en sant\u00e9 mentale en Wallonie.<\/p>\n\n\n\n<!--more-->\n\n\n\n<h2 class=\"wp-block-heading\">Public cible<\/h2>\n\n\n\n<ul class=\"wp-block-list\">\n<li>Professionnels de la sant\u00e9 mentale en Wallonie<\/li>\n\n\n\n<li>Tout acteur de sant\u00e9 mentale en Wallonie, \u00e0 tout professionnel confront\u00e9 \u00e0 des probl\u00e8mes de sant\u00e9 mentale avec son public ;<\/li>\n\n\n\n<li>Usagers et proches ;<\/li>\n\n\n\n<li>Associations et f\u00e9d\u00e9rations actives dans le secteur ;<\/li>\n\n\n\n<li>Autorit\u00e9s administratives et politiques.<\/li>\n<\/ul>\n<\/div>\n<\/div>\n\n\n\n<h2 class=\"wp-block-heading\">Descriptif de l&rsquo;outil<\/h2>\n\n\n\n<p>Le <strong>CR\u00e9SaM<\/strong> a pour mission principale de soutenir les acteurs de sant\u00e9 mentale en Wallonie, d\u2019observer et d&rsquo;analyser les pratiques et initiatives dans le secteur, ainsi que de mener des recherches sur les probl\u00e9matiques identifi\u00e9es en sant\u00e9 mentale \ud83d\udd0d. Le site internet propose une vaste gamme de ressources pour les professionnels et les acteurs impliqu\u00e9s dans ce domaine, y compris des informations sur les services de sant\u00e9 mentale \ud83c\udfe5, les politiques de sant\u00e9 publique \ud83c\udfdb\ufe0f, les projets en cours et les publications sur les th\u00e9matiques actuelles.<\/p>\n\n\n\n<p>Voici un aper\u00e7u des ressources disponibles sur le site du CR\u00e9SaM :<\/p>\n\n\n\n<ul class=\"wp-block-list\">\n<li><strong>Observatoire des pratiques et des initiatives<\/strong> \ud83d\udc40 :<br>Le CR\u00e9SaM collecte et analyse les donn\u00e9es relatives aux pratiques en sant\u00e9 mentale, permettant aux professionnels d\u2019obtenir des informations actualis\u00e9es sur les tendances et les approches innovantes dans ce domaine.<br><\/li>\n\n\n\n<li><strong>Recherches et \u00e9tudes<\/strong> \ud83d\udcda :<br>Le site met \u00e0 disposition des recherches r\u00e9centes concernant les probl\u00e9matiques en sant\u00e9 mentale, qu\u2019il s\u2019agisse de la gestion des troubles mentaux, de la pr\u00e9vention, ou de l&rsquo;am\u00e9lioration des services de soins en sant\u00e9 mentale.<br><\/li>\n\n\n\n<li><strong>Informations sur les services de sant\u00e9 mentale<\/strong> \ud83c\udfe5 :<br>Des informations d\u00e9taill\u00e9es sont disponibles sur les diff\u00e9rents services de sant\u00e9 mentale en Wallonie, ainsi que sur les parcours de soins, les moyens d\u2019acc\u00e8s aux services et les acteurs impliqu\u00e9s.<br><\/li>\n\n\n\n<li><strong>Actualit\u00e9s et \u00e9v\u00e9nements<\/strong> \ud83d\udcc5 :<br>Le site fournit des informations \u00e0 jour sur les \u00e9v\u00e9nements, les conf\u00e9rences et les ateliers dans le domaine de la sant\u00e9 mentale, permettant aux professionnels de rester inform\u00e9s et d\u2019\u00e9changer sur les nouvelles pratiques.<\/li>\n<\/ul>\n\n\n\n<div class=\"wp-block-columns is-layout-flex wp-container-core-columns-is-layout-9d6595d7 wp-block-columns-is-layout-flex\">\n<div class=\"wp-block-column is-layout-flow wp-block-column-is-layout-flow\">\n<h2 class=\"wp-block-heading\">Objectif(s) d&rsquo;utilisation<\/h2>\n\n\n\n<p><strong>Soutien aux professionnels de la sant\u00e9 mentale<\/strong> \ud83e\uddd1\u200d\u2695\ufe0f : Offrir des ressources et des outils pour am\u00e9liorer la prise en charge des patients et leur int\u00e9grer efficacement dans le r\u00e9seau de soins. Cela inclut des informations sur les bonnes pratiques, les initiatives r\u00e9centes et des recherches pertinentes pour leur quotidien professionnel.<\/p>\n\n\n\n<p><strong>Am\u00e9lioration de la concertation transr\u00e9gionale<\/strong> \ud83c\udf0d : Le CR\u00e9SaM facilite les \u00e9changes et la concertation entre les diff\u00e9rents acteurs de la sant\u00e9 mentale \u00e0 l&rsquo;\u00e9chelle r\u00e9gionale et transsectorielle, afin de renforcer la coordination des soins et des actions en mati\u00e8re de sant\u00e9 mentale.<\/p>\n\n\n\n<p><strong>Suivi des \u00e9volutions du secteur<\/strong> \ud83d\udd04 : Fournir des informations actualis\u00e9es sur les \u00e9volutions politiques, l\u00e9gales et scientifiques dans le domaine de la sant\u00e9 mentale, permettant aux professionnels de s\u2019adapter aux changements et aux nouvelles pratiques.<\/p>\n\n\n\n<p><strong>Promouvoir l\u2019int\u00e9gration des services de sant\u00e9 mentale<\/strong> \ud83c\udfe5\ud83e\udd1d : Accompagner les professionnels et les services de sant\u00e9 mentale dans leur r\u00f4le d\u2019int\u00e9gration dans le r\u00e9seau de soins global, afin d\u2019assurer une prise en charge coh\u00e9rente et de qualit\u00e9 pour les usagers.<\/p>\n<\/div>\n\n\n\n<div class=\"wp-block-column is-layout-flow wp-block-column-is-layout-flow\">\n<h2 class=\"wp-block-heading\">Liens utiles<\/h2>\n\n\n\n<p><strong>\ud83c\udf10 SITE INTERNET OFFICIEL<\/strong> <a href=\"https:\/\/www.cresam.be\/\" target=\"_blank\" rel=\"noreferrer noopener\">CR\u00e9SaM \u2013 Centre de R\u00e9f\u00e9rence en Sant\u00e9 Mentale<\/a><br>Centre belge de ressources en sant\u00e9 mentale, proposant outils, publications, formations et projets pour les professionnels du secteur.<\/p>\n\n\n\n<p>\ud83c\udfa5 <strong>VID\u00c9O youtube <\/strong><a href=\"https:\/\/www.youtube.com\/watch?v=Q1pduOka05g\" target=\"_blank\" rel=\"noreferrer noopener\">Le CR\u00e9SaM \u2013 Pr\u00e9sentation<\/a><br>Une vid\u00e9o de 2 minutes pr\u00e9sentant le Centre de R\u00e9f\u00e9rence en Sant\u00e9 Mentale (CR\u00e9SaM), ses missions et ses actions en Wallonie.\u200b<\/p>\n<\/div>\n<\/div>\n\n\n\n<p>Des outils \u00e0 nous partager ?&nbsp;<a href=\"https:\/\/api-lux.be\/index.php\/contact\/\">Cliquez ici<\/a><\/p>\n","protected":false},"excerpt":{"rendered":"<p>\ud83c\udfe2 Ressources vari\u00e9es &#8211; Centre de r\u00e9f\u00e9rence en sant\u00e9 mentale en Wallonie.<\/p>\n","protected":false},"author":6,"featured_media":0,"comment_status":"closed","ping_status":"closed","sticky":false,"template":"","format":"standard","meta":{"iawp_total_views":0,"footnotes":""},"categories":[24,4,23,46,48,47,25,1,26],"tags":[],"class_list":["post-638","post","type-post","status-publish","format-standard","hentry","category-adaptation-des-apprentissages","category-besoins","category-communication","category-fiches-outils","category-fiches-outils-pour-les-aidants-proches","category-fiches-outils-pour-les-professionnels","category-materiel-specifique","category-non-classe","category-outils-pedagogiques-pour-les-pro"],"_links":{"self":[{"href":"https:\/\/api-lux.be\/index.php\/wp-json\/wp\/v2\/posts\/638","targetHints":{"allow":["GET"]}}],"collection":[{"href":"https:\/\/api-lux.be\/index.php\/wp-json\/wp\/v2\/posts"}],"about":[{"href":"https:\/\/api-lux.be\/index.php\/wp-json\/wp\/v2\/types\/post"}],"author":[{"embeddable":true,"href":"https:\/\/api-lux.be\/index.php\/wp-json\/wp\/v2\/users\/6"}],"replies":[{"embeddable":true,"href":"https:\/\/api-lux.be\/index.php\/wp-json\/wp\/v2\/comments?post=638"}],"version-history":[{"count":9,"href":"https:\/\/api-lux.be\/index.php\/wp-json\/wp\/v2\/posts\/638\/revisions"}],"predecessor-version":[{"id":7805,"href":"https:\/\/api-lux.be\/index.php\/wp-json\/wp\/v2\/posts\/638\/revisions\/7805"}],"wp:attachment":[{"href":"https:\/\/api-lux.be\/index.php\/wp-json\/wp\/v2\/media?parent=638"}],"wp:term":[{"taxonomy":"category","embeddable":true,"href":"https:\/\/api-lux.be\/index.php\/wp-json\/wp\/v2\/categories?post=638"},{"taxonomy":"post_tag","embeddable":true,"href":"https:\/\/api-lux.be\/index.php\/wp-json\/wp\/v2\/tags?post=638"}],"curies":[{"name":"wp","href":"https:\/\/api.w.org\/{rel}","templated":true}]}}