{"id":637,"date":"2025-02-14T11:36:55","date_gmt":"2025-02-14T10:36:55","guid":{"rendered":"http:\/\/localhost\/mdi_w\/?p=637"},"modified":"2025-07-01T14:54:28","modified_gmt":"2025-07-01T12:54:28","slug":"clps-luxembourg","status":"publish","type":"post","link":"https:\/\/api-lux.be\/index.php\/2025\/02\/14\/clps-luxembourg\/","title":{"rendered":"Centre Local de la Promotion de la Sant\u00e9 en province du Luxembourg (CLPS)"},"content":{"rendered":"\n<div class=\"wp-block-columns is-layout-flex wp-container-core-columns-is-layout-9d6595d7 wp-block-columns-is-layout-flex\">\n<div class=\"wp-block-column is-vertically-aligned-center is-layout-flow wp-block-column-is-layout-flow\"><div class=\"wp-block-image\">\n<figure class=\"aligncenter size-full is-resized\"><img decoding=\"async\" src=\"https:\/\/api-lux.be\/wp-content\/uploads\/2025\/02\/clps.jpg\" alt=\" \" class=\"wp-image-202\" style=\"width:416px;height:auto\"\/><\/figure>\n<\/div><\/div>\n\n\n\n<div class=\"wp-block-column is-layout-flow wp-block-column-is-layout-flow\">\n<p>\ud83c\udfe2 <strong>Ressources vari\u00e9es <\/strong>&#8211; Centre de ressources \u00e0 destination des professionnels.<\/p>\n\n\n\n<!--more-->\n\n\n\n<h2 class=\"wp-block-heading\">Public cible<\/h2>\n\n\n\n<p>Tous les professionnels du social, du monde scolaire, de la sant\u00e9 et du tissu associatif.<\/p>\n<\/div>\n<\/div>\n\n\n\n<h2 class=\"wp-block-heading\">Descriptif de l&rsquo;outil<\/h2>\n\n\n\n<p>\ud83d\udccd <strong>Le Centre Local de Promotion de la Sant\u00e9<\/strong> soutient, stimule et coordonne le d\u00e9veloppement d\u2019actions et de programmes de Promotion de la Sant\u00e9 sur toute la province de Luxembourg.<\/p>\n\n\n\n<p>\ud83c\udfe5 <strong>Le CLPS est un centre de ressources<\/strong> qui met \u00e0 disposition des <strong>outils m\u00e9thodologiques et p\u00e9dagogiques<\/strong> sur des th\u00e9matiques vari\u00e9es li\u00e9es \u00e0 la Promotion de la Sant\u00e9 et \u00e0 la pr\u00e9vention. Il offre un <strong>accompagnement<\/strong> \u00e0 chaque \u00e9tape de la construction de projets en Promotion de la Sant\u00e9, du stade de la r\u00e9flexion \u00e0 la mise en \u0153uvre.<\/p>\n\n\n\n<p>\ud83e\udd1d Le CLPS permet \u00e9galement aux professionnels de <strong>cr\u00e9er et renforcer des r\u00e9seaux locaux<\/strong> pour \u00e9changer des pratiques, s&rsquo;enrichir de nouveaux contacts et collaborer.<\/p>\n\n\n\n<p>\ud83d\udd27 <strong>Outils M\u00e9thodologiques et P\u00e9dagogiques<\/strong> :<\/p>\n\n\n\n<ul class=\"wp-block-list\">\n<li>\ud83d\udee0\ufe0f Le CLPS pr\u00eate gratuitement des outils pratiques pour d\u00e9velopper des actions de pr\u00e9vention et de sant\u00e9 publique.<\/li>\n\n\n\n<li>\ud83e\udd57 Ces ressources couvrent un large \u00e9ventail de th\u00e9matiques, allant de la nutrition<\/li>\n\n\n\n<li>\ud83e\uddd8\u200d\u2642\ufe0f \u00e0 la gestion du stress,<\/li>\n\n\n\n<li>\ud83d\udcda en passant par l&rsquo;\u00e9ducation \u00e0 la sant\u00e9 et la promotion de comportements sains.<\/li>\n<\/ul>\n\n\n\n<p>\ud83d\udca1 <strong>Accompagnement dans la Construction de Projets<\/strong> :<\/p>\n\n\n\n<ul class=\"wp-block-list\">\n<li>\ud83d\udccb Le CLPS aide les professionnels \u00e0 structurer et mettre en \u0153uvre des projets de Promotion de la Sant\u00e9, en offrant des conseils et un soutien tout au long du processus.<\/li>\n\n\n\n<li>\ud83c\udfaf Cela inclut la d\u00e9finition des objectifs, la planification des actions et l&rsquo;\u00e9valuation des r\u00e9sultats.<\/li>\n<\/ul>\n\n\n\n<p>\ud83e\udd1d <strong>Moments de Rencontres et \u00c9changes<\/strong> :<\/p>\n\n\n\n<ul class=\"wp-block-list\">\n<li>\ud83e\udde9 Le CLPS organise des ateliers-outils,<\/li>\n\n\n\n<li>\ud83c\udf93 des formations,<\/li>\n\n\n\n<li>\ud83d\udd04 et des \u00e9changes de pratiques pour permettre aux professionnels de se rencontrer, partager leurs exp\u00e9riences, et renforcer leurs comp\u00e9tences en mati\u00e8re de Promotion de la Sant\u00e9.<\/li>\n\n\n\n<li>\ud83c\udf1f Ces \u00e9v\u00e9nements sont une excellente occasion de d\u00e9velopper des collaborations locales.<\/li>\n<\/ul>\n\n\n\n<div class=\"wp-block-columns is-layout-flex wp-container-core-columns-is-layout-9d6595d7 wp-block-columns-is-layout-flex\">\n<div class=\"wp-block-column is-layout-flow wp-block-column-is-layout-flow\">\n<h2 class=\"wp-block-heading\">Objectif(s) d&rsquo;utilisation<\/h2>\n\n\n\n<p>\ud83d\udc65 <strong>Favoriser la collaboration entre professionnels<\/strong> : Cr\u00e9er des espaces d\u2019\u00e9change entre acteurs locaux pour renforcer les actions de Promotion de la Sant\u00e9.<\/p>\n\n\n\n<p>\ud83d\udcc8 <strong>Soutenir les projets en sant\u00e9<\/strong> : Accompagner la cr\u00e9ation et la mise en \u0153uvre de projets via des outils, conseils et ressources adapt\u00e9s.<\/p>\n\n\n\n<p>\ud83e\udde0 <strong>Renforcer les comp\u00e9tences<\/strong> : Proposer des formations et ateliers pour am\u00e9liorer les pratiques en animation, communication et pr\u00e9vention.<\/p>\n\n\n\n<p>\ud83c\udf10 <strong>Encourager la mise en r\u00e9seau<\/strong> : Favoriser les rencontres entre professionnels pour partager, se soutenir et agir ensemble localement.<\/p>\n<\/div>\n\n\n\n<div class=\"wp-block-column is-layout-flow wp-block-column-is-layout-flow\">\n<h2 class=\"wp-block-heading\">Liens utiles<\/h2>\n\n\n\n<p><strong>\ud83c\udf10 SITE INTERNET<\/strong> <strong>OFFICIEL <\/strong><a href=\"https:\/\/www.clps-lux.be\/\" target=\"_blank\" rel=\"noreferrer noopener\">CLPS Luxembourg<\/a><br>Centre de ressources en promotion de la sant\u00e9 en province de Luxembourg, proposant outils, formations et accompagnements pour les professionnels.<\/p>\n<\/div>\n<\/div>\n\n\n\n<p>Des outils \u00e0 nous partager ? <a href=\"https:\/\/api-lux.be\/index.php\/contact\/\">Cliquez ici<\/a><\/p>\n","protected":false},"excerpt":{"rendered":"<p>\ud83c\udfe2 Ressources vari\u00e9es &#8211; Centre de ressources \u00e0 destination des professionnels.<\/p>\n","protected":false},"author":6,"featured_media":0,"comment_status":"closed","ping_status":"closed","sticky":false,"template":"","format":"standard","meta":{"iawp_total_views":9,"footnotes":""},"categories":[24,4,22,23,46,48,47,1,26],"tags":[],"class_list":["post-637","post","type-post","status-publish","format-standard","hentry","category-adaptation-des-apprentissages","category-besoins","category-besoins-cognitifs","category-communication","category-fiches-outils","category-fiches-outils-pour-les-aidants-proches","category-fiches-outils-pour-les-professionnels","category-non-classe","category-outils-pedagogiques-pour-les-pro"],"_links":{"self":[{"href":"https:\/\/api-lux.be\/index.php\/wp-json\/wp\/v2\/posts\/637","targetHints":{"allow":["GET"]}}],"collection":[{"href":"https:\/\/api-lux.be\/index.php\/wp-json\/wp\/v2\/posts"}],"about":[{"href":"https:\/\/api-lux.be\/index.php\/wp-json\/wp\/v2\/types\/post"}],"author":[{"embeddable":true,"href":"https:\/\/api-lux.be\/index.php\/wp-json\/wp\/v2\/users\/6"}],"replies":[{"embeddable":true,"href":"https:\/\/api-lux.be\/index.php\/wp-json\/wp\/v2\/comments?post=637"}],"version-history":[{"count":11,"href":"https:\/\/api-lux.be\/index.php\/wp-json\/wp\/v2\/posts\/637\/revisions"}],"predecessor-version":[{"id":7804,"href":"https:\/\/api-lux.be\/index.php\/wp-json\/wp\/v2\/posts\/637\/revisions\/7804"}],"wp:attachment":[{"href":"https:\/\/api-lux.be\/index.php\/wp-json\/wp\/v2\/media?parent=637"}],"wp:term":[{"taxonomy":"category","embeddable":true,"href":"https:\/\/api-lux.be\/index.php\/wp-json\/wp\/v2\/categories?post=637"},{"taxonomy":"post_tag","embeddable":true,"href":"https:\/\/api-lux.be\/index.php\/wp-json\/wp\/v2\/tags?post=637"}],"curies":[{"name":"wp","href":"https:\/\/api.w.org\/{rel}","templated":true}]}}