{"id":632,"date":"2025-02-14T11:36:55","date_gmt":"2025-02-14T10:36:55","guid":{"rendered":"http:\/\/localhost\/mdi_w\/?p=632"},"modified":"2025-07-01T14:53:45","modified_gmt":"2025-07-01T12:53:45","slug":"eveil-musculaire","status":"publish","type":"post","link":"https:\/\/api-lux.be\/index.php\/2025\/02\/14\/eveil-musculaire\/","title":{"rendered":"Atelier d&rsquo;\u00e9veil musculaire"},"content":{"rendered":"\n<div class=\"wp-block-columns is-layout-flex wp-container-core-columns-is-layout-9d6595d7 wp-block-columns-is-layout-flex\">\n<div class=\"wp-block-column is-vertically-aligned-center is-layout-flow wp-block-column-is-layout-flow\"><div class=\"wp-block-image\">\n<figure class=\"aligncenter size-full is-resized\"><img decoding=\"async\" src=\"https:\/\/api-lux.be\/wp-content\/uploads\/2025\/02\/eveil_muscu.jpg\" alt=\" \" class=\"wp-image-202\" style=\"width:212px;height:auto\"\/><\/figure>\n<\/div><\/div>\n\n\n\n<div class=\"wp-block-column is-layout-flow wp-block-column-is-layout-flow\">\n<p>\u26bd <strong>Sport<\/strong> &#8211; Un atelier d\u00e9di\u00e9 \u00e0 la stimulation physique douce pour am\u00e9liorer la motricit\u00e9 et la d\u00e9tente chez les enfants.<\/p>\n\n\n\n<!--more-->\n\n\n\n<h2 class=\"wp-block-heading\">Public cible<\/h2>\n\n\n\n<p>Ajustements possibles selon les besoins et capacit\u00e9s sp\u00e9cifiques de chaque enfants.<\/p>\n<\/div>\n<\/div>\n\n\n\n<h2 class=\"wp-block-heading\">Descriptif de l&rsquo;outil<\/h2>\n\n\n\n<p>\ud83d\udcaa L&rsquo;atelier d&rsquo;<strong>\u00e9veil musculaire<\/strong> propose des <strong>exercices physiques<\/strong> adapt\u00e9s aux <strong>enfants<\/strong> pour d\u00e9velopper leur <strong>motricit\u00e9<\/strong> et leur <strong>coordination<\/strong>.<\/p>\n\n\n\n<p>\ud83e\udd39\u200d\u2640\ufe0f Ces ateliers se concentrent sur des <strong>mouvements doux<\/strong> et <strong>ludiques<\/strong>, tels que des <strong>\u00e9tirements<\/strong>, des <strong>jeux de motricit\u00e9<\/strong> et des <strong>exercices de relaxation<\/strong>.<\/p>\n\n\n\n<p>\ud83e\uddf8 On peut organiser ces ateliers \u00e0 l&rsquo;aide de <strong>mat\u00e9riel simple<\/strong> comme des <strong>tapis<\/strong>, des <strong>ballons<\/strong> \ud83c\udfd0, ou des <strong>jeux d&rsquo;\u00e9veil<\/strong>. Les <strong>ressources n\u00e9cessaires<\/strong> peuvent \u00eatre acquises aupr\u00e8s de <strong>fournisseurs d\u2019\u00e9quipements sportifs<\/strong> ou <strong>\u00e9ducatifs<\/strong> sp\u00e9cialis\u00e9s.<\/p>\n\n\n\n<div class=\"wp-block-columns is-layout-flex wp-container-core-columns-is-layout-9d6595d7 wp-block-columns-is-layout-flex\">\n<div class=\"wp-block-column is-layout-flow wp-block-column-is-layout-flow\">\n<h2 class=\"wp-block-heading\">Objectif(s) d&rsquo;utilisation<\/h2>\n\n\n\n<p>\ud83e\udd38\u200d\u2642\ufe0f <strong>Am\u00e9liorer la coordination<\/strong>, la <strong>souplesse<\/strong> et la <strong>conscience corporelle<\/strong> des enfants.<\/p>\n\n\n\n<p>\ud83d\udc67 <strong>Aider l&rsquo;enfant<\/strong> \u00e0 d\u00e9velopper ses <strong>comp\u00e9tences motrices<\/strong> tout en favorisant un <strong>\u00e9tat de relaxation<\/strong>, gr\u00e2ce aux <strong>activit\u00e9s ludiques<\/strong> et adapt\u00e9es.<\/p>\n\n\n\n<p>\u23f8\ufe0f <strong>Int\u00e9grer des pauses actives<\/strong> dans un environnement <strong>\u00e9ducatif<\/strong> et <strong>r\u00e9cr\u00e9atif<\/strong>.<\/p>\n\n\n\n<p>\ud83d\udcaa <strong>R\u00e9duire les tensions physiques<\/strong> et <strong>\u00e9motionnelles<\/strong>.<\/p>\n\n\n\n<p>\ud83c\udfc3\u200d\u2640\ufe0f <strong>Promouvoir l&rsquo;importance du mouvement r\u00e9gulier<\/strong> dans la <strong>routine quotidienne<\/strong>.<\/p>\n<\/div>\n\n\n\n<div class=\"wp-block-column is-layout-flow wp-block-column-is-layout-flow\">\n<h2 class=\"wp-block-heading\">Variantes &#8211; am\u00e9nagement<\/h2>\n\n\n\n<p>\ud83d\udcf1 <strong>Utilisation d\u2019applications<\/strong> ou de <strong>vid\u00e9os guid\u00e9es<\/strong> pour des <strong>s\u00e9ances autonomes<\/strong>.<\/p>\n\n\n\n<p>\ud83d\udc64 <strong>S\u00e9ances individuelles<\/strong> ou en <strong>petits groupes<\/strong> avec des <strong>exercices personnalis\u00e9s<\/strong>.<\/p>\n\n\n\n<p>\ud83d\udcaa <strong>Int\u00e9gration d\u2019activit\u00e9s d\u2019\u00e9veil musculaire<\/strong> dans les <strong>programmes scolaires<\/strong>.<\/p>\n\n\n\n<p>\ud83c\udfcb\ufe0f\u200d\u2642\ufe0f <strong>Organisation de sessions d\u2019\u00e9veil musculaire<\/strong> en <strong>plein air<\/strong> pour varier les <strong>environnements<\/strong>.<\/p>\n\n\n\n<p>\ud83c\udfae <strong>Cr\u00e9ation de jeux<\/strong> et <strong>d\u00e9fis physiques<\/strong> pour encourager la <strong>participation active<\/strong>.<\/p>\n<\/div>\n<\/div>\n\n\n\n<div class=\"wp-block-columns is-layout-flex wp-container-core-columns-is-layout-9d6595d7 wp-block-columns-is-layout-flex\">\n<div class=\"wp-block-column is-layout-flow wp-block-column-is-layout-flow\">\n<h2 class=\"wp-block-heading\">Liens utiles<\/h2>\n\n\n\n<p>\ud83c\udfa5 <strong>VID\u00c9O<\/strong> <strong>Youtube<\/strong> <a href=\"https:\/\/www.youtube.com\/watch?v=n58HJXMNo58\" target=\"_blank\" rel=\"noreferrer noopener\">Pause Active \u2013 Exercices de r\u00e9veil musculaire pour enfants<\/a><br>Une vid\u00e9o proposant des exercices simples de r\u00e9veil musculaire adapt\u00e9s aux enfants, id\u00e9ale pour dynamiser les \u00e9l\u00e8ves avant ou pendant les cours (6min29).<\/p>\n\n\n\n<p>\ud83c\udfa5 <strong>VID\u00c9O Youtube<\/strong> <a href=\"https:\/\/www.youtube.com\/watch?v=TuocjGXs7Pk\" target=\"_blank\" rel=\"noreferrer noopener\">Pause Active \u2013 Exercices de r\u00e9veil musculaire pour enfants<\/a><br>Une vid\u00e9o proposant des exercices simples de r\u00e9veil musculaire adapt\u00e9s aux enfants, id\u00e9ale pour dynamiser les \u00e9l\u00e8ves avant ou pendant les cours (4min).<\/p>\n\n\n\n<p>\ud83c\udf1f <strong>INSPIRATION <\/strong><a href=\"https:\/\/conseilsport.decathlon.fr\/assouplissements-tout-en-samusant-pour-les-enfants\" data-type=\"link\" data-id=\"https:\/\/conseilsport.decathlon.fr\/assouplissements-tout-en-samusant-pour-les-enfants\"><\/a><a href=\"https:\/\/conseilsport.decathlon.fr\/assouplissements-tout-en-samusant-pour-les-enfants\" target=\"_blank\" rel=\"noreferrer noopener\">Assouplissements tout en s\u2019amusant pour les enfants \u2013 Decathlon<\/a><br>Une s\u00e9lection de 10 exercices ludiques pour aider les enfants \u00e0 am\u00e9liorer leur souplesse tout en s&rsquo;amusant, inspir\u00e9s de la danse et adapt\u00e9s \u00e0 une pratique \u00e0 la maison.<\/p>\n<\/div>\n<\/div>\n\n\n\n<p>Des outils \u00e0 nous partager ?&nbsp;<a href=\"https:\/\/api-lux.be\/index.php\/contact\/\">Cliquez ici<\/a><\/p>\n","protected":false},"excerpt":{"rendered":"<p>\u26bd Sport &#8211; Un atelier d\u00e9di\u00e9 \u00e0 la stimulation physique douce pour am\u00e9liorer la motricit\u00e9 et la d\u00e9tente chez les enfants.<\/p>\n","protected":false},"author":6,"featured_media":0,"comment_status":"closed","ping_status":"closed","sticky":false,"template":"","format":"standard","meta":{"iawp_total_views":2,"footnotes":""},"categories":[24,22,18,5,8,47,1,26],"tags":[],"class_list":["post-632","post","type-post","status-publish","format-standard","hentry","category-adaptation-des-apprentissages","category-besoins-cognitifs","category-besoins-destime","category-besoins-physiologiques","category-bien-etre","category-fiches-outils-pour-les-professionnels","category-non-classe","category-outils-pedagogiques-pour-les-pro"],"_links":{"self":[{"href":"https:\/\/api-lux.be\/index.php\/wp-json\/wp\/v2\/posts\/632","targetHints":{"allow":["GET"]}}],"collection":[{"href":"https:\/\/api-lux.be\/index.php\/wp-json\/wp\/v2\/posts"}],"about":[{"href":"https:\/\/api-lux.be\/index.php\/wp-json\/wp\/v2\/types\/post"}],"author":[{"embeddable":true,"href":"https:\/\/api-lux.be\/index.php\/wp-json\/wp\/v2\/users\/6"}],"replies":[{"embeddable":true,"href":"https:\/\/api-lux.be\/index.php\/wp-json\/wp\/v2\/comments?post=632"}],"version-history":[{"count":15,"href":"https:\/\/api-lux.be\/index.php\/wp-json\/wp\/v2\/posts\/632\/revisions"}],"predecessor-version":[{"id":7801,"href":"https:\/\/api-lux.be\/index.php\/wp-json\/wp\/v2\/posts\/632\/revisions\/7801"}],"wp:attachment":[{"href":"https:\/\/api-lux.be\/index.php\/wp-json\/wp\/v2\/media?parent=632"}],"wp:term":[{"taxonomy":"category","embeddable":true,"href":"https:\/\/api-lux.be\/index.php\/wp-json\/wp\/v2\/categories?post=632"},{"taxonomy":"post_tag","embeddable":true,"href":"https:\/\/api-lux.be\/index.php\/wp-json\/wp\/v2\/tags?post=632"}],"curies":[{"name":"wp","href":"https:\/\/api.w.org\/{rel}","templated":true}]}}