{"id":631,"date":"2025-02-14T11:36:55","date_gmt":"2025-02-14T10:36:55","guid":{"rendered":"http:\/\/localhost\/mdi_w\/?p=631"},"modified":"2025-07-01T14:53:26","modified_gmt":"2025-07-01T12:53:26","slug":"le-sport","status":"publish","type":"post","link":"https:\/\/api-lux.be\/index.php\/2025\/02\/14\/le-sport\/","title":{"rendered":"Le sport"},"content":{"rendered":"\n<div class=\"wp-block-columns is-layout-flex wp-container-core-columns-is-layout-9d6595d7 wp-block-columns-is-layout-flex\">\n<div class=\"wp-block-column is-vertically-aligned-center is-layout-flow wp-block-column-is-layout-flow\"><div class=\"wp-block-image\">\n<figure class=\"aligncenter size-full\"><img decoding=\"async\" src=\"https:\/\/api-lux.be\/wp-content\/uploads\/2025\/02\/sport.jpg\" alt=\" \" class=\"wp-image-202\"\/><\/figure>\n<\/div><\/div>\n\n\n\n<div class=\"wp-block-column is-layout-flow wp-block-column-is-layout-flow\">\n<p>\u26bd <strong>Sport<\/strong> &#8211;  moyen de promouvoir le bien-\u00eatre et l&rsquo;\u00e9quilibre \u00e9motionnel chez les enfants et les plus grands.<\/p>\n\n\n\n<!--more-->\n\n\n\n<h2 class=\"wp-block-heading\">\u00c2ge cible<\/h2>\n\n\n\n<p>\u00c0 adapter en fonction de l&rsquo;\u00e2ge et du handicap.<\/p>\n<\/div>\n<\/div>\n\n\n\n<h2 class=\"wp-block-heading\">Descriptif de l&rsquo;outil<\/h2>\n\n\n\n<p>Le <strong>sport<\/strong> inclut une vari\u00e9t\u00e9 d&rsquo;<strong>activit\u00e9s physiques<\/strong> organis\u00e9es qui peuvent \u00eatre pratiqu\u00e9es dans des espaces de vie tels que l&rsquo;<strong>\u00e9cole<\/strong> \ud83c\udfeb, les <strong>clubs sportifs<\/strong> \ud83c\udfcb\ufe0f\u200d\u2640\ufe0f ou les <strong>centres de loisirs<\/strong> \ud83c\udf89.<\/p>\n\n\n\n<p>Les <strong>activit\u00e9s sportives<\/strong> doivent \u00eatre adapt\u00e9es aux <strong>besoins<\/strong> des <strong>enfants<\/strong>, mais surtout \u00e0 leur <strong>niveau<\/strong> \ud83d\udcca. Elles peuvent inclure des <strong>jeux collectifs<\/strong>, des <strong>sports individuels<\/strong>, des <strong>exercices de groupe<\/strong>. <br><br>Pour int\u00e9grer le <strong>sport<\/strong>, on peut organiser des <strong>s\u00e9ances r\u00e9guli\u00e8res<\/strong> dans les <strong>\u00e9tablissements scolaires<\/strong> ou lors d&rsquo;<strong>activit\u00e9s p\u00e9riscolaires<\/strong> \ud83c\udf92. Les <strong>\u00e9quipements sportifs<\/strong> peuvent \u00eatre achet\u00e9s dans des <strong>magasins sp\u00e9cialis\u00e9s<\/strong> ou obtenus aupr\u00e8s d&rsquo;<strong>organisations locales<\/strong> offrant des <strong>programmes de sport<\/strong> pour les jeunes \ud83d\udc67\ud83d\udc66.<\/p>\n\n\n\n<p>Les <strong>enfants<\/strong> peuvent pratiquer le <strong>sport<\/strong> avec leurs <strong>parents<\/strong>, avec les <strong>\u00e9ducateurs<\/strong>, avec un <strong>professeur de sport<\/strong> \u00e0 l&rsquo;<strong>\u00e9cole<\/strong>, dans un <strong>club inclusif<\/strong> ou autre.<\/p>\n\n\n\n<div class=\"wp-block-columns is-layout-flex wp-container-core-columns-is-layout-9d6595d7 wp-block-columns-is-layout-flex\">\n<div class=\"wp-block-column is-layout-flow wp-block-column-is-layout-flow\">\n<h2 class=\"wp-block-heading\">Objectif(s) d&rsquo;utilisation<\/h2>\n\n\n\n<p>\ud83e\udd1d <strong>D\u00e9velopper<\/strong> des<strong> comp\u00e9tences sociales<\/strong>.<\/p>\n\n\n\n<p>\ud83d\udcaa <strong>Am\u00e9liorer la confiance en soi<\/strong> et le <strong>d\u00e9passement de soi<\/strong>.<\/p>\n\n\n\n<p>\ud83d\ude0c <strong>G\u00e9rer son stress<\/strong>.<\/p>\n\n\n\n<p>\u2696\ufe0f <strong>Contribuer \u00e0 l&rsquo;\u00e9quilibre \u00e9motionnel<\/strong> et au d\u00e9veloppement des <strong>comp\u00e9tences interpersonnelles<\/strong>, gr\u00e2ce au <strong>cadre structur\u00e9<\/strong> n\u00e9cessaire \u00e0 l&rsquo;exercice physique.<\/p>\n\n\n\n<p>\ud83e\udd3c\u200d\u2642\ufe0f <strong>Apprendre \u00e0 agir en \u00e9quipe<\/strong>. <\/p>\n\n\n\n<p>\ud83c\udfc6 <strong>G\u00e9rer le sentiment de comp\u00e9tition<\/strong>.<\/p>\n\n\n\n<p>\ud83c\udf31 <strong>D\u00e9velopper des habitudes de vie saines<\/strong>, pour tous les environnements. <\/p>\n\n\n\n<p>\ud83d\udd17 Permet de cr\u00e9er du lien <strong>adulte\/enfant<\/strong> (\u00e9ducateur\/jeune, parents\/enfant, instituteur\/enfant).<\/p>\n<\/div>\n\n\n\n<div class=\"wp-block-column is-layout-flow wp-block-column-is-layout-flow\">\n<h2 class=\"wp-block-heading\">Variantes &#8211; am\u00e9nagement<\/h2>\n\n\n\n<p><strong>\ud83c\udfc6 Organisation de tournois sportifs<\/strong> ou de <strong>comp\u00e9titions amicales<\/strong>.<\/p>\n\n\n\n<p><strong>\ud83c\udfc5<\/strong> <strong>Cr\u00e9ation de clubs de sport<\/strong> dans les <strong>centres de loisirs<\/strong> ou <strong>\u00e9coles<\/strong>.<\/p>\n\n\n\n<p><strong>\ud83c\udfc3\u200d\u2642\ufe0f <\/strong><strong>Int\u00e9gration d&rsquo;activit\u00e9s physiques<\/strong> adapt\u00e9es au <strong>programme scolaire<\/strong>.<\/p>\n\n\n\n<p>\ud83c\udf33 <strong>Mise en place de s\u00e9ances de sport en ext\u00e9rieur<\/strong> pour encourager l\u2019<strong>activit\u00e9 physique<\/strong>.<\/p>\n\n\n\n<p>\ud83c\udfc0 <strong>Utilisation de jeux sportifs<\/strong> pour renforcer les <strong>comp\u00e9tences sociales<\/strong> et la <strong>coop\u00e9ration<\/strong>.<\/p>\n\n\n\n<p>\ud83e\udd38\u200d\u2640\ufe0f On proposera par exemple de la <strong>psychomotricit\u00e9<\/strong> aux plus jeunes, des <strong>sports collectifs<\/strong> ou <strong>individuels<\/strong> \u00e0 des plus grands, de la <strong>musculation<\/strong> \u00e0 des grands ados, et de la <strong>gym douce<\/strong> pour des personnes plus \u00e2g\u00e9es.<\/p>\n<\/div>\n<\/div>\n\n\n\n<div class=\"wp-block-columns is-layout-flex wp-container-core-columns-is-layout-9d6595d7 wp-block-columns-is-layout-flex\">\n<div class=\"wp-block-column is-layout-flow wp-block-column-is-layout-flow\">\n<h2 class=\"wp-block-heading\">Liens utiles<\/h2>\n\n\n\n<p><strong>\ud83c\udf10<\/strong> <strong>SITE INTERNET<\/strong> <a href=\"https:\/\/www.handisport.be\/\" target=\"_blank\" rel=\"noreferrer noopener\">Handisport Belgique<\/a><br>Un site d\u00e9di\u00e9 au d\u00e9veloppement et \u00e0 la promotion du sport pour les personnes en situation de handicap, proposant des ressources, des \u00e9v\u00e9nements et des informations pratiques pour favoriser l&rsquo;acc\u00e8s au sport adapt\u00e9.<\/p>\n\n\n\n<p><strong>\ud83c\udf10SITE INTERNET<\/strong> <a href=\"https:\/\/www.sportadapte.be\/\" target=\"_blank\" rel=\"noreferrer noopener\">SportAdapt\u00e9.be \u2013 F\u00e9d\u00e9ration Multisports Adapt\u00e9s (F\u00e9MA)<\/a><br>La F\u00e9MA est la f\u00e9d\u00e9ration belge francophone de sport adapt\u00e9 de loisirs, proposant plus de 35 disciplines accessibles aux personnes en situation de handicap ou de maladie, en Wallonie et \u00e0 Bruxelles. Elle f\u00e9d\u00e8re plus de 120 clubs et offre des formations, des activit\u00e9s r\u00e9guli\u00e8res et des \u00e9v\u00e9nements pour favoriser l&rsquo;inclusion par le sport. \u200b<\/p>\n\n\n\n<p>\ud83d\udcc4 <strong>M\u00c9MOIRE UNIVERSITAIREPOUR S&rsquo;INSPIRER: <\/strong><a href=\"https:\/\/sonar.ch\/hesso\/documents\/325748\" target=\"_blank\" rel=\"noreferrer noopener\">Sport et travail social : D\u00e9velopper le sport en institution<\/a><br>Travail de bachelor r\u00e9alis\u00e9 par <strong>Nicolas D\u00e9l\u00e8ze<\/strong> et <strong>Corentin Mottier<\/strong> (2023) \u00e0 la HES-SO Valais-Wallis.<br>Ce m\u00e9moire explore comment le sport peut \u00eatre utilis\u00e9 dans l&rsquo;accompagnement des enfants et adolescents pr\u00e9sentant une d\u00e9ficience intellectuelle (DI). Il analyse les bienfaits et les limites du sport en institution, en mettant en \u00e9vidence son r\u00f4le dans le d\u00e9veloppement des comp\u00e9tences sociales et l&rsquo;inclusion.<\/p>\n<\/div>\n<\/div>\n\n\n\n<p>Des outils \u00e0 nous partager ?&nbsp;<a href=\"https:\/\/api-lux.be\/index.php\/contact\/\">Cliquez ici<\/a><\/p>\n","protected":false},"excerpt":{"rendered":"<p>\u26bd Sport &#8211; moyen de promouvoir le bien-\u00eatre et l&rsquo;\u00e9quilibre \u00e9motionnel chez les enfants et les plus grands.<\/p>\n","protected":false},"author":6,"featured_media":0,"comment_status":"closed","ping_status":"closed","sticky":false,"template":"","format":"standard","meta":{"iawp_total_views":2,"footnotes":""},"categories":[24,28,4,27,14,18,9,5,8,12,46,48,49,47,19,17,20,11,6,7,21],"tags":[],"class_list":["post-631","post","type-post","status-publish","format-standard","hentry","category-adaptation-des-apprentissages","category-autonomie-et-responsabilisation","category-besoins","category-besoins-daccomplissement","category-besoins-dappartenance","category-besoins-destime","category-besoins-de-securite","category-besoins-physiologiques","category-bien-etre","category-cadre-et-limites","category-fiches-outils","category-fiches-outils-pour-les-aidants-proches","category-fiches-outils-pour-les-jeunes","category-fiches-outils-pour-les-professionnels","category-gestion-des-emotions","category-inclusion-sociale-et-reseau-sociaux","category-individualisation","category-rituels","category-sante-alimentation-sommeil-hygiene","category-soin-pistes-et-outils-professionnels","category-valorisation-confiance"],"_links":{"self":[{"href":"https:\/\/api-lux.be\/index.php\/wp-json\/wp\/v2\/posts\/631","targetHints":{"allow":["GET"]}}],"collection":[{"href":"https:\/\/api-lux.be\/index.php\/wp-json\/wp\/v2\/posts"}],"about":[{"href":"https:\/\/api-lux.be\/index.php\/wp-json\/wp\/v2\/types\/post"}],"author":[{"embeddable":true,"href":"https:\/\/api-lux.be\/index.php\/wp-json\/wp\/v2\/users\/6"}],"replies":[{"embeddable":true,"href":"https:\/\/api-lux.be\/index.php\/wp-json\/wp\/v2\/comments?post=631"}],"version-history":[{"count":15,"href":"https:\/\/api-lux.be\/index.php\/wp-json\/wp\/v2\/posts\/631\/revisions"}],"predecessor-version":[{"id":7800,"href":"https:\/\/api-lux.be\/index.php\/wp-json\/wp\/v2\/posts\/631\/revisions\/7800"}],"wp:attachment":[{"href":"https:\/\/api-lux.be\/index.php\/wp-json\/wp\/v2\/media?parent=631"}],"wp:term":[{"taxonomy":"category","embeddable":true,"href":"https:\/\/api-lux.be\/index.php\/wp-json\/wp\/v2\/categories?post=631"},{"taxonomy":"post_tag","embeddable":true,"href":"https:\/\/api-lux.be\/index.php\/wp-json\/wp\/v2\/tags?post=631"}],"curies":[{"name":"wp","href":"https:\/\/api.w.org\/{rel}","templated":true}]}}