{"id":628,"date":"2025-02-14T11:36:55","date_gmt":"2025-02-14T10:36:55","guid":{"rendered":"http:\/\/localhost\/mdi_w\/?p=628"},"modified":"2025-07-01T14:49:44","modified_gmt":"2025-07-01T12:49:44","slug":"ateliers-massage","status":"publish","type":"post","link":"https:\/\/api-lux.be\/index.php\/2025\/02\/14\/ateliers-massage\/","title":{"rendered":"Ateliers massage"},"content":{"rendered":"\n<div class=\"wp-block-columns is-layout-flex wp-container-core-columns-is-layout-9d6595d7 wp-block-columns-is-layout-flex\">\n<div class=\"wp-block-column is-vertically-aligned-center is-layout-flow wp-block-column-is-layout-flow\"><div class=\"wp-block-image\">\n<figure class=\"aligncenter size-full\"><img decoding=\"async\" src=\"https:\/\/api-lux.be\/wp-content\/uploads\/2025\/02\/atelier_massage.jpg\" alt=\" \" class=\"wp-image-202\"\/><\/figure>\n<\/div><\/div>\n\n\n\n<div class=\"wp-block-column is-layout-flow wp-block-column-is-layout-flow\">\n<p>\ud83e\uddd1\u200d\u2695\ufe0f <strong>Outil professionnel d\u2019accompagnement sp\u00e9cialis\u00e9<\/strong>&nbsp; &#8211; Les ateliers de massage sont pratiqu\u00e9s pour favoriser la relaxation et le bien-\u00eatre.<\/p>\n\n\n\n<!--more-->\n\n\n\n<h2 class=\"wp-block-heading\">\u00c2ge cible<\/h2>\n\n\n\n<p><strong>A partir de 2-3 ans<\/strong>, en fonction des techniques et du niveau de confort des enfants.<\/p>\n<\/div>\n<\/div>\n\n\n\n<h2 class=\"wp-block-heading\">Descriptif de l&rsquo;outil<\/h2>\n\n\n\n<p>\ud83e\uddd8\u200d\u2640\ufe0f <strong>Ces ateliers<\/strong> permettent aux enfants d\u2019avoir acc\u00e8s \u00e0 cette forme de <strong>d\u00e9tente<\/strong>, \u00e0 <strong>g\u00e9rer leur stress<\/strong>, \u00e0 d\u00e9velopper le <strong>sens du toucher<\/strong> et \u00e0 \u00e9veiller leur <strong>rapport au corps<\/strong> \u00e0 travers des gestes simples et des <strong>routines de massage<\/strong>.<\/p>\n\n\n\n<p>Les techniques peuvent inclure des <strong>massages des mains<\/strong>, des <strong>\u00e9paules<\/strong> ou du <strong>dos<\/strong>.<\/p>\n\n\n\n<p>\ud83d\udccd On peut trouver ces ateliers dans des <strong>centres sp\u00e9cialis\u00e9s en bien-\u00eatre<\/strong> ou <strong>multidisciplinaires<\/strong>.<\/p>\n\n\n\n<p>\ud83c\udf93 <strong>Des formations<\/strong> peuvent \u00eatre trouv\u00e9es sur des <strong>plateformes<\/strong> proposant des formations pour <strong>animateurs<\/strong> \ud83d\udc68\u200d\ud83c\udfeb.<\/p>\n\n\n\n<div class=\"wp-block-columns is-layout-flex wp-container-core-columns-is-layout-9d6595d7 wp-block-columns-is-layout-flex\">\n<div class=\"wp-block-column is-layout-flow wp-block-column-is-layout-flow\">\n<h2 class=\"wp-block-heading\">Objectif(s) d&rsquo;utilisation<\/h2>\n\n\n\n<p>\ud83e\uddd8\u200d\u2640\ufe0f <strong>Aider les enfants \u00e0 se d\u00e9tendre<\/strong> et \u00e0 mieux <strong>g\u00e9rer leur stress<\/strong> en utilisant des <strong>techniques de relaxation<\/strong>.<\/p>\n\n\n\n<p>\ud83e\udde0 <strong>Favoriser une meilleure conscience corporelle<\/strong> et am\u00e9liorer la <strong>concentration<\/strong> et le <strong>comportement<\/strong> en permettant aux enfants de <strong>lib\u00e9rer des tensions<\/strong>.<\/p>\n\n\n\n<p>\ud83c\udfeb <strong>G\u00e9rer le stress<\/strong> dans les <strong>environnements \u00e9ducatifs<\/strong> et <strong>r\u00e9cr\u00e9atifs<\/strong>, afin d&rsquo;am\u00e9liorer le <strong>d\u00e9veloppement global de l&rsquo;enfant<\/strong>.<\/p>\n\n\n\n<p>\ud83d\udc96 <strong>Encourager la relaxation<\/strong> et le <strong>bien-\u00eatre physique et \u00e9motionnel<\/strong> chez les enfants .<\/p>\n<\/div>\n\n\n\n<div class=\"wp-block-column is-layout-flow wp-block-column-is-layout-flow\">\n<h2 class=\"wp-block-heading\">Variantes &#8211; am\u00e9nagements<\/h2>\n\n\n\n<p>\ud83e\udd32 <strong>S\u00e9ances de massage en petits groupes<\/strong> dans des <strong>classes<\/strong> ou <strong>ateliers<\/strong>.<\/p>\n\n\n\n<p>\ud83e\uddd8\u200d\u2642\ufe0f <strong>Int\u00e9gration de techniques de relaxation<\/strong> dans des <strong>programmes de gestion du stress<\/strong>.<\/p>\n\n\n\n<p>\u23f8\ufe0f <strong>Cr\u00e9ation de moments de relaxation<\/strong> pendant les <strong>pauses scolaires<\/strong> ou les <strong>activit\u00e9s p\u00e9riscolaires<\/strong>.<\/p>\n\n\n\n<p>\ud83c\udf93 <strong>Formation des \u00e9ducateurs et animateurs<\/strong> pour qu\u2019ils puissent appliquer ces <strong>techniques au quotidien<\/strong>.<\/p>\n\n\n\n<p>\ud83d\udcf1 <strong>Utilisation de vid\u00e9os ou d\u2019applications<\/strong> pour guider les enfants dans les <strong>techniques de massage<\/strong>.<\/p>\n<\/div>\n<\/div>\n\n\n\n<div class=\"wp-block-columns is-layout-flex wp-container-core-columns-is-layout-9d6595d7 wp-block-columns-is-layout-flex\">\n<div class=\"wp-block-column is-layout-flow wp-block-column-is-layout-flow\">\n<h2 class=\"wp-block-heading\">Liens utiles<\/h2>\n\n\n\n<p><strong>\ud83d\udcf0<\/strong> <strong>ARTICLE<\/strong> <a href=\"https:\/\/www.educatout.com\/enfants-besoins-particuliers\/activites\/le-pouvoir-des-massages-avec-les-enfants.htm\" target=\"_blank\" rel=\"noreferrer noopener\">Le pouvoir des massages avec les enfants \u2013 Educatout<\/a>Une exploration des bienfaits du massage chez les enfants, soulignant son r\u00f4le dans la concentration corporelle, la d\u00e9tente et la r\u00e9duction du stress.<\/p>\n\n\n\n<p>\ud83d\udca1 Pour s&rsquo;inspirer: <strong>DOCUMENT PDF<\/strong> <a href=\"https:\/\/wallopoly.be\/wp-content\/uploads\/2020\/06\/Fiche-activit%C3%A9-15-Massage-mains-bis.pdf\" target=\"_blank\" rel=\"noreferrer noopener\">Massage des mains \u2013 Activit\u00e9 n\u00b015 (Wallopoly)<\/a><br>Une fiche d\u00e9taill\u00e9e proposant une activit\u00e9 de massage des mains adapt\u00e9e aux enfants polyhandicap\u00e9s, avec des conseils pratiques pour cr\u00e9er un moment de d\u00e9tente et de bien-\u00eatre.<\/p>\n<\/div>\n<\/div>\n\n\n\n<p>Des outils \u00e0 nous partager ?&nbsp;<a href=\"https:\/\/api-lux.be\/index.php\/contact\/\">Cliquez ici<\/a><\/p>\n","protected":false},"excerpt":{"rendered":"<p>\ud83e\uddd1\u200d\u2695\ufe0f Outil professionnel d\u2019accompagnement sp\u00e9cialis\u00e9&nbsp; &#8211; Les ateliers de massage sont pratiqu\u00e9s pour favoriser la relaxation et le bien-\u00eatre.<\/p>\n","protected":false},"author":6,"featured_media":0,"comment_status":"closed","ping_status":"closed","sticky":false,"template":"","format":"standard","meta":{"iawp_total_views":1,"footnotes":""},"categories":[4,18,5,8,46,48,47,19,6,7],"tags":[],"class_list":["post-628","post","type-post","status-publish","format-standard","hentry","category-besoins","category-besoins-destime","category-besoins-physiologiques","category-bien-etre","category-fiches-outils","category-fiches-outils-pour-les-aidants-proches","category-fiches-outils-pour-les-professionnels","category-gestion-des-emotions","category-sante-alimentation-sommeil-hygiene","category-soin-pistes-et-outils-professionnels"],"_links":{"self":[{"href":"https:\/\/api-lux.be\/index.php\/wp-json\/wp\/v2\/posts\/628","targetHints":{"allow":["GET"]}}],"collection":[{"href":"https:\/\/api-lux.be\/index.php\/wp-json\/wp\/v2\/posts"}],"about":[{"href":"https:\/\/api-lux.be\/index.php\/wp-json\/wp\/v2\/types\/post"}],"author":[{"embeddable":true,"href":"https:\/\/api-lux.be\/index.php\/wp-json\/wp\/v2\/users\/6"}],"replies":[{"embeddable":true,"href":"https:\/\/api-lux.be\/index.php\/wp-json\/wp\/v2\/comments?post=628"}],"version-history":[{"count":15,"href":"https:\/\/api-lux.be\/index.php\/wp-json\/wp\/v2\/posts\/628\/revisions"}],"predecessor-version":[{"id":7797,"href":"https:\/\/api-lux.be\/index.php\/wp-json\/wp\/v2\/posts\/628\/revisions\/7797"}],"wp:attachment":[{"href":"https:\/\/api-lux.be\/index.php\/wp-json\/wp\/v2\/media?parent=628"}],"wp:term":[{"taxonomy":"category","embeddable":true,"href":"https:\/\/api-lux.be\/index.php\/wp-json\/wp\/v2\/categories?post=628"},{"taxonomy":"post_tag","embeddable":true,"href":"https:\/\/api-lux.be\/index.php\/wp-json\/wp\/v2\/tags?post=628"}],"curies":[{"name":"wp","href":"https:\/\/api.w.org\/{rel}","templated":true}]}}