{"id":627,"date":"2025-02-14T11:36:55","date_gmt":"2025-02-14T10:36:55","guid":{"rendered":"http:\/\/localhost\/mdi_w\/?p=627"},"modified":"2025-07-01T14:49:30","modified_gmt":"2025-07-01T12:49:30","slug":"structurer-la-tache","status":"publish","type":"post","link":"https:\/\/api-lux.be\/index.php\/2025\/02\/14\/structurer-la-tache\/","title":{"rendered":"Structurer &#8211; d\u00e9couper la t\u00e2che"},"content":{"rendered":"\n<div class=\"wp-block-columns is-layout-flex wp-container-core-columns-is-layout-9d6595d7 wp-block-columns-is-layout-flex\">\n<div class=\"wp-block-column is-vertically-aligned-center is-layout-flow wp-block-column-is-layout-flow\"><div class=\"wp-block-image\">\n<figure class=\"aligncenter size-full\"><img decoding=\"async\" src=\"https:\/\/api-lux.be\/wp-content\/uploads\/2025\/02\/structurer_la_tache.jpg\" alt=\" \" class=\"wp-image-202\"\/><\/figure>\n<\/div><\/div>\n\n\n\n<div class=\"wp-block-column is-layout-flow wp-block-column-is-layout-flow\">\n<p>\ud83c\udfaf <strong>Strat\u00e9gies d&rsquo;apprentissage<\/strong> &#8211; Outil visant \u00e0 faciliter la r\u00e9alisation d&rsquo;une t\u00e2che complexe en la divisant en plusieurs \u00e9tapes. Cet outil permet d&rsquo;atteindre, avec plus d&rsquo;aisance, l&rsquo;objectif vis\u00e9.<\/p>\n\n\n\n<!--more-->\n\n\n\n<h2 class=\"wp-block-heading\">\u00c2ge cible<\/h2>\n\n\n\n<p>A partir de <strong>3 ans<\/strong>, en fonction de la complexit\u00e9 des t\u00e2ches \u00e0 structurer.<\/p>\n<\/div>\n<\/div>\n\n\n\n<h2 class=\"wp-block-heading\">Descriptif de l&rsquo;outil<\/h2>\n\n\n\n<p>\ud83e\udde9 <strong>La structuration de la t\u00e2che<\/strong> est une m\u00e9thode d\u2019organisation qui consiste \u00e0 d\u00e9couper une activit\u00e9 complexe en <strong>sous-t\u00e2ches<\/strong> plus simples.<\/p>\n\n\n\n<p>\ud83e\udde0 Cette approche est utile pour aider les <strong>enfants<\/strong> \u00e0 comprendre les <strong>\u00e9tapes n\u00e9cessaires<\/strong> pour accomplir une t\u00e2che et \u00e9viter la <strong>surcharge cognitive<\/strong>.<\/p>\n\n\n\n<p>\ud83d\udcdd Pour l&rsquo;utiliser, il suffit d&rsquo;\u00e9laborer un <strong>plan<\/strong> ou une <strong>liste d&rsquo;\u00e9tapes<\/strong>, en expliquant clairement chaque \u00e9tape et en fournissant des <strong>aides visuelles<\/strong> si n\u00e9cessaire.<\/p>\n\n\n\n<p>\ud83c\udfaf Cette m\u00e9thode aide \u00e0 am\u00e9liorer la <strong>concentration<\/strong> et \u00e0 r\u00e9duire l&rsquo;<strong>anxi\u00e9t\u00e9<\/strong> li\u00e9e aux t\u00e2ches complexes.<\/p>\n\n\n\n<p>\ud83d\udcda Les <strong>supports<\/strong> pour cette m\u00e9thode peuvent \u00eatre trouv\u00e9s dans les <strong>librairies sp\u00e9cialis\u00e9es en \u00e9ducation<\/strong> ou sur des sites en ligne d\u00e9di\u00e9s \u00e0 la <strong>p\u00e9dagogie<\/strong>.<\/p>\n\n\n\n<p>\ud83d\udd0d Par exemple, des <strong>pictogrammes<\/strong> avec les <strong>images dans l&rsquo;ordre<\/strong> pour se d\u00e9shabiller et s&rsquo;habiller, ou encore pour ne rien oublier lorsqu&rsquo;on se lave&#8230;<\/p>\n\n\n\n<p>\ud83d\udccc <strong>Voici les 7 \u00e9tapes pour d\u00e9composer les t\u00e2ches complexes :<\/strong><\/p>\n\n\n\n<p>1\ufe0f\u20e3  <strong>Tenez compte de toutes les \u00e9tapes n\u00e9cessaires \u00e0 la r\u00e9ussite d\u2019une t\u00e2che<\/strong> : <br>\u2714\ufe0f Par exemple : \u00ab\u00a0<em>Rangez la cuisine apr\u00e8s le repas<\/em>\u00ab\u00a0, une t\u00e2che qui comprend plusieurs \u00e9tapes comme : d\u00e9barrasser la table, mettre les ustensiles dans le lave-vaisselle, laver, essuyer et ranger les ustensiles de cuisine, nettoyer la table, passer un coup de balai, etc.<\/p>\n\n\n\n<p>2\ufe0f\u20e3  <strong>D\u00e9composez la t\u00e2che en petites \u00e9tapes<\/strong> : <br>\u2714\ufe0f D\u00e9composer en \u00e9tapes ind\u00e9pendantes ou class\u00e9es par ordre (du plus simple au plus complexe). Exemple : \u00ab <em>Sortez les assiettes et installez-les sur la table.<\/em> \u00bb<\/p>\n\n\n\n<p>3\ufe0f\u20e3  <strong>Faites un suivi et donnez une r\u00e9troaction<\/strong> : <br>\u2714\ufe0f V\u00e9rifiez que l&rsquo;enfant a compris toutes les \u00e9tapes : \u00ab\u00a0<em>As-tu bien compris la t\u00e2che ?<\/em>\u00ab\u00a0, \u00ab\u00a0<em>As-tu oubli\u00e9 quelque chose<\/em> ?\u00a0\u00bb, \u00ab\u00a0<em>Que dois-tu v\u00e9rifier <\/em>?\u00a0\u00bb <br>\u2714\ufe0f Offrez un retour \u00e0 chaque \u00e9tape et encouragez : \u00ab <em>Bravo ! Tu as sorti les assiettes, mais il semble que tu as oubli\u00e9 de les installer \u00e0 table.<\/em> \u00bb<\/p>\n\n\n\n<p>4\ufe0f\u20e3  <strong>Annoncez-lui progressivement les prochaines \u00e9tapes<\/strong> : <br>\u2714\ufe0f Une fois qu&rsquo;il a termin\u00e9 une \u00e9tape, annoncez-lui la suivante. Encouragez et commentez jusqu&rsquo;\u00e0 la fin. Exemple : \u00ab\u00a0<em>Maintenant, j&rsquo;aimerais que tu poses une assiette \u00e0 chaque place, puis que tu y ajoutes des couverts.<\/em>\u00ab\u00a0<\/p>\n\n\n\n<p>5\ufe0f\u20e3  <strong>Assurez-vous que l&rsquo;enfant r\u00e9ussisse chaque \u00e9tape<\/strong> : <br>\u2714\ufe0f Chaque victoire compte ! Commencez par quelques \u00e9tapes \u00e0 la fois et ajoutez-en d&rsquo;autres progressivement. <br>\u2714\ufe0f Si l&rsquo;enfant r\u00e9ussit deux \u00e9tapes sans rappel, introduisez une troisi\u00e8me. Si une \u00e9tape pose probl\u00e8me, ne pas en ajouter d&rsquo;autres pour l&rsquo;instant.<\/p>\n\n\n\n<p>6\ufe0f\u20e3 <strong>Notez les t\u00e2ches \u00e0 faire<\/strong> : <br>\u2714\ufe0f Utilisez des photos, des pictogrammes ou des mots pour aider l&rsquo;enfant \u00e0 se souvenir. <br>\u2714\ufe0f Une <a href=\"https:\/\/api-lux.be\/index.php\/2025\/02\/14\/check-list\/\" target=\"_blank\" rel=\"noreferrer noopener\">check-list<\/a> permet \u00e0 l&rsquo;enfant de v\u00e9rifier son avancement sans demander plusieurs fois. Cela favorise son autonomie.<\/p>\n\n\n\n<p>7\ufe0f\u20e3  <strong>Impliquez l&rsquo;enfant dans l&rsquo;organisation des t\u00e2ches<\/strong> : <br>\u2714\ufe0f Lui permettre de participer \u00e0 la planification l&rsquo;aidera \u00e0 mieux s&rsquo;approprier les t\u00e2ches. <br>\u2714\ufe0f Les enfants plus jeunes ou en situation de handicap doivent bien percevoir l&rsquo;ordre des t\u00e2ches.<\/p>\n\n\n\n<div class=\"wp-block-columns is-layout-flex wp-container-core-columns-is-layout-9d6595d7 wp-block-columns-is-layout-flex\">\n<div class=\"wp-block-column is-layout-flow wp-block-column-is-layout-flow\">\n<h2 class=\"wp-block-heading\">Objectif(s) d&rsquo;utilisation<\/h2>\n\n\n\n<p>\ud83d\udccc <strong>Rendre les t\u00e2ches plus accessibles<\/strong> en les d\u00e9composant en <strong>\u00e9tapes claires et r\u00e9alisables<\/strong>.<\/p>\n\n\n\n<p>\ud83e\udde0 <strong>Aider les enfants<\/strong> \u00e0 d\u00e9velopper des <strong>comp\u00e9tences organisationnelles<\/strong> et \u00e0 mieux comprendre le <strong>processus de r\u00e9alisation d&rsquo;une t\u00e2che<\/strong>.<\/p>\n\n\n\n<p>\ud83d\udd0e <strong>Progresser \u00e9tape par \u00e9tape<\/strong>, favorisant ainsi la <strong>r\u00e9ussite<\/strong> et la <strong>confiance en soi<\/strong>.<\/p>\n\n\n\n<p>\u23f3 <strong>Faciliter l&rsquo;ex\u00e9cution des t\u00e2ches complexes<\/strong> en r\u00e9duisant la <strong>surcharge cognitive<\/strong> et en am\u00e9liorant la <strong>gestion du temps<\/strong> et des ressources.<\/p>\n<\/div>\n\n\n\n<div class=\"wp-block-column is-layout-flow wp-block-column-is-layout-flow\">\n<h2 class=\"wp-block-heading\">Variantes &#8211; am\u00e9nagements<\/h2>\n\n\n\n<p>\ud83d\udccc <strong>Cr\u00e9ation de tableaux de t\u00e2ches avec des pictogrammes<\/strong> pour les jeunes enfants.<\/p>\n\n\n\n<p>\ud83d\udccb <strong>Utilisation de listes de contr\u00f4le<\/strong> pour les projets scolaires ou activit\u00e9s de loisirs.<\/p>\n\n\n\n<p>\ud83d\udcf1 <strong>Utilisation d\u2019applications num\u00e9riques<\/strong> pour suivre les progr\u00e8s d\u2019une t\u00e2che.<\/p>\n\n\n\n<p>\ud83c\udfb2 <strong>Adaptation de la m\u00e9thode pour des activit\u00e9s de groupe<\/strong> en utilisant des cartes de r\u00f4les.<\/p>\n<\/div>\n<\/div>\n\n\n\n<div class=\"wp-block-columns is-layout-flex wp-container-core-columns-is-layout-9d6595d7 wp-block-columns-is-layout-flex\">\n<div class=\"wp-block-column is-layout-flow wp-block-column-is-layout-flow\">\n<h2 class=\"wp-block-heading\">Liens utiles<\/h2>\n\n\n\n<p><strong>\ud83d\udcf0<\/strong> <strong>ARTICLE<\/strong> <a href=\"https:\/\/naitreetgrandir.com\/fr\/etape\/5-8-ans\/ecole\/aider-enfant-organiser\/\" target=\"_blank\" rel=\"noreferrer noopener\">Aider son enfant \u00e0 s\u2019organiser \u2013 Na\u00eetre et grandir<\/a><br>Des conseils pratiques pour aider les enfants de 5 \u00e0 8 ans \u00e0 d\u00e9velopper leur sens de l&rsquo;organisation, \u00e0 g\u00e9rer leur temps et \u00e0 structurer leur environnement.<\/p>\n\n\n\n<p>\ud83c\udfa5 <strong>VID\u00c9O<\/strong><a href=\"https:\/\/ita-prod.cf-bbox.com\/s-informer\/decomposer-taches-complexes-eleves-video\" data-type=\"link\" data-id=\"https:\/\/ita-prod.cf-bbox.com\/s-informer\/decomposer-taches-complexes-eleves-video\"> <\/a><a href=\"https:\/\/ita-prod.cf-bbox.com\/s-informer\/decomposer-taches-complexes-eleves-video\" target=\"_blank\" rel=\"noreferrer noopener\">D\u00e9composer les t\u00e2ches complexes pour favoriser la r\u00e9ussite des \u00e9l\u00e8ves \u2013 Institut TA<\/a> (4min50)<br>Une capsule vid\u00e9o pr\u00e9sentant des strat\u00e9gies concr\u00e8tes pour aider les \u00e9l\u00e8ves, notamment ceux ayant des troubles d&rsquo;apprentissage, \u00e0 g\u00e9rer les t\u00e2ches complexes en les d\u00e9composant en \u00e9tapes simples et accessibles.<\/p>\n<\/div>\n<\/div>\n\n\n\n<p>Des outils \u00e0 nous partager ?&nbsp;<a href=\"https:\/\/api-lux.be\/index.php\/contact\/\">Cliquez ici<\/a><\/p>\n","protected":false},"excerpt":{"rendered":"<p>\ud83c\udfaf Strat\u00e9gies d&rsquo;apprentissage &#8211; Outil visant \u00e0 faciliter la r\u00e9alisation d&rsquo;une t\u00e2che complexe en la divisant en plusieurs \u00e9tapes. Cet outil permet d&rsquo;atteindre, avec plus d&rsquo;aisance, l&rsquo;objectif vis\u00e9.<\/p>\n","protected":false},"author":6,"featured_media":0,"comment_status":"closed","ping_status":"closed","sticky":false,"template":"","format":"standard","meta":{"iawp_total_views":35,"footnotes":""},"categories":[24,10,28,4,22,27,18,9,13,23,46,48,47,19,20,1,26,21],"tags":[],"class_list":["post-627","post","type-post","status-publish","format-standard","hentry","category-adaptation-des-apprentissages","category-amenagement-environnement","category-autonomie-et-responsabilisation","category-besoins","category-besoins-cognitifs","category-besoins-daccomplissement","category-besoins-destime","category-besoins-de-securite","category-coherence","category-communication","category-fiches-outils","category-fiches-outils-pour-les-aidants-proches","category-fiches-outils-pour-les-professionnels","category-gestion-des-emotions","category-individualisation","category-non-classe","category-outils-pedagogiques-pour-les-pro","category-valorisation-confiance"],"_links":{"self":[{"href":"https:\/\/api-lux.be\/index.php\/wp-json\/wp\/v2\/posts\/627","targetHints":{"allow":["GET"]}}],"collection":[{"href":"https:\/\/api-lux.be\/index.php\/wp-json\/wp\/v2\/posts"}],"about":[{"href":"https:\/\/api-lux.be\/index.php\/wp-json\/wp\/v2\/types\/post"}],"author":[{"embeddable":true,"href":"https:\/\/api-lux.be\/index.php\/wp-json\/wp\/v2\/users\/6"}],"replies":[{"embeddable":true,"href":"https:\/\/api-lux.be\/index.php\/wp-json\/wp\/v2\/comments?post=627"}],"version-history":[{"count":16,"href":"https:\/\/api-lux.be\/index.php\/wp-json\/wp\/v2\/posts\/627\/revisions"}],"predecessor-version":[{"id":7796,"href":"https:\/\/api-lux.be\/index.php\/wp-json\/wp\/v2\/posts\/627\/revisions\/7796"}],"wp:attachment":[{"href":"https:\/\/api-lux.be\/index.php\/wp-json\/wp\/v2\/media?parent=627"}],"wp:term":[{"taxonomy":"category","embeddable":true,"href":"https:\/\/api-lux.be\/index.php\/wp-json\/wp\/v2\/categories?post=627"},{"taxonomy":"post_tag","embeddable":true,"href":"https:\/\/api-lux.be\/index.php\/wp-json\/wp\/v2\/tags?post=627"}],"curies":[{"name":"wp","href":"https:\/\/api.w.org\/{rel}","templated":true}]}}