{"id":624,"date":"2025-02-14T11:36:55","date_gmt":"2025-02-14T10:36:55","guid":{"rendered":"http:\/\/localhost\/mdi_w\/?p=624"},"modified":"2025-07-01T14:49:07","modified_gmt":"2025-07-01T12:49:07","slug":"cadre-serein-repas","status":"publish","type":"post","link":"https:\/\/api-lux.be\/index.php\/2025\/02\/14\/cadre-serein-repas\/","title":{"rendered":"Instaurer un cadre serein pendant les repas"},"content":{"rendered":"\n<div class=\"wp-block-columns is-layout-flex wp-container-core-columns-is-layout-9d6595d7 wp-block-columns-is-layout-flex\">\n<div class=\"wp-block-column is-vertically-aligned-center is-layout-flow wp-block-column-is-layout-flow\"><div class=\"wp-block-image\">\n<figure class=\"aligncenter size-large\"><img loading=\"lazy\" decoding=\"async\" width=\"1024\" height=\"643\" src=\"https:\/\/api-lux.be\/wp-content\/uploads\/2025\/02\/pexels-alex-green-5692275-1024x643.jpg\" alt=\"\" class=\"wp-image-2043\" srcset=\"https:\/\/api-lux.be\/wp-content\/uploads\/2025\/02\/pexels-alex-green-5692275-1024x643.jpg 1024w, https:\/\/api-lux.be\/wp-content\/uploads\/2025\/02\/pexels-alex-green-5692275-300x188.jpg 300w, https:\/\/api-lux.be\/wp-content\/uploads\/2025\/02\/pexels-alex-green-5692275-768x482.jpg 768w, https:\/\/api-lux.be\/wp-content\/uploads\/2025\/02\/pexels-alex-green-5692275-1536x964.jpg 1536w, https:\/\/api-lux.be\/wp-content\/uploads\/2025\/02\/pexels-alex-green-5692275-2048x1286.jpg 2048w\" sizes=\"auto, (max-width: 1024px) 100vw, 1024px\" \/><\/figure>\n<\/div><\/div>\n\n\n\n<div class=\"wp-block-column is-layout-flow wp-block-column-is-layout-flow\">\n<p><br>\ud83d\udcc5 <strong>Organisation : adaptation p\u00e9dagogique du quotidien<\/strong> &#8211; Cr\u00e9er un environnement calme et apaisant durant les moments de repas pour permettre \u00e0 l&rsquo;enfant de s&rsquo;alimenter correctement dans un endroit s\u00e9curisant.<\/p>\n\n\n\n<!--more-->\n\n\n\n<h2 class=\"wp-block-heading\">\u00c2ge cible <\/h2>\n\n\n\n<p>Pas d&rsquo;\u00e2ge pr\u00e9cis.<\/p>\n<\/div>\n<\/div>\n\n\n\n<h2 class=\"wp-block-heading\">Descriptif de l&rsquo;outil<\/h2>\n\n\n\n<p>\ud83c\udf7d\ufe0f <strong>Apporter un cadre serein pendant les repas<\/strong> consiste \u00e0 organiser des repas dans un environnement calme, bienveillant et structur\u00e9, o\u00f9 les jeunes peuvent se nourrir sans stress.<\/p>\n\n\n\n<p>\u23f3 <strong>Ce cadre se caract\u00e9rise<\/strong> par une routine r\u00e9guli\u00e8re, un espace de repas accueillant (lumi\u00e8re douce, bruits apaisants) et des interactions positives durant les repas.<\/p>\n\n\n\n<p>\ud83d\udd12 <strong>En s\u00e9curisant l\u2019enfant<\/strong> dans ces moments avec des rep\u00e8res clairs, certains comportements pourraient ainsi \u00eatre \u00e9vit\u00e9s (refus, agitation ou anxi\u00e9t\u00e9&#8230;).<\/p>\n\n\n\n<p>\ud83e\udde9 <strong>Cet outil est particuli\u00e8rement adapt\u00e9<\/strong> pour des jeunes ayant des difficult\u00e9s \u00e0 se concentrer ou \u00e0 r\u00e9guler leurs \u00e9motions lors des repas.<\/p>\n\n\n\n<p>\ud83d\uddbc\ufe0f <strong>Les outils comme les pictogrammes<\/strong> peuvent aider \u00e0 structurer visuellement le d\u00e9roulement des repas.<\/p>\n\n\n\n<p>\ud83d\uded2 <strong>Il est possible de se procurer<\/strong> des \u00e9quipements sp\u00e9cifiques (vaisselle adapt\u00e9e, mobilier ergonomique) en magasins sp\u00e9cialis\u00e9s ou en ligne.<\/p>\n\n\n\n<div class=\"wp-block-columns is-layout-flex wp-container-core-columns-is-layout-9d6595d7 wp-block-columns-is-layout-flex\">\n<div class=\"wp-block-column is-layout-flow wp-block-column-is-layout-flow\">\n<h2 class=\"wp-block-heading\">Objectif(s) d&rsquo;utilisation<\/h2>\n\n\n\n<p>\ud83c\udf7d\ufe0f <strong>Favoriser des repas sereins<\/strong>, o\u00f9 les jeunes se sentent en s\u00e9curit\u00e9.<\/p>\n\n\n\n<p>\ud83d\udc99 <strong>Permettre une meilleure r\u00e9gulation<\/strong> alimentaire et \u00e9motionnelle.<\/p>\n\n\n\n<p>\ud83c\udf3f <strong>Assurer une atmosph\u00e8re calme<\/strong> et des rep\u00e8res stables, afin de permettre aux jeunes de mieux g\u00e9rer leurs comportements alimentaires, augmenter le plaisir de manger et \u00e9viter les r\u00e9actions impulsives.<\/p>\n\n\n\n<p>\ud83e\udd57 <strong>Installer des habitudes alimentaires \u00e9quilibr\u00e9es<\/strong> et une relation saine avec l&rsquo;alimentation.<\/p>\n\n\n\n<p>\u23f3 <strong>Ralentir le rythme<\/strong> des repas.<\/p>\n\n\n\n<p>\u26a0\ufe0f <strong>Limiter les fausses routes<\/strong>.<\/p>\n<\/div>\n\n\n\n<div class=\"wp-block-column is-layout-flow wp-block-column-is-layout-flow\">\n<h2 class=\"wp-block-heading\">Variantes &#8211; am\u00e9nagement<\/h2>\n\n\n\n<p>\ud83c\udf3f <strong>Introduire des pauses sensorielles<\/strong> avant les repas : relaxation \ud83e\uddd8, respiration \ud83c\udf2c\ufe0f, etc.<\/p>\n\n\n\n<p>\ud83d\uddbc\ufe0f <strong>Utiliser des outils visuels<\/strong> comme des pictogrammes pour structurer les \u00e9tapes du repas.<\/p>\n\n\n\n<p>\ud83c\udfa8 <strong>Am\u00e9nager un espace de repas<\/strong> avec des couleurs apaisantes et des lumi\u00e8res douces.<\/p>\n\n\n\n<p>\ud83d\ude0c <strong>Proposer un moment calme apr\u00e8s le repas<\/strong>, avec un espace de repos pour favoriser la digestion.<br><\/p>\n<\/div>\n<\/div>\n\n\n\n<h2 class=\"wp-block-heading\">Liens utiles<\/h2>\n\n\n\n<p>\ud83d\udcc4 <strong>DOCUMENT PDF<\/strong> <a href=\"https:\/\/www.gardescolaire.org\/wp-content\/uploads\/2017\/02\/repas_AMBIANCE.pdf\" target=\"_blank\" rel=\"noreferrer noopener\">Pour une ambiance agr\u00e9able aux repas \u2013 gardescolaire.org<\/a><br>Ce guide propose des conseils pratiques pour instaurer un climat serein et convivial lors des repas en milieu scolaire, favorisant ainsi le bien-\u00eatre des enfants et l&rsquo;adoption de saines habitudes alimentaires.<\/p>\n\n\n\n<p>\ud83c\udfa5 <strong>VID\u00c9O youtube <\/strong><a href=\"https:\/\/www.youtube.com\/watch?v=C7NdShlrRAQ\" target=\"_blank\" rel=\"noreferrer noopener\">Manger \u00e9quilibr\u00e9, \u00e7a veut dire quoi ? \u2013 MA SANT\u00c9.RE<\/a>Une vid\u00e9o p\u00e9dagogique qui explique de mani\u00e8re simple et accessible les principes d&rsquo;une alimentation \u00e9quilibr\u00e9e, adapt\u00e9e aux enfants et aux familles.<\/p>\n\n\n\n<p>Des outils \u00e0 nous partager ?&nbsp;<a href=\"https:\/\/api-lux.be\/index.php\/contact\/\">Cliquez ici<\/a><\/p>\n","protected":false},"excerpt":{"rendered":"<p>\ud83d\udcc5 Organisation : adaptation p\u00e9dagogique du quotidien &#8211; Cr\u00e9er un environnement calme et apaisant durant les moments de repas pour permettre \u00e0 l&rsquo;enfant de s&rsquo;alimenter correctement dans un endroit s\u00e9curisant.<\/p>\n","protected":false},"author":6,"featured_media":0,"comment_status":"closed","ping_status":"closed","sticky":false,"template":"","format":"standard","meta":{"iawp_total_views":8,"footnotes":""},"categories":[10,4,18,9,5,8,46,48,47,19,11,6],"tags":[],"class_list":["post-624","post","type-post","status-publish","format-standard","hentry","category-amenagement-environnement","category-besoins","category-besoins-destime","category-besoins-de-securite","category-besoins-physiologiques","category-bien-etre","category-fiches-outils","category-fiches-outils-pour-les-aidants-proches","category-fiches-outils-pour-les-professionnels","category-gestion-des-emotions","category-rituels","category-sante-alimentation-sommeil-hygiene"],"_links":{"self":[{"href":"https:\/\/api-lux.be\/index.php\/wp-json\/wp\/v2\/posts\/624","targetHints":{"allow":["GET"]}}],"collection":[{"href":"https:\/\/api-lux.be\/index.php\/wp-json\/wp\/v2\/posts"}],"about":[{"href":"https:\/\/api-lux.be\/index.php\/wp-json\/wp\/v2\/types\/post"}],"author":[{"embeddable":true,"href":"https:\/\/api-lux.be\/index.php\/wp-json\/wp\/v2\/users\/6"}],"replies":[{"embeddable":true,"href":"https:\/\/api-lux.be\/index.php\/wp-json\/wp\/v2\/comments?post=624"}],"version-history":[{"count":17,"href":"https:\/\/api-lux.be\/index.php\/wp-json\/wp\/v2\/posts\/624\/revisions"}],"predecessor-version":[{"id":7795,"href":"https:\/\/api-lux.be\/index.php\/wp-json\/wp\/v2\/posts\/624\/revisions\/7795"}],"wp:attachment":[{"href":"https:\/\/api-lux.be\/index.php\/wp-json\/wp\/v2\/media?parent=624"}],"wp:term":[{"taxonomy":"category","embeddable":true,"href":"https:\/\/api-lux.be\/index.php\/wp-json\/wp\/v2\/categories?post=624"},{"taxonomy":"post_tag","embeddable":true,"href":"https:\/\/api-lux.be\/index.php\/wp-json\/wp\/v2\/tags?post=624"}],"curies":[{"name":"wp","href":"https:\/\/api.w.org\/{rel}","templated":true}]}}