{"id":623,"date":"2025-02-14T11:36:55","date_gmt":"2025-02-14T10:36:55","guid":{"rendered":"http:\/\/localhost\/mdi_w\/?p=623"},"modified":"2025-07-01T14:48:52","modified_gmt":"2025-07-01T12:48:52","slug":"objets-de-transition","status":"publish","type":"post","link":"https:\/\/api-lux.be\/index.php\/2025\/02\/14\/objets-de-transition\/","title":{"rendered":"Objets de transition"},"content":{"rendered":"\n<div class=\"wp-block-columns is-layout-flex wp-container-core-columns-is-layout-9d6595d7 wp-block-columns-is-layout-flex\">\n<div class=\"wp-block-column is-vertically-aligned-center is-layout-flow wp-block-column-is-layout-flow\"><div class=\"wp-block-image\">\n<figure class=\"aligncenter size-full\"><img decoding=\"async\" src=\"https:\/\/api-lux.be\/wp-content\/uploads\/2025\/02\/objet_transition.jpg\" alt=\" \" class=\"wp-image-202\"\/><\/figure>\n<\/div><\/div>\n\n\n\n<div class=\"wp-block-column is-layout-flow wp-block-column-is-layout-flow\">\n<p>\ud83d\ude0c <strong>Gestion des \u00e9motions<\/strong> &#8211; Un objet rassurant, familier pour faciliter les transitions dans les espaces de vie.<\/p>\n\n\n\n<!--more-->\n\n\n\n<h2 class=\"wp-block-heading\">\u00c2ge cible<\/h2>\n\n\n\n<p>De 2 \u00e0 12 ans, mais adaptation possible, en fonction des besoins \u00e9motionnels.<\/p>\n<\/div>\n<\/div>\n\n\n\n<h2 class=\"wp-block-heading\">Descriptif de l&rsquo;outil<\/h2>\n\n\n\n<p><strong>\ud83e\uddf8 <\/strong>Un <strong>objet personnel<\/strong> auquel l&rsquo;enfant est <strong>attach\u00e9<\/strong> (doudou, petit jouet, foulard), qu&rsquo;il peut emmener avec lui dans les diff\u00e9rents espaces de vie ou de d\u00e9couverte (\u00e9cole, activit\u00e9s de loisirs).<\/p>\n\n\n\n<p>\ud83c\udf31 <strong>Un outil apaisant<\/strong> qui aide \u00e0 <strong>r\u00e9duire l&rsquo;anxi\u00e9t\u00e9<\/strong> lors des moments de<strong> transition<\/strong> (d\u00e9parts, arriv\u00e9es, changements d\u2019activit\u00e9s) en apportant une source de r\u00e9confort et de s\u00e9curit\u00e9 \u00e9motionnelle.<\/p>\n\n\n\n<p>\ud83d\udd04 Particuli\u00e8rement utile pour des jeunes s<strong>usceptibles de r\u00e9agir aux changements<\/strong> par des comportements d\u2019agitation ou de retrait.<\/p>\n\n\n\n<p>\ud83c\udf0d L\u2019objet peut \u00eatre<strong> introduit d\u00e8s la plus jeune enfance<\/strong> et <strong>utilis\u00e9 tout au long de la journ\u00e9e<\/strong> pour <strong>r\u00e9guler les \u00e9motions et offrir une stabilit\u00e9 psychologique<\/strong> dans des environnements vari\u00e9s.<\/p>\n\n\n\n<p><strong>\ud83d\udecd\ufe0f O\u00f9 se les procurer ?<\/strong> On peut se procurer ces objets en magasin, mais ce sont souvent des objets personnels choisis par l\u2019enfant lui-m\u00eame.<\/p>\n\n\n\n<p><strong>Dans quel contexte peut-on l&rsquo;utiliser?<\/strong><\/p>\n\n\n\n<p><strong>\ud83d\udc76 Chez la nounou, \u00e0 la cr\u00e8che, \u00e0 l&rsquo;institution&#8230;<\/strong><\/p>\n\n\n\n<ul class=\"wp-block-list\">\n<li><strong>Utiliser un objet porteur de l\u2019odeur des parents<\/strong> :<br>Un t-shirt port\u00e9 par maman ou papa, une couverture utilis\u00e9e \u00e0 la maison.<\/li>\n\n\n\n<li><strong>Cr\u00e9er un \u00ab\u00a0pont\u00a0\u00bb entre la maison et le lieu d&rsquo;accueil<\/strong> :<br>Expliquer \u00e0 l\u2019enfant que son objet l\u2019accompagne et qu\u2019il pourra le retrouver \u00e0 tout moment.<\/li>\n<\/ul>\n\n\n\n<p><strong>\ud83e\uddf3 Changement d\u2019environnement (voyage, d\u00e9m\u00e9nagement, hospitalisation)<\/strong><\/p>\n\n\n\n<ul class=\"wp-block-list\">\n<li><strong>Prendre l\u2019objet partout<\/strong> :<br>En d\u00e9placement, le garder sous l\u2019oreiller ou dans le sac de voyage.<\/li>\n\n\n\n<li><strong>Lui donner une mission<\/strong> :<br>\u00ab\u00a0Doudou va d\u00e9couvrir la nouvelle maison avec toi, il est aussi curieux que toi de voir ta nouvelle chambre !\u00a0\u00bb<\/li>\n\n\n\n<li><strong>Cr\u00e9er une routine rassurante<\/strong> :<br>Le sortir \u00e0 des moments cl\u00e9s (coucher, temps calme, s\u00e9paration).<\/li>\n<\/ul>\n\n\n\n<p><strong>\ud83c\udf92 Activit\u00e9s extrascolaires (sport, garderie, sortie scolaire)<\/strong><\/p>\n\n\n\n<ul class=\"wp-block-list\">\n<li><strong>Autoriser un mini-objet<\/strong> :<br>Un petit foulard dans la poche, une pierre porte-bonheur, un porte-cl\u00e9s attach\u00e9 au sac.<\/li>\n\n\n\n<li><strong>\u00c9viter la perte<\/strong> :<br>Si c\u2019est un objet pr\u00e9cieux, lui proposer un \u00ab\u00a0rempla\u00e7ant\u00a0\u00bb ou une photo de l\u2019objet en cas d\u2019oubli.<\/li>\n<\/ul>\n\n\n\n<p><strong>\ud83e\uddd2 Progressivement se d\u00e9tacher de l\u2019objet<\/strong><\/p>\n\n\n\n<p><strong>Remplacer par d\u2019autres strat\u00e9gies de r\u00e9confort<\/strong> :<br>Petits mots dans la poche, photos, bracelets symboliques, petit dessin sur la main.<\/p>\n\n\n\n<p><strong>Laisser l&rsquo;enfant d\u00e9cider<\/strong> :<br>Il diminuera naturellement son usage en grandissant.<\/p>\n\n\n\n<div class=\"wp-block-columns is-layout-flex wp-container-core-columns-is-layout-9d6595d7 wp-block-columns-is-layout-flex\">\n<div class=\"wp-block-column is-layout-flow wp-block-column-is-layout-flow\">\n<h2 class=\"wp-block-heading\">Objectif(s) d&rsquo;utilisation<\/h2>\n\n\n\n<p>\ud83c\udf1f <strong>Fournir un rep\u00e8re stable<\/strong> pour aider les jeunes \u00e0 mieux g\u00e9rer les moments de transition et de rupture.<\/p>\n\n\n\n<p>\ud83d\udd04 <strong>Facilite l&rsquo;adaptation<\/strong> : Permet de mieux g\u00e9rer les changements et les s\u00e9parations.<\/p>\n\n\n\n<p>\ud83d\ude0c <strong>Favoriser l\u2019autor\u00e9gulation \u00e9motionnelle<\/strong> : \u00c9vitant ainsi les comportements de panique ou de stress lors des changements d\u2019activit\u00e9s ou d\u2019environnements.<\/p>\n\n\n\n<p>\ud83d\udee1\ufe0f <strong>S\u00e9curiser l\u2019enfant face \u00e0 l\u2019inconnu ou \u00e0 l\u2019instabilit\u00e9 per\u00e7ue<\/strong> : Encourager sa participation active et sa concentration dans les moments de d\u00e9couverte.<\/p>\n\n\n\n<p>\ud83d\udcaa <strong>Favoriser l&rsquo;autonomie<\/strong> : L&rsquo;enfant apprend \u00e0 se r\u00e9conforter lui-m\u00eame.<\/p>\n<\/div>\n\n\n\n<div class=\"wp-block-column is-layout-flow wp-block-column-is-layout-flow\">\n<h2 class=\"wp-block-heading\">Variantes &#8211; am\u00e9nagement<\/h2>\n\n\n\n<p>\ud83c\udfe0 <strong>Proposer un coin sp\u00e9cial dans chaque espace o\u00f9 l&rsquo;enfant peut poser et retrouver son objet.<\/strong><\/p>\n\n\n\n<p>\ud83c\udf0d <strong>Utiliser des objets diff\u00e9rents selon les lieux<\/strong> (un \u00e0 l&rsquo;\u00e9cole, un pour les voyages, etc.)<\/p>\n\n\n\n<p>\ud83e\uddf8 <strong>Personnaliser les objets sensoriels<\/strong> comme les couvertures douces ou des objets odorants pour apaiser.<\/p>\n\n\n\n<p>\ud83d\udce6 <strong>Introduire une \u00ab\u00a0bo\u00eete \u00e0 souvenirs\u00a0\u00bb<\/strong> remplie d&rsquo;objets familiers en cas de changement fr\u00e9quent d&rsquo;espace.<br><\/p>\n<\/div>\n<\/div>\n\n\n\n<h2 class=\"wp-block-heading\">Liens utiles<\/h2>\n\n\n\n<p>\ud83d\udcdd <strong>DOCUMENT PDF<\/strong> <a href=\"https:\/\/www.one.be\/fileadmin\/user_upload\/siteone\/PRO\/Milieux_accueil\/Flash_accueil\/Repere-psychopedagogique\/FA41-Au_quotidien-Objets_transitionnels.pdf\" target=\"_blank\" rel=\"noreferrer noopener\">Objets et ph\u00e9nom\u00e8nes transitionnels \u2013 Flash Accueil n\u00b041 (ONE)<\/a><br>Une exploration approfondie du r\u00f4le des objets transitionnels (comme le doudou) dans le d\u00e9veloppement affectif de l\u2019enfant, soulignant leur importance pour s\u00e9curiser les s\u00e9parations et favoriser l\u2019autonomie.<\/p>\n\n\n\n<p>\ud83c\udfa5 <strong>VID\u00c9O Yapaka<\/strong> <a href=\"https:\/\/www.yapaka.be\/video\/video-le-doudou-de-lenfant-un-objet-transitionnel\" target=\"_blank\" rel=\"noreferrer noopener\">Le doudou de l&rsquo;enfant, un objet transitionnel \u2013 Yapaka<\/a><br>Entretien avec la psychologue et psychanalyste Sophie Marinopoulos (5 min) sur le r\u00f4le du doudou dans le d\u00e9veloppement affectif de l\u2019enfant.<\/p>\n\n\n\n<p>Des outils \u00e0 nous partager ?&nbsp;<a href=\"https:\/\/api-lux.be\/index.php\/contact\/\">Cliquez ici<\/a><\/p>\n","protected":false},"excerpt":{"rendered":"<p>\ud83d\ude0c Gestion des \u00e9motions &#8211; Un objet rassurant, familier pour faciliter les transitions dans les espaces de vie.<\/p>\n","protected":false},"author":6,"featured_media":0,"comment_status":"closed","ping_status":"closed","sticky":false,"template":"","format":"standard","meta":{"iawp_total_views":10,"footnotes":""},"categories":[4,22,14,18,9,15,19,20,25,1,26,11],"tags":[],"class_list":["post-623","post","type-post","status-publish","format-standard","hentry","category-besoins","category-besoins-cognitifs","category-besoins-dappartenance","category-besoins-destime","category-besoins-de-securite","category-famille-et-milieu-de-vie","category-gestion-des-emotions","category-individualisation","category-materiel-specifique","category-non-classe","category-outils-pedagogiques-pour-les-pro","category-rituels"],"_links":{"self":[{"href":"https:\/\/api-lux.be\/index.php\/wp-json\/wp\/v2\/posts\/623","targetHints":{"allow":["GET"]}}],"collection":[{"href":"https:\/\/api-lux.be\/index.php\/wp-json\/wp\/v2\/posts"}],"about":[{"href":"https:\/\/api-lux.be\/index.php\/wp-json\/wp\/v2\/types\/post"}],"author":[{"embeddable":true,"href":"https:\/\/api-lux.be\/index.php\/wp-json\/wp\/v2\/users\/6"}],"replies":[{"embeddable":true,"href":"https:\/\/api-lux.be\/index.php\/wp-json\/wp\/v2\/comments?post=623"}],"version-history":[{"count":19,"href":"https:\/\/api-lux.be\/index.php\/wp-json\/wp\/v2\/posts\/623\/revisions"}],"predecessor-version":[{"id":7794,"href":"https:\/\/api-lux.be\/index.php\/wp-json\/wp\/v2\/posts\/623\/revisions\/7794"}],"wp:attachment":[{"href":"https:\/\/api-lux.be\/index.php\/wp-json\/wp\/v2\/media?parent=623"}],"wp:term":[{"taxonomy":"category","embeddable":true,"href":"https:\/\/api-lux.be\/index.php\/wp-json\/wp\/v2\/categories?post=623"},{"taxonomy":"post_tag","embeddable":true,"href":"https:\/\/api-lux.be\/index.php\/wp-json\/wp\/v2\/tags?post=623"}],"curies":[{"name":"wp","href":"https:\/\/api.w.org\/{rel}","templated":true}]}}