{"id":5113,"date":"2025-04-17T10:39:12","date_gmt":"2025-04-17T08:39:12","guid":{"rendered":"https:\/\/api-lux.be\/?p=5113"},"modified":"2025-07-01T11:35:42","modified_gmt":"2025-07-01T09:35:42","slug":"methode-sesame-communication-gestuelle-augmentative","status":"publish","type":"post","link":"https:\/\/api-lux.be\/index.php\/2025\/04\/17\/methode-sesame-communication-gestuelle-augmentative\/","title":{"rendered":"M\u00e9thode SESAME \u2013 Communication gestuelle augmentative"},"content":{"rendered":"\n<div class=\"wp-block-columns is-layout-flex wp-container-core-columns-is-layout-9d6595d7 wp-block-columns-is-layout-flex\">\n<div class=\"wp-block-column is-vertically-aligned-center is-layout-flow wp-block-column-is-layout-flow\"><div class=\"wp-block-image\">\n<figure class=\"aligncenter size-full\"><img loading=\"lazy\" decoding=\"async\" width=\"759\" height=\"391\" src=\"https:\/\/api-lux.be\/wp-content\/uploads\/2025\/04\/image_2025-04-17_103505184.png\" alt=\"\" class=\"wp-image-5124\" srcset=\"https:\/\/api-lux.be\/wp-content\/uploads\/2025\/04\/image_2025-04-17_103505184.png 759w, https:\/\/api-lux.be\/wp-content\/uploads\/2025\/04\/image_2025-04-17_103505184-300x155.png 300w\" sizes=\"auto, (max-width: 759px) 100vw, 759px\" \/><\/figure>\n<\/div><\/div>\n\n\n\n<div class=\"wp-block-column is-layout-flow wp-block-column-is-layout-flow\">\n<p>\ud83d\udde3\ufe0f <strong>COMMUNICATION<\/strong> &#8211; Un outil gestuel associant signes et parole pour soutenir la communication des personnes avec d\u00e9ficience intellectuelle.<\/p>\n\n\n\n<!--more-->\n\n\n\n<h2 class=\"wp-block-heading\">\u00c2ge cible<\/h2>\n\n\n\n<p>De 10 \u00e0 21 ans, adaptable \u00e0 tout \u00e2ge selon les besoins.<\/p>\n<\/div>\n<\/div>\n\n\n\n<h2 class=\"wp-block-heading\">Descriptif de l&rsquo;outil<\/h2>\n\n\n\n<p>La <strong>m\u00e9thode SESAME<\/strong> a \u00e9t\u00e9 cr\u00e9\u00e9e en 1990 par une \u00e9quipe de professionnels de l\u2019institution <a href=\"https:\/\/www.laclairiere.be\" target=\"_blank\" rel=\"noreferrer noopener\"><em>La Clairi\u00e8re<\/em>,<\/a> situ\u00e9e \u00e0 Watermael-Boitsfort, en Belgique . Elle a \u00e9t\u00e9 con\u00e7ue pour r\u00e9pondre aux besoins de communication des personnes pr\u00e9sentant une d\u00e9ficience intellectuelle mod\u00e9r\u00e9e \u00e0 s\u00e9v\u00e8re .\u200b<\/p>\n\n\n\n<p>\u270f\ufe0f <strong>Fonctionnement :<\/strong><br>La m\u00e9thode SESAME associe des gestes sp\u00e9cifiques \u00e0 l\u2019expression verbale pour faciliter la communication. Inspir\u00e9e de la langue des signes, elle est adapt\u00e9e aux personnes pr\u00e9sentant une d\u00e9ficience intellectuelle mod\u00e9r\u00e9e \u00e0 s\u00e9v\u00e8re. Les gestes, toujours accompagn\u00e9s de la parole, soutiennent la compr\u00e9hension et l\u2019expression.\u200b<\/p>\n\n\n\n<p>\ud83e\udde0 <strong>Exemples d\u2019application :<\/strong><br>\u2022 Utilisation quotidienne dans des institutions sp\u00e9cialis\u00e9es pour am\u00e9liorer la communication.<br>\u2022 Formation des \u00e9quipes \u00e9ducatives et des familles pour une application coh\u00e9rente.<br>\u2022 Introduction progressive de gestes par groupe de cinq, choisis en fonction de leur utilit\u00e9 dans la vie quotidienne.<\/p>\n\n\n\n<h3 class=\"wp-block-heading\">\ud83d\uded2 Comment se procurer les supports<\/h3>\n\n\n\n<p>Pour obtenir ces supports, vous pouvez contacter directement <em>La Clairi\u00e8re<\/em> :<br>Pour toute question ou pour s&rsquo;inscrire aux prochaines formations SESAME, vous pouvez les contacter par e-mail \u00e0\u00a0<a href=\"mailto:info@comalso.odoo.com\" target=\"_blank\" rel=\"noreferrer noopener\">info@comalso.odoo.com<\/a>.\u00a0<\/p>\n\n\n\n<p>\u2757 <strong>Points d\u2019attention :<\/strong><br>\u2022 N\u00e9cessite une pratique r\u00e9guli\u00e8re par l\u2019entourage pour \u00eatre efficace.<br>\u2022 Important de signaler l\u2019utilisation de cette m\u00e9thode lors du passage \u00e0 une nouvelle structure adulte.<br>\u2022 Ne remplace pas la langue des signes ; c\u2019est un outil compl\u00e9mentaire au langage verbal.\u200b<a href=\"https:\/\/www.irfasbl.be\/pedagogie\/outils-methodologiques\/methode-sesame?utm_source=chatgpt.com\" target=\"_blank\" rel=\"noreferrer noopener\">irfasbl.be<\/a><a href=\"https:\/\/www.h2000.be\/actus\/215-methode-sesame-formation-de-base.html?utm_source=chatgpt.com\" target=\"_blank\" rel=\"noreferrer noopener\"><\/a><\/p>\n\n\n\n<div class=\"wp-block-columns is-layout-flex wp-container-core-columns-is-layout-9d6595d7 wp-block-columns-is-layout-flex\">\n<div class=\"wp-block-column is-layout-flow wp-block-column-is-layout-flow\">\n<h2 class=\"wp-block-heading\">Objectif(s) d&rsquo;utilisation<\/h2>\n\n\n\n<p>\ud83e\udde0 Am\u00e9liorer la compr\u00e9hension du langage oral<\/p>\n\n\n\n<p>\ud83d\udde3\ufe0f Faciliter l\u2019expression de soi<\/p>\n\n\n\n<p>\ud83e\udd1d Permettre le dialogue et les interactions sociales<\/p>\n\n\n\n<p>\ud83e\uddd8 Apaiser les tensions li\u00e9es aux difficult\u00e9s de communication<\/p>\n\n\n\n<p>\ud83d\udd04 Soutenir les transitions entre les structures \u00e9ducatives<\/p>\n<\/div>\n\n\n\n<div class=\"wp-block-column is-layout-flow wp-block-column-is-layout-flow\">\n<h2 class=\"wp-block-heading\">Liens utiles<\/h2>\n\n\n\n<p>Le Centre La Clairi\u00e8re\u00a0(<a href=\"http:\/\/laclairiere.be\/\" target=\"_blank\" rel=\"noreferrer noopener\">laclairiere.be<\/a>) et\u00a0COMALSO\u00a0(<a href=\"http:\/\/comalso.be\/\" target=\"_blank\" rel=\"noreferrer noopener\">comalso.be<\/a>)\u00a0s&rsquo;unissent pour enrichir et diffuser <a href=\"https:\/\/www.comalso.be\/sesame\" target=\"_blank\" rel=\"noreferrer noopener\">la M\u00e9thode SESAME.<\/a><\/p>\n\n\n\n<p><br><br>\u200b<\/p>\n<\/div>\n<\/div>\n\n\n\n<div class=\"wp-block-columns is-layout-flex wp-container-core-columns-is-layout-9d6595d7 wp-block-columns-is-layout-flex\">\n<div class=\"wp-block-column is-layout-flow wp-block-column-is-layout-flow\">\n<h2 class=\"wp-block-heading\">Variantes &#8211; am\u00e9nagement<\/h2>\n\n\n\n<p>\ud83e\ude9c Introduire les gestes progressivement, en commen\u00e7ant par ceux les plus utiles au quotidien.<\/p>\n\n\n\n<p>\ud83d\udd17 Associer la m\u00e9thode SESAME \u00e0 d\u2019autres outils de communication utilis\u00e9s dans l\u2019\u00e9tablissement.<\/p>\n<\/div>\n<\/div>\n\n\n\n<p>Des outils \u00e0 nous partager ? <a href=\"https:\/\/api-lux.be\/index.php\/contact\/\">Cliquez ici<\/a><\/p>\n","protected":false},"excerpt":{"rendered":"<p>\ud83d\udde3\ufe0f COMMUNICATION &#8211; Un outil gestuel associant signes et parole pour soutenir la communication des personnes avec d\u00e9ficience intellectuelle.<\/p>\n","protected":false},"author":2,"featured_media":0,"comment_status":"closed","ping_status":"closed","sticky":false,"template":"","format":"standard","meta":{"iawp_total_views":388,"footnotes":""},"categories":[4,23,46,48,47],"tags":[],"class_list":["post-5113","post","type-post","status-publish","format-standard","hentry","category-besoins","category-communication","category-fiches-outils","category-fiches-outils-pour-les-aidants-proches","category-fiches-outils-pour-les-professionnels"],"_links":{"self":[{"href":"https:\/\/api-lux.be\/index.php\/wp-json\/wp\/v2\/posts\/5113","targetHints":{"allow":["GET"]}}],"collection":[{"href":"https:\/\/api-lux.be\/index.php\/wp-json\/wp\/v2\/posts"}],"about":[{"href":"https:\/\/api-lux.be\/index.php\/wp-json\/wp\/v2\/types\/post"}],"author":[{"embeddable":true,"href":"https:\/\/api-lux.be\/index.php\/wp-json\/wp\/v2\/users\/2"}],"replies":[{"embeddable":true,"href":"https:\/\/api-lux.be\/index.php\/wp-json\/wp\/v2\/comments?post=5113"}],"version-history":[{"count":22,"href":"https:\/\/api-lux.be\/index.php\/wp-json\/wp\/v2\/posts\/5113\/revisions"}],"predecessor-version":[{"id":7605,"href":"https:\/\/api-lux.be\/index.php\/wp-json\/wp\/v2\/posts\/5113\/revisions\/7605"}],"wp:attachment":[{"href":"https:\/\/api-lux.be\/index.php\/wp-json\/wp\/v2\/media?parent=5113"}],"wp:term":[{"taxonomy":"category","embeddable":true,"href":"https:\/\/api-lux.be\/index.php\/wp-json\/wp\/v2\/categories?post=5113"},{"taxonomy":"post_tag","embeddable":true,"href":"https:\/\/api-lux.be\/index.php\/wp-json\/wp\/v2\/tags?post=5113"}],"curies":[{"name":"wp","href":"https:\/\/api.w.org\/{rel}","templated":true}]}}