{"id":5066,"date":"2025-04-16T10:10:58","date_gmt":"2025-04-16T08:10:58","guid":{"rendered":"https:\/\/api-lux.be\/?p=5066"},"modified":"2025-07-01T11:36:06","modified_gmt":"2025-07-01T09:36:06","slug":"mi-ange-mi-demon-kit-de-sensibilisation-a-la-surmedication","status":"publish","type":"post","link":"https:\/\/api-lux.be\/index.php\/2025\/04\/16\/mi-ange-mi-demon-kit-de-sensibilisation-a-la-surmedication\/","title":{"rendered":"Mi-Ange, Mi-D\u00e9mon \u2013 Kit de sensibilisation \u00e0 la surm\u00e9dication"},"content":{"rendered":"\n<div class=\"wp-block-columns is-layout-flex wp-container-core-columns-is-layout-9d6595d7 wp-block-columns-is-layout-flex\">\n<div class=\"wp-block-column is-layout-flow wp-block-column-is-layout-flow\"><div class=\"wp-block-image\">\n<figure class=\"aligncenter size-full is-resized\"><img loading=\"lazy\" decoding=\"async\" width=\"200\" height=\"200\" src=\"https:\/\/api-lux.be\/wp-content\/uploads\/2025\/04\/mi-ange-mi-demon-2-200x200-1.jpg\" alt=\"\" class=\"wp-image-5067\" style=\"width:270px;height:auto\" srcset=\"https:\/\/api-lux.be\/wp-content\/uploads\/2025\/04\/mi-ange-mi-demon-2-200x200-1.jpg 200w, https:\/\/api-lux.be\/wp-content\/uploads\/2025\/04\/mi-ange-mi-demon-2-200x200-1-150x150.jpg 150w\" sizes=\"auto, (max-width: 200px) 100vw, 200px\" \/><\/figure>\n<\/div><\/div>\n\n\n\n<div class=\"wp-block-column is-layout-flow wp-block-column-is-layout-flow\">\n<p>\ud83e\ude7a <strong>SOIN \u2013 SANTE<\/strong> &#8211; Kit p\u00e9dagogique permet d&rsquo;ouvrir un d\u00e9bat avec un groupe de jeunes sur leurs repr\u00e9sentations relatives au m\u00e9dicament.<\/p>\n\n\n\n<!--more-->\n\n\n\n<h2 class=\"wp-block-heading\">\u00c2ge cible<\/h2>\n\n\n\n<p>De 12 \u00e0 16 ans \u2013 Adapt\u00e9 aux adolescents en milieu scolaire ou associatif.<\/p>\n<\/div>\n<\/div>\n\n\n\n<h2 class=\"wp-block-heading\">Descriptif de l&rsquo;outil<\/h2>\n\n\n\n<p>\u270f\ufe0f <strong>\u00ab Mi-Ange, Mi-D\u00e9mon \u00bb<\/strong> est un kit p\u00e9dagogique con\u00e7u par le service <strong>Espace Sant\u00e9<\/strong> de la <strong>FMSS-FPS<\/strong>  (d\u00e9signe la F\u00e9d\u00e9ration des Mutualit\u00e9s Socialistes et Syndicales \u2013 Femmes Pr\u00e9voyantes Socialistes.) , visant \u00e0 sensibiliser les jeunes \u00e0 la consommation r\u00e9fl\u00e9chie des m\u00e9dicaments.<\/p>\n\n\n\n<p>\ud83e\udde0 Issu d&rsquo;une d\u00e9marche participative avec des adolescents, l&rsquo;outil aborde la banalisation des m\u00e9dicaments et encourage une prise de conscience sur leur usage.<\/p>\n\n\n\n<p>\ud83c\udfaf Le kit comprend :<\/p>\n\n\n\n<ul class=\"wp-block-list\">\n<li>Un mini-dossier p\u00e9dagogique pour les animateurs.<\/li>\n\n\n\n<li>Des supports visuels : affiche, cartes postales, autocollant, d\u00e9pliant, sch\u00e9mas.<\/li>\n\n\n\n<li>Un gadget pour renforcer l&rsquo;engagement des jeunes.\u200b<\/li>\n<\/ul>\n\n\n\n<p>\u25e6 \ud83d\udcbc <strong>Disponibilit\u00e9<\/strong> : Gratuite dans toute la Communaut\u00e9 fran\u00e7aise.<br>\u25e6 \ud83d\uded2 <strong>Commande<\/strong> : Via Espace Sant\u00e9 \u2013 Rue Douffet 36, 4020 Li\u00e8ge. <br>T\u00e9l : 04-341 63 31. <br>Email : <a href=\"mailto:espace.sante@euronet.be\" target=\"_blank\" rel=\"noreferrer noopener\">espace.sante@euronet.be<\/a>.<br>\u25e6 \ud83d\udce5 <strong>Pr\u00eat<\/strong> : Disponible en pr\u00eat aupr\u00e8s <a href=\"http:\/\/www.clps-lux.be\" target=\"_blank\" rel=\"noreferrer noopener\">Centre local de promotion de la sant\u00e9 en province de Luxembourg<\/a><br><\/p>\n\n\n\n<p>\u2757 <strong>Points d\u2019attention<\/strong> :<\/p>\n\n\n\n<ul class=\"wp-block-list\">\n<li>N\u00e9cessite un encadrement form\u00e9 pour animer les discussions.<\/li>\n\n\n\n<li>Pr\u00e9voir un espace propice aux \u00e9changes et \u00e0 la r\u00e9flexion.<\/li>\n\n\n\n<li>Adaptable pour aborder les comportements de somatisation chez les jeunes.\u200b<\/li>\n<\/ul>\n\n\n\n<div class=\"wp-block-columns is-layout-flex wp-container-core-columns-is-layout-9d6595d7 wp-block-columns-is-layout-flex\">\n<div class=\"wp-block-column is-layout-flow wp-block-column-is-layout-flow\">\n<h2 class=\"wp-block-heading\">Objectif(s) d&rsquo;utilisation<\/h2>\n\n\n\n<p>\u25e6 \ud83d\udc8a <strong>D\u00e9banaliser la consommation de m\u00e9dicaments<\/strong>.<br>\u25e6 \ud83e\udde0 <strong>Encourager une r\u00e9flexion critique sur l&rsquo;autom\u00e9dication<\/strong>.<br>\u25e6 \ud83d\udde3\ufe0f <strong>Favoriser l&rsquo;expression des ressentis et des besoins non m\u00e9dicaux<\/strong>.<br>\u25e6 \ud83e\udd1d <strong>Renforcer les comp\u00e9tences psychosociales face aux pressions sociales<\/strong>.\u200b<\/p>\n<\/div>\n\n\n\n<div class=\"wp-block-column is-layout-flow wp-block-column-is-layout-flow\">\n<h2 class=\"wp-block-heading\">Liens utiles<\/h2>\n\n\n\n<p>\u25e6 \ud83d\udcc4 <strong>ARTICLE<\/strong> : <a href=\"https:\/\/www.pipsa.be\/outils\/detail-693829322\/mi-ange-mi-demon.html\" target=\"_blank\" rel=\"noreferrer noopener\">Pr\u00e9sentation <\/a>sur PIPSa \u2013 <br>\u25e6 \ud83d\udcc4 <strong>ARTICLE<\/strong> : \u00c9ducation Sant\u00e9 \u2013 <a href=\"https:\/\/educationsante.be\/le-medicament-mi-ange-mi-demon\/\" target=\"_blank\" rel=\"noreferrer noopener\">https:\/\/educationsante.be\/le-medicament-mi-ange-mi-demon\/<\/a><\/p>\n<\/div>\n<\/div>\n\n\n\n<div class=\"wp-block-columns is-layout-flex wp-container-core-columns-is-layout-9d6595d7 wp-block-columns-is-layout-flex\">\n<div class=\"wp-block-column is-layout-flow wp-block-column-is-layout-flow\">\n<h2 class=\"wp-block-heading\">Variantes &#8211; am\u00e9nagement<\/h2>\n\n\n\n<p>\u25e6 \ud83d\udd04 Adapter les discussions en fonction des exp\u00e9riences personnelles des participants.<br>\u25e6 \ud83c\udfa8 Int\u00e9grer des activit\u00e9s cr\u00e9atives pour exprimer les ressentis li\u00e9s \u00e0 la sant\u00e9.<br>\u25e6 \ud83e\udd1d Collaborer avec des professionnels de sant\u00e9 pour enrichir les \u00e9changes.\u200b<\/p>\n<\/div>\n<\/div>\n\n\n\n<p>Des outils \u00e0 nous partager ? <a href=\"https:\/\/api-lux.be\/index.php\/contact\/\">Cliquez ici<\/a><\/p>\n","protected":false},"excerpt":{"rendered":"<p>\ud83e\ude7a SOIN \u2013 SANTE &#8211; Kit p\u00e9dagogique permet d&rsquo;ouvrir un d\u00e9bat avec un groupe de jeunes sur leurs repr\u00e9sentations relatives au m\u00e9dicament.<\/p>\n","protected":false},"author":2,"featured_media":0,"comment_status":"closed","ping_status":"closed","sticky":false,"template":"","format":"standard","meta":{"iawp_total_views":17,"footnotes":""},"categories":[4,5,46,47,6],"tags":[],"class_list":["post-5066","post","type-post","status-publish","format-standard","hentry","category-besoins","category-besoins-physiologiques","category-fiches-outils","category-fiches-outils-pour-les-professionnels","category-sante-alimentation-sommeil-hygiene"],"_links":{"self":[{"href":"https:\/\/api-lux.be\/index.php\/wp-json\/wp\/v2\/posts\/5066","targetHints":{"allow":["GET"]}}],"collection":[{"href":"https:\/\/api-lux.be\/index.php\/wp-json\/wp\/v2\/posts"}],"about":[{"href":"https:\/\/api-lux.be\/index.php\/wp-json\/wp\/v2\/types\/post"}],"author":[{"embeddable":true,"href":"https:\/\/api-lux.be\/index.php\/wp-json\/wp\/v2\/users\/2"}],"replies":[{"embeddable":true,"href":"https:\/\/api-lux.be\/index.php\/wp-json\/wp\/v2\/comments?post=5066"}],"version-history":[{"count":4,"href":"https:\/\/api-lux.be\/index.php\/wp-json\/wp\/v2\/posts\/5066\/revisions"}],"predecessor-version":[{"id":7606,"href":"https:\/\/api-lux.be\/index.php\/wp-json\/wp\/v2\/posts\/5066\/revisions\/7606"}],"wp:attachment":[{"href":"https:\/\/api-lux.be\/index.php\/wp-json\/wp\/v2\/media?parent=5066"}],"wp:term":[{"taxonomy":"category","embeddable":true,"href":"https:\/\/api-lux.be\/index.php\/wp-json\/wp\/v2\/categories?post=5066"},{"taxonomy":"post_tag","embeddable":true,"href":"https:\/\/api-lux.be\/index.php\/wp-json\/wp\/v2\/tags?post=5066"}],"curies":[{"name":"wp","href":"https:\/\/api.w.org\/{rel}","templated":true}]}}