{"id":5059,"date":"2025-04-16T09:25:00","date_gmt":"2025-04-16T07:25:00","guid":{"rendered":"https:\/\/api-lux.be\/?p=5059"},"modified":"2025-07-01T11:37:10","modified_gmt":"2025-07-01T09:37:10","slug":"handicap-toi-meme-valise-pedagogique","status":"publish","type":"post","link":"https:\/\/api-lux.be\/index.php\/2025\/04\/16\/handicap-toi-meme-valise-pedagogique\/","title":{"rendered":"Handicap Toi-m\u00eame: valise p\u00e9dagogique"},"content":{"rendered":"\n<div class=\"wp-block-columns is-layout-flex wp-container-core-columns-is-layout-9d6595d7 wp-block-columns-is-layout-flex\">\n<div class=\"wp-block-column is-vertically-aligned-center is-layout-flow wp-block-column-is-layout-flow\"><div class=\"wp-block-image\">\n<figure class=\"aligncenter size-full is-resized\"><img loading=\"lazy\" decoding=\"async\" width=\"200\" height=\"200\" src=\"https:\/\/api-lux.be\/wp-content\/uploads\/2025\/04\/handicap-toi-meme-ill-200x200-1.png\" alt=\"\" class=\"wp-image-5060\" style=\"width:262px;height:auto\" srcset=\"https:\/\/api-lux.be\/wp-content\/uploads\/2025\/04\/handicap-toi-meme-ill-200x200-1.png 200w, https:\/\/api-lux.be\/wp-content\/uploads\/2025\/04\/handicap-toi-meme-ill-200x200-1-150x150.png 150w\" sizes=\"auto, (max-width: 200px) 100vw, 200px\" \/><\/figure>\n<\/div><\/div>\n\n\n\n<div class=\"wp-block-column is-layout-flow wp-block-column-is-layout-flow\">\n<p>\ud83c\udfe2 <strong>Ressource vari\u00e9e <\/strong>&#8211;  \u00ab Handicap toi-m\u00eame \u00bb est une valise p\u00e9dagogique interactive destin\u00e9e \u00e0 sensibiliser les jeunes au handicap \u00e0 travers l\u2019exp\u00e9rimentation concr\u00e8te, le d\u00e9bat, et l\u2019analyse de supports audiovisuels.<\/p>\n\n\n\n<!--more-->\n\n\n\n<h2 class=\"wp-block-heading\">\u00c2ge cible<\/h2>\n\n\n\n<p>\u00c0 partir de <strong>10 ans<\/strong> \u2013 Adaptable pour adolescents et jeunes adultes, en contexte scolaire ou extrascolaire.<\/p>\n<\/div>\n<\/div>\n\n\n\n<h2 class=\"wp-block-heading\">Descriptif de l&rsquo;outil<\/h2>\n\n\n\n<p>\u270f\ufe0f <strong>\u00ab Handicap toi-m\u00eame \u00bb<\/strong> est une valise p\u00e9dagogique con\u00e7ue pour <strong>sensibiliser les jeunes \u00e0 la r\u00e9alit\u00e9 du handicap<\/strong>, en leur proposant de <strong>vivre des mises en situation concr\u00e8tes<\/strong> simulant diff\u00e9rents types de handicaps (visuel, auditif, moteur, mental, psychique).<\/p>\n\n\n\n<p>\ud83e\udde0 Con\u00e7ue par <strong>l\u2019asbl <a href=\"https:\/\/www.alteoasbl.be\" target=\"_blank\" rel=\"noreferrer noopener\">Alt\u00e9o<\/a><\/strong> en partenariat avec plusieurs acteurs de l\u2019\u00e9ducation permanente, la valise est inspir\u00e9e du <strong>film documentaire \u00e9ponyme<\/strong>. Elle propose une <strong>approche immersive et participative<\/strong> pour faire vivre, de mani\u00e8re encadr\u00e9e, les r\u00e9alit\u00e9s des personnes en situation de handicap (moteur, sensoriel, intellectuel\u2026).<\/p>\n\n\n\n<p>\ud83c\udfac Elle comprend :<\/p>\n\n\n\n<ul class=\"wp-block-list\">\n<li>Le <strong>film documentaire \u00ab\u00a0Handicap toi-m\u00eame !\u00a0\u00bb<\/strong> et des micro-trottoirs.<\/li>\n\n\n\n<li>Un <strong>livret p\u00e9dagogique<\/strong> structurant 4 modules d\u2019animation.<\/li>\n\n\n\n<li>Des <strong>jeux de r\u00f4le, cartes, supports visuels et fiches d\u2019activit\u00e9<\/strong>.<\/li>\n\n\n\n<li>Des outils de <strong>d\u00e9briefing et d\u2019auto-r\u00e9flexion<\/strong> pour les jeunes.<\/li>\n<\/ul>\n\n\n\n<p>\u25e6 \ud83d\udcbc <strong>Prix de la valise<\/strong> : Environ <strong>50 \u20ac<\/strong> (tarif solidaire pour associations prix r\u00e9f\u00e9renc\u00e9 en janvier 2025).<br>\u25e6 \ud83d\uded2 <strong>\u00c0 commander via<\/strong> : <a href=\"https:\/\/www.alteoasbl.be\/\" target=\"_blank\" rel=\"noreferrer noopener\">Alt\u00e9o asbl<\/a> ou <a href=\"https:\/\/www.handicaptoimeme.be\/\" target=\"_blank\" rel=\"noreferrer noopener\">handicaptoimeme.be<\/a><br>\u25e6 \ud83d\udce5 Possibilit\u00e9 de <strong>t\u00e9l\u00e9charger gratuitement<\/strong> la plupart des contenus p\u00e9dagogiques via le site officiel.<\/p>\n\n\n\n<p>\u2757<strong>Points d\u2019attention<\/strong> :<br>\u2022 Pr\u00e9voir un encadrement form\u00e9 \u00e0 l\u2019animation de d\u00e9bats sensibles.<br>\u2022 Espace logistique n\u00e9cessaire pour les mises en situation.<br>\u2022 D\u00e9briefing essentiel apr\u00e8s les activit\u00e9s immersives.<\/p>\n\n\n\n<div class=\"wp-block-columns is-layout-flex wp-container-core-columns-is-layout-9d6595d7 wp-block-columns-is-layout-flex\">\n<div class=\"wp-block-column is-layout-flow wp-block-column-is-layout-flow\">\n<h2 class=\"wp-block-heading\">Objectif(s) d&rsquo;utilisation<\/h2>\n\n\n\n<p>\u25e6 \ud83e\udd1d <strong>D\u00e9velopper l\u2019empathie<\/strong> et la compr\u00e9hension du handicap.<br>\u25e6 \ud83d\udc63 <strong>Faire vivre une mise en situation sensorielle ou physique<\/strong>.<br>\u25e6 \ud83e\udde0 <strong>D\u00e9construire les pr\u00e9jug\u00e9s et st\u00e9r\u00e9otypes<\/strong>.<br>\u25e6 \ud83c\udfeb <strong>Favoriser l\u2019inclusion<\/strong> dans les environnements \u00e9ducatifs.<br>\u25e6 \ud83c\udfac <strong>Stimuler la r\u00e9flexion<\/strong> \u00e0 partir d\u2019un support filmique engag\u00e9.<\/p>\n<\/div>\n\n\n\n<div class=\"wp-block-column is-layout-flow wp-block-column-is-layout-flow\">\n<h2 class=\"wp-block-heading\">Liens utiles<\/h2>\n\n\n\n<p><br>\ud83c\udf0d <strong>SITE<\/strong> <strong>OFFICIEL <\/strong>: T\u00e9l\u00e9chargement libre de contenus \u2013 <a href=\"https:\/\/www.handicaptoimeme.be\/\" target=\"_blank\" rel=\"noreferrer noopener\">https:\/\/www.handicaptoimeme.be\/<\/a><\/p>\n\n\n\n<p>\ud83d\udcc4 <strong>ARTICLE<\/strong> : <a href=\"https:\/\/www.pipsa.be\/outils\/detail-2139613955\/handicap-toi-meme-la-valise-pedagogique.html\" target=\"_blank\" rel=\"noreferrer noopener\">Pr\u00e9sentation <\/a>sur PIPSa \u2013 <br><br>\u25e6 \ud83c\udfa5 <strong>VID\u00c9O<\/strong> : <a href=\"https:\/\/www.youtube.com\/watch?v=yPg7n2JzYzc\" target=\"_blank\" rel=\"noreferrer noopener\">Le film \u2013 \u00a0\u00bbHandicap Toi-m\u00eame\u00a0\u00bb <\/a><br><br><\/p>\n<\/div>\n<\/div>\n\n\n\n<div class=\"wp-block-columns is-layout-flex wp-container-core-columns-is-layout-9d6595d7 wp-block-columns-is-layout-flex\">\n<div class=\"wp-block-column is-layout-flow wp-block-column-is-layout-flow\">\n<h2 class=\"wp-block-heading\">Variantes &#8211; am\u00e9nagement<\/h2>\n\n\n\n<p>\u25e6 \ud83e\udde9 <strong>Utiliser des pictogrammes<\/strong> pour expliquer les consignes lors des mises en situation.<br>\u25e6 \ud83d\udd04 <strong>Adapter les activit\u00e9s<\/strong> en fonction du niveau de maturit\u00e9 \u00e9motionnelle du groupe.<br>\u25e6 \ud83c\udfa8 <strong>Impliquer les jeunes<\/strong> dans la cr\u00e9ation d\u2019affiches ou d\u2019expositions autour du handicap.<br>\u25e6 \ud83e\udd1d <strong>Inviter un t\u00e9moin ou une personne concern\u00e9e<\/strong> pour un t\u00e9moignage (dans une d\u00e9marche \u00e9thique et volontaire).<br>\u25e6 \ud83e\udde9 <strong>Faire lien avec d\u2019autres outils<\/strong> comme \u00ab Pas si diff\u00e9rent \u00bb (API-Lux) ou des jeux coop\u00e9ratifs sur la diversit\u00e9.<\/p>\n<\/div>\n<\/div>\n\n\n\n<p>Des outils \u00e0 nous partager ? <a href=\"https:\/\/api-lux.be\/index.php\/contact\/\">Cliquez ici<\/a><\/p>\n","protected":false},"excerpt":{"rendered":"<p>\ud83c\udfe2 Ressource vari\u00e9e &#8211; \u00ab Handicap toi-m\u00eame \u00bb est une valise p\u00e9dagogique interactive destin\u00e9e \u00e0 sensibiliser les jeunes au handicap \u00e0 travers l\u2019exp\u00e9rimentation concr\u00e8te, le d\u00e9bat, et l\u2019analyse de supports [&hellip;]<\/p>\n","protected":false},"author":2,"featured_media":0,"comment_status":"closed","ping_status":"closed","sticky":false,"template":"","format":"standard","meta":{"iawp_total_views":48,"footnotes":""},"categories":[4,14,18,46,47,17],"tags":[],"class_list":["post-5059","post","type-post","status-publish","format-standard","hentry","category-besoins","category-besoins-dappartenance","category-besoins-destime","category-fiches-outils","category-fiches-outils-pour-les-professionnels","category-inclusion-sociale-et-reseau-sociaux"],"_links":{"self":[{"href":"https:\/\/api-lux.be\/index.php\/wp-json\/wp\/v2\/posts\/5059","targetHints":{"allow":["GET"]}}],"collection":[{"href":"https:\/\/api-lux.be\/index.php\/wp-json\/wp\/v2\/posts"}],"about":[{"href":"https:\/\/api-lux.be\/index.php\/wp-json\/wp\/v2\/types\/post"}],"author":[{"embeddable":true,"href":"https:\/\/api-lux.be\/index.php\/wp-json\/wp\/v2\/users\/2"}],"replies":[{"embeddable":true,"href":"https:\/\/api-lux.be\/index.php\/wp-json\/wp\/v2\/comments?post=5059"}],"version-history":[{"count":4,"href":"https:\/\/api-lux.be\/index.php\/wp-json\/wp\/v2\/posts\/5059\/revisions"}],"predecessor-version":[{"id":7608,"href":"https:\/\/api-lux.be\/index.php\/wp-json\/wp\/v2\/posts\/5059\/revisions\/7608"}],"wp:attachment":[{"href":"https:\/\/api-lux.be\/index.php\/wp-json\/wp\/v2\/media?parent=5059"}],"wp:term":[{"taxonomy":"category","embeddable":true,"href":"https:\/\/api-lux.be\/index.php\/wp-json\/wp\/v2\/categories?post=5059"},{"taxonomy":"post_tag","embeddable":true,"href":"https:\/\/api-lux.be\/index.php\/wp-json\/wp\/v2\/tags?post=5059"}],"curies":[{"name":"wp","href":"https:\/\/api.w.org\/{rel}","templated":true}]}}