{"id":5051,"date":"2025-04-15T16:51:23","date_gmt":"2025-04-15T14:51:23","guid":{"rendered":"https:\/\/api-lux.be\/?p=5051"},"modified":"2025-07-01T11:38:05","modified_gmt":"2025-07-01T09:38:05","slug":"favoriser-laccueil-handicap","status":"publish","type":"post","link":"https:\/\/api-lux.be\/index.php\/2025\/04\/15\/favoriser-laccueil-handicap\/","title":{"rendered":"ONE &#8211; ressources inclusives"},"content":{"rendered":"\n<div class=\"wp-block-columns is-layout-flex wp-container-core-columns-is-layout-9d6595d7 wp-block-columns-is-layout-flex\">\n<div class=\"wp-block-column is-vertically-aligned-center is-layout-flow wp-block-column-is-layout-flow\"><div class=\"wp-block-image\">\n<figure class=\"aligncenter size-large is-resized\"><img loading=\"lazy\" decoding=\"async\" width=\"1024\" height=\"576\" src=\"https:\/\/api-lux.be\/wp-content\/uploads\/2025\/04\/one-1024x576.png\" alt=\"\" class=\"wp-image-5053\" style=\"width:318px;height:auto\" srcset=\"https:\/\/api-lux.be\/wp-content\/uploads\/2025\/04\/one-1024x576.png 1024w, https:\/\/api-lux.be\/wp-content\/uploads\/2025\/04\/one-300x169.png 300w, https:\/\/api-lux.be\/wp-content\/uploads\/2025\/04\/one-768x432.png 768w, https:\/\/api-lux.be\/wp-content\/uploads\/2025\/04\/one-1536x865.png 1536w, https:\/\/api-lux.be\/wp-content\/uploads\/2025\/04\/one.png 1890w\" sizes=\"auto, (max-width: 1024px) 100vw, 1024px\" \/><\/figure>\n<\/div><\/div>\n\n\n\n<div class=\"wp-block-column is-layout-flow wp-block-column-is-layout-flow\">\n<p>\ud83c\udfe2 <strong>Ressource vari\u00e9e<\/strong> &#8211; Les outils de l&rsquo;ONE offrent des ressources p\u00e9dagogiques, malles \u00e9ducatives et fiches d&rsquo;activit\u00e9s pour favoriser l&rsquo;inclusion des enfants en situation de handicap.<\/p>\n\n\n\n<!--more-->\n\n\n\n<h2 class=\"wp-block-heading\">\u00c2ge cible<\/h2>\n\n\n\n<p>De 3 \u00e0 12 ans.<\/p>\n<\/div>\n<\/div>\n\n\n\n<h2 class=\"wp-block-heading\">Descriptif de l&rsquo;outil<\/h2>\n\n\n\n<p>\ud83e\udde9  <strong>L\u2019ONE<\/strong>, c\u2019est l\u2019<strong>Office de la Naissance et de l\u2019Enfance<\/strong>.<br>C\u2019est un organisme public de la F\u00e9d\u00e9ration Wallonie-Bruxelles (Belgique francophone), charg\u00e9 de tout ce qui concerne le <strong>bien-\u00eatre, la sant\u00e9, l\u2019accueil et le soutien des enfants et de leurs familles<\/strong>, de la grossesse jusqu\u2019\u00e0 18 ans.<\/p>\n\n\n\n<p>L\u2019ONE pr\u00f4ne une <strong>approche inclusive<\/strong>, o\u00f9 chaque enfant est accueilli en tenant compte de <strong>ses sp\u00e9cificit\u00e9s et de son potentiel<\/strong>. L\u2019accompagnement repose sur :<\/p>\n\n\n\n<ul class=\"wp-block-list\">\n<li>\ud83d\udca1 <strong>Une d\u00e9marche individualis\u00e9e<\/strong> : adaptation du projet d\u2019accueil \u00e0 l\u2019enfant et sa famille.<\/li>\n\n\n\n<li>\ud83e\udd1d <strong>Une collaboration active<\/strong> : implication des parents, des professionnels et des partenaires du secteur du handicap.<\/li>\n\n\n\n<li>\ud83d\udd04 <strong>Un soutien au long cours<\/strong> : accompagnement \u00e9volutif qui s\u2019ajuste \u00e0 l\u2019enfant.<\/li>\n<\/ul>\n\n\n\n<p>\ud83d\udc49 L\u2019accueil inclusif est un droit et non un acte exceptionnel.<\/p>\n\n\n\n<hr class=\"wp-block-separator has-alpha-channel-opacity\"\/>\n\n\n\n<p><strong>\ud83d\udee0\ufe0f D\u00e9marches et outils<\/strong>: L\u2019ONE propose une <strong>bo\u00eete \u00e0 outils<\/strong> pour les structures d\u2019accueil :<\/p>\n\n\n\n<ul class=\"wp-block-list\">\n<li>\ud83d\udcd8 <strong>Guides pratiques<\/strong> pour mettre en \u0153uvre un accueil inclusif.<\/li>\n\n\n\n<li>\ud83e\udded <strong>Fiches rep\u00e8res<\/strong> : th\u00e9matiques telles que le partenariat, les attitudes professionnelles, l\u2019accessibilit\u00e9, etc.<\/li>\n\n\n\n<li>\ud83c\udf93 <strong>Formations sp\u00e9cifiques<\/strong> autour de l&rsquo;inclusion.<\/li>\n\n\n\n<li>\ud83e\udde9 <strong>Soutien au cas par cas<\/strong> via les \u00e9quipes r\u00e9gionales et des outils d\u2019analyse des situations individuelles.<\/li>\n<\/ul>\n\n\n\n<p>Ces outils permettent de <strong>mieux comprendre le handicap<\/strong>, d\u2019<strong>adapter l\u2019environnement<\/strong> et d\u2019<strong>am\u00e9liorer les pratiques \u00e9ducatives<\/strong>.<\/p>\n\n\n\n<hr class=\"wp-block-separator has-alpha-channel-opacity\"\/>\n\n\n\n<p><strong>\ud83c\udf92 <\/strong><a href=\"https:\/\/www.one.be\/professionnel\/accessibilite-et-inclusion\/demarches-et-outils\/dispositif-3-12-ans\/\" data-type=\"link\" data-id=\"https:\/\/www.one.be\/professionnel\/accessibilite-et-inclusion\/demarches-et-outils\/dispositif-3-12-ans\/\" target=\"_blank\" rel=\"noreferrer noopener\"><strong>Dispositif 3-12 ans<\/strong>:<\/a> a pour mission de transformer les <strong>lieux d\u2019accueil<\/strong> (accueils p\u00e9riscolaires, extrascolaires, loisirs) en espaces v\u00e9ritablement inclusifs pour tous les enfants, y compris ceux en situation de handicap.<\/p>\n\n\n\n<ul class=\"wp-block-list\">\n<li>\ud83e\uddf0 Il comprend des <strong>ressources p\u00e9dagogiques<\/strong>, des <strong>outils pratiques<\/strong> et des <strong>malles \u00e9ducatives<\/strong>: des <strong>jeux, livres, fiches d&rsquo;activit\u00e9s<\/strong>, et des supports pour animer des moments d\u2019\u00e9change et d\u2019apprentissage, permettant \u00e0 chaque enfant, qu\u2019il soit en situation de handicap ou non, de participer activement.<\/li>\n\n\n\n<li>\ud83d\ude4c Il aide les professionnels \u00e0 <strong>cr\u00e9er des activit\u00e9s adapt\u00e9es<\/strong> qui f<strong>avorisent la coop\u00e9ration et la compr\u00e9hension des diff\u00e9rences.<\/strong><\/li>\n<\/ul>\n\n\n\n<hr class=\"wp-block-separator has-alpha-channel-opacity\"\/>\n\n\n\n<p><strong>\ud83d\udce6 <a href=\"https:\/\/www.one.be\/professionnel\/accessibilite-et-inclusion\/demarches-et-outils\/dispositif-3-12-ans\/malles-pedagogiques\/\" data-type=\"link\" data-id=\"https:\/\/www.one.be\/professionnel\/accessibilite-et-inclusion\/demarches-et-outils\/dispositif-3-12-ans\/malles-pedagogiques\/\" target=\"_blank\" rel=\"noreferrer noopener\">Malles p\u00e9dagogiques: <\/a><\/strong>Con\u00e7ues pour les enfants de 3 \u00e0 12 ans, elles sont disponibles \u00e0 l\u2019emprunt pour les op\u00e9rateurs ATL et incluent :<\/p>\n\n\n\n<ul class=\"wp-block-list\">\n<li>\ud83d\udcda Livres et albums illustr\u00e9s.<\/li>\n\n\n\n<li>\ud83c\udfb2 Jeux coop\u00e9ratifs et inclusifs.<\/li>\n\n\n\n<li>\ud83e\uddf8 Mat\u00e9riel de motricit\u00e9 adapt\u00e9.<\/li>\n\n\n\n<li>\ud83d\udccb Fiches d\u2019activit\u00e9s th\u00e9matiques : \u00e9motions, diff\u00e9rences, entraide, etc.<\/li>\n<\/ul>\n\n\n\n<div class=\"wp-block-columns is-layout-flex wp-container-core-columns-is-layout-9d6595d7 wp-block-columns-is-layout-flex\">\n<div class=\"wp-block-column is-layout-flow wp-block-column-is-layout-flow\">\n<h2 class=\"wp-block-heading\">Objectif(s) d&rsquo;utilisation<\/h2>\n\n\n\n<p>\u2728 <strong>Garantir l\u2019\u00e9galit\u00e9 d\u2019acc\u00e8s<\/strong> \u00e0 l\u2019accueil pour tous les enfants, avec ou sans handicap.<\/p>\n\n\n\n<p>\ud83c\udf31 <strong>Favoriser le d\u00e9veloppement, l\u2019autonomie et la participation<\/strong> de chaque enfant.<\/p>\n\n\n\n<p>\ud83e\udd1d <strong>Cr\u00e9er des environnements inclusifs<\/strong> o\u00f9 tous les enfants grandissent ensemble.<\/p>\n\n\n\n<p>\ud83d\udcda <strong>Soutenir les professionnels<\/strong> avec des outils, formations et ressources p\u00e9dagogiques.<\/p>\n\n\n\n<p>\ud83c\udfb2 <strong>Sensibiliser par le jeu<\/strong> \u00e0 la diversit\u00e9, la coop\u00e9ration et au respect des diff\u00e9rences.<\/p>\n\n\n\n<p>\ud83d\udce6 <strong>Fournir du mat\u00e9riel concret et ludique<\/strong> : malles, fiches d\u2019activit\u00e9s et DIY, adapt\u00e9s aux temps extrascolaires.<\/p>\n<\/div>\n<\/div>\n\n\n\n<h2 class=\"wp-block-heading\">Liens utiles<\/h2>\n\n\n\n<p>\ud83d\udcc4 <a href=\"https:\/\/www.one.be\/professionnel\/accessibilite-et-inclusion\/en-situation-de-handicap\/laccueil-des-enfants\/\" data-type=\"link\" data-id=\"https:\/\/www.one.be\/professionnel\/accessibilite-et-inclusion\/en-situation-de-handicap\/laccueil-des-enfants\/\" target=\"_blank\" rel=\"noreferrer noopener\"><strong>ARTICLE<\/strong> de l&rsquo;ONE: \u00ab\u00a0L&rsquo;accueil d&rsquo;enfants en situation de handicap\u00a0\u00bb<\/a><\/p>\n\n\n\n<p>\ud83d\udcc4 <a href=\"https:\/\/www.one.be\/professionnel\/accessibilite-et-inclusion\/demarches-et-outils\/dispositif-3-12-ans\/\" data-type=\"link\" data-id=\"https:\/\/www.one.be\/professionnel\/accessibilite-et-inclusion\/demarches-et-outils\/dispositif-3-12-ans\/\" target=\"_blank\" rel=\"noreferrer noopener\"><strong>ARTICLE de l&rsquo;ONE:<\/strong> \u00ab\u00a0Le dispositif 3-12 ans : ensemble, visons des lieux d\u2019accueil plus inclusifs pour tous les enfants\u00a0\u00bb qui reprend:<\/a><\/p>\n\n\n\n<ul class=\"wp-block-list\">\n<li>Des outils \u00e0 destination des \u00e9quipes d\u2019accueil&nbsp;:\n<ul class=\"wp-block-list\">\n<li>\ud83d\udce6 <a href=\"https:\/\/www.one.be\/professionnel\/accessibilite-et-inclusion\/demarches-et-outils\/dispositif-3-12-ans\/malles-pedagogiques\/\" target=\"_blank\" rel=\"noreferrer noopener\">Des malles p\u00e9dagogiques<\/a><\/li>\n\n\n\n<li>\ud83d\udcdd <a href=\"https:\/\/www.one.be\/professionnel\/accessibilite-et-inclusion\/demarches-et-outils\/dispositif-3-12-ans\/malles-pedagogiques\/fiches-dactivites\/\" target=\"_blank\" rel=\"noreferrer noopener\">Des fiches d&rsquo;activit\u00e9s pour chaque objet contenu dans les deux malles<\/a><\/li>\n\n\n\n<li>\u2702\ufe0f <a href=\"https:\/\/www.one.be\/professionnel\/accessibilite-et-inclusion\/demarches-et-outils\/dispositif-3-12-ans\/malles-pedagogiques\/fiches-diy\/\" target=\"_blank\" rel=\"noreferrer noopener\">Des fiches DIY<\/a><\/li>\n<\/ul>\n<\/li>\n\n\n\n<li>Des outils \u00e0 destination des professionnels et professionnelles qui accompagnent les \u00e9quipes d\u2019accueil :\n<ul class=\"wp-block-list\">\n<li>\ud83d\udcd8 <a href=\"https:\/\/www.one.be\/professionnel\/accessibilite-et-inclusion\/demarches-et-outils\/dispositif-3-12-ans\/valisette-pedagogique\/guide-methodologique\/\" target=\"_blank\" rel=\"noreferrer noopener\">Un guide m\u00e9thodologique<\/a><\/li>\n\n\n\n<li>\ud83e\udde0 <a href=\"https:\/\/www.one.be\/professionnel\/accessibilite-et-inclusion\/demarches-et-outils\/dispositif-3-12-ans\/valisette-pedagogique\/croquis-langage\/\" target=\"_blank\" rel=\"noreferrer noopener\">Un croquis langage<\/a><\/li>\n\n\n\n<li>\ud83e\udde9 <a href=\"https:\/\/www.one.be\/professionnel\/accessibilite-et-inclusion\/demarches-et-outils\/dispositif-3-12-ans\/valisette-pedagogique\/fiches-notions\/\" target=\"_blank\" rel=\"noreferrer noopener\">Des fiches \u00ab&nbsp;notions&nbsp;inclusives \u00bb<\/a><\/li>\n\n\n\n<li>\ud83c\udfa5 <a href=\"https:\/\/www.youtube.com\/watch?v=xlaX1mxpYtQ\" target=\"_blank\" rel=\"noreferrer noopener\">Une courte vid\u00e9o sur la r\u00e9flexion p\u00e9dagogique \u00e0 mener dans le secteur 3-12 ans<\/a><\/li>\n<\/ul>\n<\/li>\n\n\n\n<li>Des outils communs :\n<ul class=\"wp-block-list\">\n<li>\ud83d\udcc2 <a href=\"https:\/\/www.one.be\/professionnel\/accessibilite-et-inclusion\/demarches-et-outils\/dispositif-3-12-ans\/dossier-pedagogique\/\" target=\"_blank\" rel=\"noreferrer noopener\">Un dossier p\u00e9dagogique<\/a><\/li>\n\n\n\n<li>\ud83d\udcca <a href=\"https:\/\/www.one.be\/professionnel\/accessibilite-et-inclusion\/demarches-et-outils\/dispositif-3-12-ans\/presentation-vision-inclusive\/\" target=\"_blank\" rel=\"noreferrer noopener\">Un outil de pr\u00e9sentation expliquant le dispositif \u00e0 destination des accompagnateurs<\/a><\/li>\n\n\n\n<li>\ud83d\udcda <a href=\"https:\/\/www.one.be\/professionnel\/accessibilite-et-inclusion\/demarches-et-outils\/dispositif-3-12-ans\/ressources-accessibilite-inclusion\/\" target=\"_blank\" rel=\"noreferrer noopener\">Un document \u00ab\u00a0ressources\u00a0\u00bb pr\u00e9sentant des ouvrages de r\u00e9flexion soutenant les professionnel\u00b7le\u00b7s par rapport aux questions d&rsquo;accueil de tous<\/a><\/li>\n<\/ul>\n<\/li>\n<\/ul>\n\n\n\n<p>Des outils \u00e0 nous partager ? <a href=\"https:\/\/api-lux.be\/index.php\/contact\/\">Cliquez ici<\/a><\/p>\n","protected":false},"excerpt":{"rendered":"<p>\ud83c\udfe2 Ressource vari\u00e9e &#8211; Les outils de l&rsquo;ONE offrent des ressources p\u00e9dagogiques, malles \u00e9ducatives et fiches d&rsquo;activit\u00e9s pour favoriser l&rsquo;inclusion des enfants en situation de handicap.<\/p>\n","protected":false},"author":6,"featured_media":0,"comment_status":"closed","ping_status":"closed","sticky":false,"template":"","format":"standard","meta":{"iawp_total_views":11,"footnotes":""},"categories":[24,10,28,4,22,27,14,18,9,5,8,12,17,20,26,21],"tags":[],"class_list":["post-5051","post","type-post","status-publish","format-standard","hentry","category-adaptation-des-apprentissages","category-amenagement-environnement","category-autonomie-et-responsabilisation","category-besoins","category-besoins-cognitifs","category-besoins-daccomplissement","category-besoins-dappartenance","category-besoins-destime","category-besoins-de-securite","category-besoins-physiologiques","category-bien-etre","category-cadre-et-limites","category-inclusion-sociale-et-reseau-sociaux","category-individualisation","category-outils-pedagogiques-pour-les-pro","category-valorisation-confiance"],"_links":{"self":[{"href":"https:\/\/api-lux.be\/index.php\/wp-json\/wp\/v2\/posts\/5051","targetHints":{"allow":["GET"]}}],"collection":[{"href":"https:\/\/api-lux.be\/index.php\/wp-json\/wp\/v2\/posts"}],"about":[{"href":"https:\/\/api-lux.be\/index.php\/wp-json\/wp\/v2\/types\/post"}],"author":[{"embeddable":true,"href":"https:\/\/api-lux.be\/index.php\/wp-json\/wp\/v2\/users\/6"}],"replies":[{"embeddable":true,"href":"https:\/\/api-lux.be\/index.php\/wp-json\/wp\/v2\/comments?post=5051"}],"version-history":[{"count":4,"href":"https:\/\/api-lux.be\/index.php\/wp-json\/wp\/v2\/posts\/5051\/revisions"}],"predecessor-version":[{"id":7609,"href":"https:\/\/api-lux.be\/index.php\/wp-json\/wp\/v2\/posts\/5051\/revisions\/7609"}],"wp:attachment":[{"href":"https:\/\/api-lux.be\/index.php\/wp-json\/wp\/v2\/media?parent=5051"}],"wp:term":[{"taxonomy":"category","embeddable":true,"href":"https:\/\/api-lux.be\/index.php\/wp-json\/wp\/v2\/categories?post=5051"},{"taxonomy":"post_tag","embeddable":true,"href":"https:\/\/api-lux.be\/index.php\/wp-json\/wp\/v2\/tags?post=5051"}],"curies":[{"name":"wp","href":"https:\/\/api.w.org\/{rel}","templated":true}]}}