{"id":5025,"date":"2025-04-15T14:02:36","date_gmt":"2025-04-15T12:02:36","guid":{"rendered":"https:\/\/api-lux.be\/?p=5025"},"modified":"2025-07-01T11:39:29","modified_gmt":"2025-07-01T09:39:29","slug":"inclusion-asbl","status":"publish","type":"post","link":"https:\/\/api-lux.be\/index.php\/2025\/04\/15\/inclusion-asbl\/","title":{"rendered":"Inclusion ASBL"},"content":{"rendered":"\n<div class=\"wp-block-columns is-layout-flex wp-container-core-columns-is-layout-9d6595d7 wp-block-columns-is-layout-flex\">\n<div class=\"wp-block-column is-vertically-aligned-center is-layout-flow wp-block-column-is-layout-flow\"><div class=\"wp-block-image\">\n<figure class=\"aligncenter size-full\"><img loading=\"lazy\" decoding=\"async\" width=\"1016\" height=\"265\" src=\"https:\/\/api-lux.be\/wp-content\/uploads\/2025\/04\/inclusion-bruxelles.jpg\" alt=\"\" class=\"wp-image-5030\" srcset=\"https:\/\/api-lux.be\/wp-content\/uploads\/2025\/04\/inclusion-bruxelles.jpg 1016w, https:\/\/api-lux.be\/wp-content\/uploads\/2025\/04\/inclusion-bruxelles-300x78.jpg 300w, https:\/\/api-lux.be\/wp-content\/uploads\/2025\/04\/inclusion-bruxelles-768x200.jpg 768w\" sizes=\"auto, (max-width: 1016px) 100vw, 1016px\" \/><\/figure>\n<\/div><\/div>\n\n\n\n<div class=\"wp-block-column is-layout-flow wp-block-column-is-layout-flow\">\n<p>\ud83c\udfe2 <strong>Ressource vari\u00e9e<\/strong> &#8211; Inclusion asbl est une association belge engag\u00e9e pour les droits, l\u2019inclusion et l\u2019accompagnement des personnes avec un handicap intellectuel, ainsi que de leurs proches, tout au long de la vie.<\/p>\n\n\n\n<!--more-->\n\n\n\n<h2 class=\"wp-block-heading\">\u00c2ge cible<\/h2>\n\n\n\n<p>Tout \u00e2ge.<\/p>\n<\/div>\n<\/div>\n\n\n\n<h2 class=\"wp-block-heading\">Descriptif de l&rsquo;outil<\/h2>\n\n\n\n<p>\ud83c\udf08 <strong>Inclusion asbl<\/strong>, c\u2019est une asbl belge francophone qui agit au quotidien pour d\u00e9fendre les droits et am\u00e9liorer la qualit\u00e9 de vie des personnes avec un <strong>handicap intellectuel<\/strong>. Cette association, active depuis pr\u00e8s de 60 ans, a \u00e9t\u00e9 fond\u00e9e par des parents de personnes avec un handicap intellectuel, leurs proches et des professionnels du secteur.  Elle accompagne \u00e9galement leurs proches \u00e0 chaque \u00e9tape de la vie, de l\u2019annonce du diagnostic jusqu\u2019\u00e0 la vieillesse.<\/p>\n\n\n\n<p>\ud83c\udfaf Leur mission ? Construire un monde o\u00f9 <strong>chacun a sa place<\/strong>, quels que soient ses d\u00e9fis:<\/p>\n\n\n\n<ul class=\"wp-block-list\">\n<li>\ud83d\udee1\ufe0f <strong>D\u00e9fendre les droits<\/strong> des personnes en situation de handicap aupr\u00e8s des pouvoirs publics.<\/li>\n\n\n\n<li>\ud83e\udde9 <strong>Cr\u00e9er du lien<\/strong> entre les familles concern\u00e9es pour briser l\u2019isolement.<\/li>\n\n\n\n<li>\ud83d\udcde <strong>Offrir un accompagnement personnalis\u00e9<\/strong> via un service social, des formations, et des projets concrets.<\/li>\n\n\n\n<li>\ud83c\udf0d <strong>Militer activement <\/strong>pour une soci\u00e9t\u00e9 accessible \u00e0 tous.<\/li>\n<\/ul>\n\n\n\n<p>Ils accompagnent les personnes porteuses d&rsquo;un handicap intellectuelle, tout au long de leur vie: <\/p>\n\n\n\n<p>\ud83c\udf7c <strong>Avant l\u2019\u00e9cole<\/strong> : soutien d\u00e8s le diagnostic, accompagnement en cr\u00e8che.<\/p>\n\n\n\n<p>\ud83c\udfeb <strong>Pendant la scolarit\u00e9<\/strong> : informations sur l\u2019\u00e9cole inclusive, le P.I.A., l\u2019enseignement sp\u00e9cialis\u00e9.<\/p>\n\n\n\n<ul class=\"wp-block-list\">\n<li>\ud83c\udf93 <strong>Apr\u00e8s l\u2019\u00e9cole<\/strong> : accompagnement vers l\u2019emploi, activit\u00e9s citoyennes, loisirs, \u00e9ducation affective et sexuelle.<\/li>\n\n\n\n<li>\ud83c\udfe0 <strong>Logement<\/strong> : h\u00e9bergements adapt\u00e9s et solutions de vie autonome.<\/li>\n\n\n\n<li>\ud83e\ude7a <strong>Sant\u00e9<\/strong> : orientation vers les bons sp\u00e9cialistes, centres de r\u00e9adaptation, consultations pluridisciplinaires.<\/li>\n\n\n\n<li>\ud83d\udcdc <strong>Droits &amp; aides financi\u00e8res<\/strong> : explications claires sur les allocations et mesures de protection.<\/li>\n\n\n\n<li>\ud83c\udf05 <strong>Vieillissement<\/strong> : prise en compte des besoins sp\u00e9cifiques des personnes \u00e2g\u00e9es en situation de handicap.<\/li>\n<\/ul>\n\n\n\n<p>Sur le site d&rsquo;Inclusion asbl, tu peux trouver :<\/p>\n\n\n\n<ul class=\"wp-block-list\">\n<li><strong>\ud83d\udee1\ufe0f<\/strong> Informations et actions pour <strong>d\u00e9fendre les droits<\/strong> des personnes en situation de handicap intellectuel et leurs proches.<\/li>\n\n\n\n<li><strong>\ud83c\udfeb <\/strong>Ressources sur <strong>l&rsquo;inclusion scolaire<\/strong>, l&rsquo;\u00e9ducation sp\u00e9cialis\u00e9e, les <strong>plans d\u2019accompagnement personnalis\u00e9 (P.I.A.)<\/strong> et des conseils pour les familles et les enseignants.<\/li>\n\n\n\n<li><strong>\ud83d\udc68\u200d\ud83d\udcbc <\/strong>Solutions pour l\u2019<strong>accompagnement vers l\u2019emploi<\/strong>, la <strong>formation<\/strong> et l\u2019<strong>int\u00e9gration professionnelle<\/strong> des jeunes adultes.<\/li>\n\n\n\n<li><strong>\ud83c\udfe0<\/strong> Informations sur les <strong>solutions de logement adapt\u00e9<\/strong> et l&rsquo;accompagnement vers une vie autonome pour les jeunes et les adultes en situation de handicap.<\/li>\n\n\n\n<li><strong>\ud83d\udcda<\/strong> Guides, brochures, m\u00e9morandums politiques et autres <strong>supports d\u2019information sur les aides disponibles<\/strong>, les <strong>droits<\/strong> et les <strong>d\u00e9marches administratives.<\/strong><\/li>\n\n\n\n<li><strong>\ud83d\udce2 <\/strong>Des informations sur les <strong>campagnes de sensibilisation<\/strong>, les <strong>\u00e9v\u00e9nements<\/strong> et les <strong>actions<\/strong> pour promouvoir l&rsquo;inclusion des personnes en situation de handicap.<\/li>\n\n\n\n<li><strong>\ud83d\udcdc <\/strong>Conseils pour acc\u00e9der aux <strong>allocations, aux aides sociales<\/strong> et des informations sur les <strong>mesures de protection juridique<\/strong>.<\/li>\n<\/ul>\n\n\n\n<div class=\"wp-block-columns is-layout-flex wp-container-core-columns-is-layout-9d6595d7 wp-block-columns-is-layout-flex\">\n<div class=\"wp-block-column is-layout-flow wp-block-column-is-layout-flow\">\n<h2 class=\"wp-block-heading\">Objectif(s) d&rsquo;utilisation<\/h2>\n\n\n\n<p>\ud83d\udee1\ufe0f <strong>D\u00e9fendre les droits<\/strong> : Repr\u00e9senter les personnes avec un handicap intellectuel et faire entendre leur voix.<\/p>\n\n\n\n<p>\ud83e\udd17 <strong>Soutenir les familles<\/strong> : Cr\u00e9er du lien, briser l\u2019isolement et favoriser l\u2019entraide.<\/p>\n\n\n\n<p>\ud83d\udd0e <strong>R\u00e9pondre aux besoins concrets<\/strong> : Offrir un accompagnement personnalis\u00e9, des formations et des projets adapt\u00e9s.<\/p>\n\n\n\n<p>\ud83c\udf0d <strong>Promouvoir l\u2019inclusion<\/strong> : Lutter pour une soci\u00e9t\u00e9 inclusive o\u00f9 chacun a sa place.<\/p>\n\n\n\n<p>\ud83d\udce2 <strong>Sensibiliser et informer<\/strong> : Informer le public et les d\u00e9cideurs pour changer les mentalit\u00e9s.<\/p>\n\n\n\n<h2 class=\"wp-block-heading\">Liens utiles<\/h2>\n\n\n\n<p>\ud83c\udf10 <a href=\"https:\/\/www.inclusion-asbl.be\/\" data-type=\"link\" data-id=\"https:\/\/www.inclusion-asbl.be\/\" target=\"_blank\" rel=\"noreferrer noopener\"><strong>SITE INTERNET<\/strong> officiel <\/a><\/p>\n\n\n\n<p>\ud83d\udcc4 <strong>DOCUMENT PDF <\/strong>&#8211; <a href=\"https:\/\/www.inclusion-asbl.be\/wp-content\/uploads\/2021\/05\/le-handicap-intellectuel-final.pdf\" target=\"_blank\" rel=\"noreferrer noopener\">\u00ab\u00a0Le Handicap Intellectuel &#8211; Tous concern\u00e9\u00a0\u00bb<\/a><\/p>\n\n\n\n<p>\ud83c\udf10 <a href=\"https:\/\/inclusionlux.wordpress.com\/\" data-type=\"link\" data-id=\"https:\/\/inclusionlux.wordpress.com\/\" target=\"_blank\" rel=\"noreferrer noopener\"><strong>SITE INTERNET<\/strong> du Service Inclusion ASBL<\/a><strong> pour le Sud-Luxembourg<\/strong><\/p>\n<\/div>\n\n\n\n<div class=\"wp-block-column is-layout-flow wp-block-column-is-layout-flow\">\n<h2 class=\"wp-block-heading\">Variantes &#8211; am\u00e9nagements<\/h2>\n\n\n\n<p><strong>Accompagnement d&rsquo;un jeune de 0 \u00e0 23 ans avec Inclusion asbl :<\/strong><\/p>\n\n\n\n<p>\ud83c\udf7c <strong>D\u00e8s le diagnostic, s&rsquo;il est pr\u00e9coce<\/strong> :<br>Ressources pour les premi\u00e8res d\u00e9marches, soutien adapt\u00e9 en cr\u00e8che \ud83c\udfeb.<\/p>\n\n\n\n<p>\ud83d\udcda <strong>Scolarit\u00e9<\/strong> :<br>Informations sur l&rsquo;inclusion scolaire, le P.I.A., et l\u2019enseignement sp\u00e9cialis\u00e9.<\/p>\n\n\n\n<p>\ud83c\udf93 <strong>Transition vers l\u2019adulte<\/strong> :<br>Accompagnement vers l\u2019emploi, loisirs, et \u00e9ducation affective et sexuelle.<\/p>\n\n\n\n<p>\ud83c\udfe0 <strong>Autonomie et logement<\/strong> :<br>Solutions de logement adapt\u00e9 et accompagnement vers une vie autonome.<\/p>\n\n\n\n<p>\ud83d\udcb0 <strong>Droits et aides sociales<\/strong> :<br>Explications sur les allocations, aides sociales et d\u00e9marches administratives.<\/p>\n\n\n\n<p>\ud83c\udf93 <strong>Formation et soutien professionnel<\/strong> :<br>Formations pour familles, professionnels et jeunes, ainsi que des ressources de sensibilisation.<\/p>\n<\/div>\n<\/div>\n\n\n\n<p>Des outils \u00e0 nous partager ? <a href=\"https:\/\/api-lux.be\/index.php\/contact\/\">Cliquez ici<\/a><\/p>\n\n\n\n<p><\/p>\n","protected":false},"excerpt":{"rendered":"<p>\ud83c\udfe2 Ressource vari\u00e9e &#8211; Inclusion asbl est une association belge engag\u00e9e pour les droits, l\u2019inclusion et l\u2019accompagnement des personnes avec un handicap intellectuel, ainsi que de leurs proches, tout au [&hellip;]<\/p>\n","protected":false},"author":6,"featured_media":0,"comment_status":"closed","ping_status":"closed","sticky":false,"template":"","format":"standard","meta":{"iawp_total_views":11,"footnotes":""},"categories":[24,10,28,4,22,27,14,18,9,5,8,12,13,23,51,15,19,17,20,25,26,29,11,6,7,30,21,16],"tags":[],"class_list":["post-5025","post","type-post","status-publish","format-standard","hentry","category-adaptation-des-apprentissages","category-amenagement-environnement","category-autonomie-et-responsabilisation","category-besoins","category-besoins-cognitifs","category-besoins-daccomplissement","category-besoins-dappartenance","category-besoins-destime","category-besoins-de-securite","category-besoins-physiologiques","category-bien-etre","category-cadre-et-limites","category-coherence","category-communication","category-culture","category-famille-et-milieu-de-vie","category-gestion-des-emotions","category-inclusion-sociale-et-reseau-sociaux","category-individualisation","category-materiel-specifique","category-outils-pedagogiques-pour-les-pro","category-projection","category-rituels","category-sante-alimentation-sommeil-hygiene","category-soin-pistes-et-outils-professionnels","category-spiritualite","category-valorisation-confiance","category-vie-affective"],"_links":{"self":[{"href":"https:\/\/api-lux.be\/index.php\/wp-json\/wp\/v2\/posts\/5025","targetHints":{"allow":["GET"]}}],"collection":[{"href":"https:\/\/api-lux.be\/index.php\/wp-json\/wp\/v2\/posts"}],"about":[{"href":"https:\/\/api-lux.be\/index.php\/wp-json\/wp\/v2\/types\/post"}],"author":[{"embeddable":true,"href":"https:\/\/api-lux.be\/index.php\/wp-json\/wp\/v2\/users\/6"}],"replies":[{"embeddable":true,"href":"https:\/\/api-lux.be\/index.php\/wp-json\/wp\/v2\/comments?post=5025"}],"version-history":[{"count":5,"href":"https:\/\/api-lux.be\/index.php\/wp-json\/wp\/v2\/posts\/5025\/revisions"}],"predecessor-version":[{"id":7612,"href":"https:\/\/api-lux.be\/index.php\/wp-json\/wp\/v2\/posts\/5025\/revisions\/7612"}],"wp:attachment":[{"href":"https:\/\/api-lux.be\/index.php\/wp-json\/wp\/v2\/media?parent=5025"}],"wp:term":[{"taxonomy":"category","embeddable":true,"href":"https:\/\/api-lux.be\/index.php\/wp-json\/wp\/v2\/categories?post=5025"},{"taxonomy":"post_tag","embeddable":true,"href":"https:\/\/api-lux.be\/index.php\/wp-json\/wp\/v2\/tags?post=5025"}],"curies":[{"name":"wp","href":"https:\/\/api.w.org\/{rel}","templated":true}]}}