{"id":5008,"date":"2025-04-15T08:55:39","date_gmt":"2025-04-15T06:55:39","guid":{"rendered":"https:\/\/api-lux.be\/?p=5008"},"modified":"2025-07-01T11:39:55","modified_gmt":"2025-07-01T09:39:55","slug":"sos-ecole","status":"publish","type":"post","link":"https:\/\/api-lux.be\/index.php\/2025\/04\/15\/sos-ecole\/","title":{"rendered":"Site internet: \u00ab\u00a0SOS \u00c9cole\u00a0\u00bb"},"content":{"rendered":"\n<div class=\"wp-block-columns is-layout-flex wp-container-core-columns-is-layout-9d6595d7 wp-block-columns-is-layout-flex\">\n<div class=\"wp-block-column is-vertically-aligned-center is-layout-flow wp-block-column-is-layout-flow\"><div class=\"wp-block-image\">\n<figure class=\"aligncenter size-large is-resized\"><img loading=\"lazy\" decoding=\"async\" width=\"1024\" height=\"1024\" src=\"https:\/\/api-lux.be\/wp-content\/uploads\/2025\/04\/1-1024x1024.png\" alt=\"\" class=\"wp-image-5010\" style=\"width:254px;height:auto\" srcset=\"https:\/\/api-lux.be\/wp-content\/uploads\/2025\/04\/1-1024x1024.png 1024w, https:\/\/api-lux.be\/wp-content\/uploads\/2025\/04\/1-300x300.png 300w, https:\/\/api-lux.be\/wp-content\/uploads\/2025\/04\/1-150x150.png 150w, https:\/\/api-lux.be\/wp-content\/uploads\/2025\/04\/1-768x768.png 768w, https:\/\/api-lux.be\/wp-content\/uploads\/2025\/04\/1-1536x1536.png 1536w, https:\/\/api-lux.be\/wp-content\/uploads\/2025\/04\/1.png 1563w\" sizes=\"auto, (max-width: 1024px) 100vw, 1024px\" \/><\/figure>\n<\/div><\/div>\n\n\n\n<div class=\"wp-block-column is-layout-flow wp-block-column-is-layout-flow\">\n<p><strong>\ud83c\udf92 Soutien scolaire <\/strong>&#8211; Plateforme qui offre des conseils, des outils et un soutien aux \u00e9l\u00e8ves en difficult\u00e9 scolaire, \u00e0 leurs parents et aux enseignants, principalement pour l\u2019enseignement primaire et secondaire.<\/p>\n\n\n\n<h2 class=\"wp-block-heading\">\u00c2ge cible<\/h2>\n\n\n\n<p>De 6 \u00e0 18 ans.<\/p>\n<\/div>\n<\/div>\n\n\n\n<h2 class=\"wp-block-heading\">Descriptif de l&rsquo;outil<\/h2>\n\n\n\n<p>Le site <a href=\"https:\/\/www.sos-ecole.be\/\" target=\"_blank\" rel=\"noreferrer noopener\"><strong>sos-ecole.be<\/strong><\/a> est une plateforme belge d\u00e9di\u00e9e \u00e0 l&rsquo;accompagnement scolaire et au soutien des \u00e9l\u00e8ves, parents et enseignants. Son objectif principal est d\u2019offrir des <strong>ressources, des conseils et des outils pratiques<\/strong> pour faire face aux difficult\u00e9s scolaires ou \u00e9ducatives.<br>Ce site est une initiative de la Plateforme <a href=\"http:\/\/Enseignement-Aide \u00e0 la Jeunesse du Luxembourg\" target=\"_blank\" rel=\"noreferrer noopener\">Enseignement-Aide \u00e0 la Jeunesse du Luxembourg <\/a>(EO-AJ LUX). Cette plateforme a \u00e9t\u00e9 cr\u00e9\u00e9e pour fournir aux \u00e9coles un guide pratique et structur\u00e9 afin de les aider \u00e0 identifier et \u00e0 orienter les \u00e9l\u00e8ves en difficult\u00e9 vers les services appropri\u00e9s.<\/p>\n\n\n\n<p>\ud83e\uddf0 <strong>Contenu du site<\/strong> &#8211; Le site est structur\u00e9 autour de plusieurs grandes rubriques :<\/p>\n\n\n\n<ul class=\"wp-block-list\">\n<li>\ud83d\udc68\u200d\ud83d\udc69\u200d\ud83d\udc67\u200d\ud83d\udc66 <strong>Pour les parents<\/strong>\n<ul class=\"wp-block-list\">\n<li>Conseils pour accompagner un enfant en difficult\u00e9<\/li>\n\n\n\n<li>Informations sur les troubles d\u2019apprentissage (dyslexie, TDA\/H, etc.)<\/li>\n\n\n\n<li>Aides pour la gestion des devoirs et de la motivation<\/li>\n<\/ul>\n<\/li>\n\n\n\n<li>\ud83e\uddd1\u200d\ud83c\udfeb <strong>Pour les enseignants<\/strong>\n<ul class=\"wp-block-list\">\n<li>Outils p\u00e9dagogiques et fiches pratiques<\/li>\n\n\n\n<li>Strat\u00e9gies d\u2019adaptation pour les \u00e9l\u00e8ves \u00e0 besoins sp\u00e9cifiques<\/li>\n\n\n\n<li>Conseils pour la gestion de classe<\/li>\n<\/ul>\n<\/li>\n\n\n\n<li>\ud83d\udcd8 <strong>Pour les \u00e9l\u00e8ves<\/strong>\n<ul class=\"wp-block-list\">\n<li>Fiches de m\u00e9thodologie<\/li>\n\n\n\n<li>Aide \u00e0 l\u2019organisation du travail<\/li>\n\n\n\n<li>Astuces pour mieux apprendre<\/li>\n<\/ul>\n<\/li>\n<\/ul>\n\n\n\n<p>\ud83d\udcde <strong>Accompagnement personnalis\u00e9<\/strong> &#8211; SOS \u00c9cole propose \u00e9galement :<\/p>\n\n\n\n<ul class=\"wp-block-list\">\n<li>Un service d\u2019\u00e9coute pour les familles<\/li>\n\n\n\n<li>Des conseils individualis\u00e9s<\/li>\n\n\n\n<li>Une orientation vers des professionnels si n\u00e9cessaire<\/li>\n<\/ul>\n\n\n\n<p>Le site <strong>SOS \u00c9cole<\/strong> n\u2019est <strong>pas sp\u00e9cifiquement con\u00e7u<\/strong> pour la <strong>d\u00e9ficience intellectuelle (DI)<\/strong>, mais il peut tout de m\u00eame offrir <strong>des ressources utiles<\/strong> pour accompagner certains aspects des apprentissages scolaires, en particulier pour les enfants avec un <strong>retard global ou des difficult\u00e9s importantes<\/strong>.<\/p>\n\n\n\n<p>\u2705 Ce qu&rsquo;on peut y trouver d\u2019utile pour des enfants avec DI :<\/p>\n\n\n\n<ul class=\"wp-block-list\">\n<li>Des <strong>conseils pour adapter les apprentissages<\/strong> et encourager une p\u00e9dagogie diff\u00e9renci\u00e9e<\/li>\n\n\n\n<li>Des <strong>outils pratiques<\/strong> pour aider \u00e0 la concentration, \u00e0 l&rsquo;organisation ou \u00e0 la m\u00e9morisation<\/li>\n\n\n\n<li>Des explications sur les <strong>troubles d\u2019apprentissage<\/strong> (type dyslexie, TDAH), parfois pr\u00e9sents en plus d&rsquo;une DI<\/li>\n\n\n\n<li>Des <strong>strat\u00e9gies de soutien parental<\/strong> et d&rsquo;encouragement \u00e0 la maison<\/li>\n<\/ul>\n\n\n\n<p>\u274c Ce qu\u2019il manque :<\/p>\n\n\n\n<ul class=\"wp-block-list\">\n<li>Des contenus <strong>sp\u00e9cifiquement adapt\u00e9s<\/strong> aux enfants avec une d\u00e9ficience intellectuelle mod\u00e9r\u00e9e \u00e0 s\u00e9v\u00e8re<\/li>\n\n\n\n<li>Des outils en <strong>lecture simplifi\u00e9e<\/strong> ou avec <strong>supports visuels renforc\u00e9s<\/strong><\/li>\n\n\n\n<li>Des ressources sur les <strong>m\u00e9thodes alternatives<\/strong> d\u2019apprentissage (comme TEACCH, Makaton, ou PECS)<\/li>\n\n\n\n<li>Des r\u00e9f\u00e9rences explicites \u00e0 la <strong>DI<\/strong>, aux <strong>projets p\u00e9dagogiques individualis\u00e9s (PPI)<\/strong> ou aux <strong>\u00e9coles sp\u00e9cialis\u00e9es<\/strong><\/li>\n<\/ul>\n\n\n\n<div class=\"wp-block-columns is-layout-flex wp-container-core-columns-is-layout-9d6595d7 wp-block-columns-is-layout-flex\">\n<div class=\"wp-block-column is-layout-flow wp-block-column-is-layout-flow\">\n<h2 class=\"wp-block-heading\">Objectif(s) d&rsquo;utilisation<\/h2>\n\n\n\n<p>\ud83c\udf93 <strong>Soutenir les \u00e9l\u00e8ves<\/strong> en difficult\u00e9 scolaire en leur proposant des outils concrets pour apprendre plus efficacement.<\/p>\n\n\n\n<p>\ud83d\udc68\u200d\ud83d\udc69\u200d\ud83d\udc67\u200d\ud83d\udc66 <strong>Accompagner les parents<\/strong> dans leur r\u00f4le \u00e9ducatif, face aux d\u00e9fis scolaires de leurs enfants.<\/p>\n\n\n\n<p>\ud83e\uddd1\u200d\ud83c\udfeb <strong>Aider les enseignants<\/strong> \u00e0 adapter leur p\u00e9dagogie et \u00e0 mieux comprendre les besoins sp\u00e9cifiques de certains \u00e9l\u00e8ves.<\/p>\n\n\n\n<p>\ud83d\udcac <strong>Favoriser le dialogue<\/strong> entre l\u2019\u00e9cole, la famille et les professionnels de l\u2019\u00e9ducation.<\/p>\n\n\n\n<p>\ud83e\udde0 <strong>Informer et sensibiliser<\/strong> sur les troubles d\u2019apprentissage et les m\u00e9thodes pour les prendre en compte.<\/p>\n<\/div>\n\n\n\n<div class=\"wp-block-column is-layout-flow wp-block-column-is-layout-flow\">\n<h2 class=\"wp-block-heading\">Variantes &#8211; am\u00e9nagements<\/h2>\n\n\n\n<p>Le site <strong>SOS \u00c9cole<\/strong> peut servir de <strong>ressource compl\u00e9mentaire<\/strong> pour les jeunes porteurs d&rsquo;une DI. On peut l\u2019utiliser pour :<\/p>\n\n\n\n<ul class=\"wp-block-list\">\n<li>\ud83d\udcca <strong>S\u00e9lectionner des outils simples et visuels<\/strong>, adapt\u00e9s aux enfants avec DI l\u00e9g\u00e8re (fiches pratiques, routines, tableaux de motivation).<\/li>\n\n\n\n<li>\ud83d\udc68\u200d\ud83d\udc69\u200d\ud83d\udc67\u200d\ud83d\udc66 <strong>Adapter les conseils parentaux<\/strong> sur les devoirs, la fatigue ou le d\u00e9couragement.<\/li>\n\n\n\n<li>\ud83e\uddd1\u200d\ud83c\udfeb <strong>S\u2019inspirer des strat\u00e9gies p\u00e9dagogiques<\/strong> propos\u00e9es pour mettre en place des adaptations en classe.<\/li>\n\n\n\n<li>\ud83e\udde0 <strong>Mieux comprendre les troubles associ\u00e9s<\/strong> comme les troubles \u00ab\u00a0dys\u00a0\u00bb ou le TDAH, souvent pr\u00e9sents en plus d\u2019une DI.<\/li>\n<\/ul>\n\n\n\n<p>\ud83d\udc49 \u00c0 compl\u00e9ter avec des <strong>outils visuels<\/strong>, des <strong>m\u00e9thodes de l\u2019enseignement sp\u00e9cialis\u00e9<\/strong> et des <strong>supports simplifi\u00e9s<\/strong>.<\/p>\n<\/div>\n<\/div>\n\n\n\n<div class=\"wp-block-columns is-layout-flex wp-container-core-columns-is-layout-9d6595d7 wp-block-columns-is-layout-flex\">\n<div class=\"wp-block-column is-layout-flow wp-block-column-is-layout-flow\">\n<h2 class=\"wp-block-heading\">Liens utiles<\/h2>\n\n\n\n<p>\ud83c\udf10 <a href=\"https:\/\/www.sos-ecole.be\/\" data-type=\"link\" data-id=\"https:\/\/www.sos-ecole.be\/\" target=\"_blank\" rel=\"noreferrer noopener\"><strong>SITE INTERNET<\/strong> officiel<\/a><\/p>\n<\/div>\n<\/div>\n\n\n\n<p>Des outils \u00e0 nous partager ? <a href=\"https:\/\/api-lux.be\/index.php\/contact\/\">Cliquez ici<\/a><\/p>\n","protected":false},"excerpt":{"rendered":"<p>\ud83c\udf92 Soutien scolaire &#8211; Plateforme qui offre des conseils, des outils et un soutien aux \u00e9l\u00e8ves en difficult\u00e9 scolaire, \u00e0 leurs parents et aux enseignants, principalement pour l\u2019enseignement primaire et [&hellip;]<\/p>\n","protected":false},"author":6,"featured_media":0,"comment_status":"closed","ping_status":"closed","sticky":false,"template":"","format":"standard","meta":{"iawp_total_views":9,"footnotes":""},"categories":[10,4,22,18,9,5,8,12,25,26,7,21],"tags":[],"class_list":["post-5008","post","type-post","status-publish","format-standard","hentry","category-amenagement-environnement","category-besoins","category-besoins-cognitifs","category-besoins-destime","category-besoins-de-securite","category-besoins-physiologiques","category-bien-etre","category-cadre-et-limites","category-materiel-specifique","category-outils-pedagogiques-pour-les-pro","category-soin-pistes-et-outils-professionnels","category-valorisation-confiance"],"_links":{"self":[{"href":"https:\/\/api-lux.be\/index.php\/wp-json\/wp\/v2\/posts\/5008","targetHints":{"allow":["GET"]}}],"collection":[{"href":"https:\/\/api-lux.be\/index.php\/wp-json\/wp\/v2\/posts"}],"about":[{"href":"https:\/\/api-lux.be\/index.php\/wp-json\/wp\/v2\/types\/post"}],"author":[{"embeddable":true,"href":"https:\/\/api-lux.be\/index.php\/wp-json\/wp\/v2\/users\/6"}],"replies":[{"embeddable":true,"href":"https:\/\/api-lux.be\/index.php\/wp-json\/wp\/v2\/comments?post=5008"}],"version-history":[{"count":4,"href":"https:\/\/api-lux.be\/index.php\/wp-json\/wp\/v2\/posts\/5008\/revisions"}],"predecessor-version":[{"id":7613,"href":"https:\/\/api-lux.be\/index.php\/wp-json\/wp\/v2\/posts\/5008\/revisions\/7613"}],"wp:attachment":[{"href":"https:\/\/api-lux.be\/index.php\/wp-json\/wp\/v2\/media?parent=5008"}],"wp:term":[{"taxonomy":"category","embeddable":true,"href":"https:\/\/api-lux.be\/index.php\/wp-json\/wp\/v2\/categories?post=5008"},{"taxonomy":"post_tag","embeddable":true,"href":"https:\/\/api-lux.be\/index.php\/wp-json\/wp\/v2\/tags?post=5008"}],"curies":[{"name":"wp","href":"https:\/\/api.w.org\/{rel}","templated":true}]}}