{"id":5003,"date":"2025-04-15T08:37:03","date_gmt":"2025-04-15T06:37:03","guid":{"rendered":"https:\/\/api-lux.be\/?p=5003"},"modified":"2025-07-01T11:40:24","modified_gmt":"2025-07-01T09:40:24","slug":"conseil-superieur-de-leducation-aux-medias","status":"publish","type":"post","link":"https:\/\/api-lux.be\/index.php\/2025\/04\/15\/conseil-superieur-de-leducation-aux-medias\/","title":{"rendered":"Site internet officiel du Conseil Sup\u00e9rieur de l&rsquo;\u00c9ducation aux M\u00e9dias (CSEM)"},"content":{"rendered":"\n<div class=\"wp-block-columns is-layout-flex wp-container-core-columns-is-layout-9d6595d7 wp-block-columns-is-layout-flex\">\n<div class=\"wp-block-column is-vertically-aligned-center is-layout-flow wp-block-column-is-layout-flow\"><div class=\"wp-block-image\">\n<figure class=\"aligncenter size-full is-resized\"><img loading=\"lazy\" decoding=\"async\" width=\"196\" height=\"196\" src=\"https:\/\/api-lux.be\/wp-content\/uploads\/2025\/04\/images-2.png\" alt=\"\" class=\"wp-image-5006\" style=\"width:276px;height:auto\" srcset=\"https:\/\/api-lux.be\/wp-content\/uploads\/2025\/04\/images-2.png 196w, https:\/\/api-lux.be\/wp-content\/uploads\/2025\/04\/images-2-150x150.png 150w\" sizes=\"auto, (max-width: 196px) 100vw, 196px\" \/><\/figure>\n<\/div><\/div>\n\n\n\n<div class=\"wp-block-column is-layout-flow wp-block-column-is-layout-flow\">\n<p>\ud83d\udcf1 <strong>R\u00c9SEAUX SOCIAUX \u2013 GESTION <\/strong>&#8211; Organisme de la FWB qui promeut l\u2019<strong>\u00e9ducation aux m\u00e9dias tout au long de la vie<\/strong>, en aidant chacun \u00e0 d\u00e9velopper un <strong>esprit critique face aux m\u00e9dias et au num\u00e9rique<\/strong>.<\/p>\n\n\n\n<h2 class=\"wp-block-heading\">Public cible<\/h2>\n\n\n\n<p>\u00c0 partir de 3 ans, pour les \u00e9l\u00e8ves, enseignants, \u00e9ducateurs, parents, citoyens curieux \ud83d\ude09<\/p>\n<\/div>\n<\/div>\n\n\n\n<h2 class=\"wp-block-heading\">Descriptif de l&rsquo;outil<\/h2>\n\n\n\n<p>\ud83c\udf10 <strong>Le site <a href=\"http:\/\/www.csem.be\" target=\"_blank\" rel=\"noreferrer noopener\">www.csem.be<\/a><\/strong> est le portail officiel du <strong>Conseil Sup\u00e9rieur de l&rsquo;\u00c9ducation aux M\u00e9dias (CSEM)<\/strong>. Il est d\u00e9di\u00e9 \u00e0 la promotion de l&rsquo;\u00e9ducation aux m\u00e9dias tout au long de la vie, dans le cadre de la <strong>F\u00e9d\u00e9ration Wallonie-Bruxelles<\/strong>. Cr\u00e9\u00e9 par d\u00e9cret le <strong>5 juin 2008<\/strong>, le <strong>CSEM<\/strong> a pour mission de d\u00e9velopper l&rsquo;\u00e9ducation aux m\u00e9dias dans les secteurs scolaires et de l&rsquo;\u00e9ducation permanente.<\/p>\n\n\n\n<p>\ud83e\uddf0 <strong>Ressources et outils<\/strong><\/p>\n\n\n\n<p>Le site propose une <strong>grande vari\u00e9t\u00e9 de ressources p\u00e9dagogiques<\/strong>, telles que :<\/p>\n\n\n\n<ul class=\"wp-block-list\">\n<li><strong>Brochures<\/strong><\/li>\n\n\n\n<li><strong>Carnets th\u00e9matiques<\/strong><\/li>\n\n\n\n<li><strong>Guides pratiques<\/strong><\/li>\n\n\n\n<li><strong>Fiches d&rsquo;activit\u00e9s<\/strong> Ces outils sont destin\u00e9s aux <strong>enseignants, formateurs, \u00e9ducateurs et parents<\/strong>, et sont g\u00e9n\u00e9ralement disponibles en <strong>t\u00e9l\u00e9chargement gratuit<\/strong>.<\/li>\n<\/ul>\n\n\n\n<p>Le <strong>CSEM<\/strong> ne s\u2019adresse <strong>pas sp\u00e9cifiquement<\/strong> aux personnes avec une d\u00e9ficience intellectuelle, mais certaines de ses <strong>ressources peuvent \u00eatre adapt\u00e9es ou adaptables<\/strong> selon les besoins.<\/p>\n\n\n\n<p>\ud83d\udd0d Ce qu\u2019on peut dire :<\/p>\n\n\n\n<ul class=\"wp-block-list\">\n<li>Le site propose des <strong>outils p\u00e9dagogiques vari\u00e9s<\/strong>, souvent <strong>visuels<\/strong>, <strong>ludiques<\/strong> et pens\u00e9s pour des publics jeunes ou d\u00e9butants dans l\u2019analyse des m\u00e9dias \u2014 ce qui peut convenir \u00e0 certaines personnes avec une d\u00e9ficience intellectuelle l\u00e9g\u00e8re.<\/li>\n\n\n\n<li>Cependant, <strong>il ne propose pas directement de contenus en FALC<\/strong> (Facile \u00e0 Lire et \u00e0 Comprendre), ni de ressources sp\u00e9cifiquement con\u00e7ues pour ce public.<\/li>\n<\/ul>\n\n\n\n<p>\u2705 Ce qui peut \u00eatre fait :<\/p>\n\n\n\n<ul class=\"wp-block-list\">\n<li>Un enseignant ou un \u00e9ducateur peut <strong>adapter<\/strong> les ressources du CSEM pour les rendre plus accessibles : simplification du langage, ajout de pictogrammes, travail en petits groupes, etc.<\/li>\n\n\n\n<li>Le site peut aussi inspirer des <strong>activit\u00e9s concr\u00e8tes<\/strong> \u00e0 faire avec des jeunes ayant une d\u00e9ficience intellectuelle, surtout autour d\u2019images, de vid\u00e9os ou de fausses informations.<\/li>\n<\/ul>\n\n\n\n<p>\u274c Ce qu\u2019il manque :<\/p>\n\n\n\n<ul class=\"wp-block-list\">\n<li>Une <strong>section d\u00e9di\u00e9e<\/strong> ou des <strong>guides sp\u00e9cifiques<\/strong> pour l\u2019accompagnement des publics avec des troubles cognitifs ou des besoins \u00e9ducatifs particuliers.<\/li>\n<\/ul>\n\n\n\n<div class=\"wp-block-columns is-layout-flex wp-container-core-columns-is-layout-9d6595d7 wp-block-columns-is-layout-flex\">\n<div class=\"wp-block-column is-layout-flow wp-block-column-is-layout-flow\">\n<h2 class=\"wp-block-heading\">Objectif(s) d&rsquo;utilisation<\/h2>\n\n\n\n<p>\ud83c\udfaf <strong>Former des citoyens critiques<\/strong> : Aider \u00e0 analyser, d\u00e9crypter et comprendre les messages des m\u00e9dias (TV, presse, r\u00e9seaux sociaux).<\/p>\n\n\n\n<p>\ud83d\udcbb <strong>Promouvoir l&rsquo;\u00e9ducation num\u00e9rique<\/strong> : Sensibiliser \u00e0 l&rsquo;usage responsable et \u00e9thique des technologies num\u00e9riques.<\/p>\n\n\n\n<p>\ud83e\uddd1\u200d\ud83c\udfeb <strong>Accompagner les \u00e9ducateurs<\/strong> : Fournir des ressources et des formations aux enseignants pour int\u00e9grer l&rsquo;\u00e9ducation aux m\u00e9dias.<\/p>\n\n\n\n<p>\ud83d\udcda <strong>D\u00e9velopper des comp\u00e9tences m\u00e9diatiques<\/strong> : Apprendre \u00e0 d\u00e9tecter les fake news et identifier des sources fiables.<\/p>\n\n\n\n<p>\ud83c\udf0d <strong>Favoriser la citoyennet\u00e9 active<\/strong> : Encourager une participation \u00e9clair\u00e9e et responsable dans la soci\u00e9t\u00e9.<\/p>\n\n\n\n<p>\ud83e\udd1d <strong>Collaborer avec des partenaires<\/strong> : Travailler avec des institutions et des experts pour promouvoir l&rsquo;\u00e9ducation aux m\u00e9dias.<\/p>\n<\/div>\n\n\n\n<div class=\"wp-block-column is-layout-flow wp-block-column-is-layout-flow\">\n<h2 class=\"wp-block-heading\">Variantes &#8211; am\u00e9nagements<\/h2>\n\n\n\n<p>Adapter les ressources pour les jeunes porteurs d&rsquo;une d\u00e9ficience intellectuelle: <\/p>\n\n\n\n<p>\ud83d\udcf8 <strong>Supports visuels<\/strong> : Utilise des brochures et carnets th\u00e9matiques pour d\u00e9marrer. Privil\u00e9gie les <strong>illustrations<\/strong> et les <strong>sch\u00e9mas<\/strong> pour simplifier l&rsquo;information.<\/p>\n\n\n\n<p>\ud83d\udc65 <strong>Travail en petits groupes<\/strong> : Organise des ateliers o\u00f9 les jeunes peuvent discuter des <strong>images<\/strong> et des <strong>messages m\u00e9diatiques<\/strong> qu&rsquo;ils rencontrent.<\/p>\n\n\n\n<p>\u270d\ufe0f <strong>Simplification du langage<\/strong> : Adapte les guides avec un <strong>vocabulaire simplifi\u00e9<\/strong>, des <strong>phrases courtes<\/strong> et des <strong>pictogrammes<\/strong> pour plus de clart\u00e9.<\/p>\n\n\n\n<p>\ud83c\udfae <strong>Activit\u00e9s ludiques et interactives<\/strong> : Cr\u00e9e des <strong>jeux de r\u00f4le<\/strong> ou des <strong>quiz visuels<\/strong> pour rendre l&rsquo;apprentissage plus fun et engageant.<\/p>\n\n\n\n<p>\ud83d\udcf0 <strong>Exemples concrets<\/strong> : Utilise des <strong>publicit\u00e9s<\/strong> ou des <strong>messages des r\u00e9seaux sociaux<\/strong> pour analyser les <strong>fake news<\/strong> et discuter des messages.<\/p>\n<\/div>\n<\/div>\n\n\n\n<h2 class=\"wp-block-heading\">Liens utiles<\/h2>\n\n\n\n<p>\ud83c\udf10 <a href=\"https:\/\/www.csem.be\/\" data-type=\"link\" data-id=\"https:\/\/www.csem.be\/\" target=\"_blank\" rel=\"noreferrer noopener\"><strong>SITE INTERNET<\/strong> officiel<\/a><\/p>\n\n\n\n<p>Des outils \u00e0 nous partager ? <a href=\"https:\/\/api-lux.be\/index.php\/contact\/\">Cliquez ici<\/a><\/p>\n","protected":false},"excerpt":{"rendered":"<p>\ud83d\udcf1 R\u00c9SEAUX SOCIAUX \u2013 GESTION &#8211; Organisme de la FWB qui promeut l\u2019\u00e9ducation aux m\u00e9dias tout au long de la vie, en aidant chacun \u00e0 d\u00e9velopper un esprit critique face [&hellip;]<\/p>\n","protected":false},"author":6,"featured_media":0,"comment_status":"closed","ping_status":"closed","sticky":false,"template":"","format":"standard","meta":{"iawp_total_views":3,"footnotes":""},"categories":[28,4,22,27,14,18,9,12,17,20,25,26],"tags":[],"class_list":["post-5003","post","type-post","status-publish","format-standard","hentry","category-autonomie-et-responsabilisation","category-besoins","category-besoins-cognitifs","category-besoins-daccomplissement","category-besoins-dappartenance","category-besoins-destime","category-besoins-de-securite","category-cadre-et-limites","category-inclusion-sociale-et-reseau-sociaux","category-individualisation","category-materiel-specifique","category-outils-pedagogiques-pour-les-pro"],"_links":{"self":[{"href":"https:\/\/api-lux.be\/index.php\/wp-json\/wp\/v2\/posts\/5003","targetHints":{"allow":["GET"]}}],"collection":[{"href":"https:\/\/api-lux.be\/index.php\/wp-json\/wp\/v2\/posts"}],"about":[{"href":"https:\/\/api-lux.be\/index.php\/wp-json\/wp\/v2\/types\/post"}],"author":[{"embeddable":true,"href":"https:\/\/api-lux.be\/index.php\/wp-json\/wp\/v2\/users\/6"}],"replies":[{"embeddable":true,"href":"https:\/\/api-lux.be\/index.php\/wp-json\/wp\/v2\/comments?post=5003"}],"version-history":[{"count":4,"href":"https:\/\/api-lux.be\/index.php\/wp-json\/wp\/v2\/posts\/5003\/revisions"}],"predecessor-version":[{"id":7614,"href":"https:\/\/api-lux.be\/index.php\/wp-json\/wp\/v2\/posts\/5003\/revisions\/7614"}],"wp:attachment":[{"href":"https:\/\/api-lux.be\/index.php\/wp-json\/wp\/v2\/media?parent=5003"}],"wp:term":[{"taxonomy":"category","embeddable":true,"href":"https:\/\/api-lux.be\/index.php\/wp-json\/wp\/v2\/categories?post=5003"},{"taxonomy":"post_tag","embeddable":true,"href":"https:\/\/api-lux.be\/index.php\/wp-json\/wp\/v2\/tags?post=5003"}],"curies":[{"name":"wp","href":"https:\/\/api.w.org\/{rel}","templated":true}]}}