{"id":4983,"date":"2025-04-14T16:18:31","date_gmt":"2025-04-14T14:18:31","guid":{"rendered":"https:\/\/api-lux.be\/?p=4983"},"modified":"2025-07-01T11:42:44","modified_gmt":"2025-07-01T09:42:44","slug":"ecran-en-residence","status":"publish","type":"post","link":"https:\/\/api-lux.be\/index.php\/2025\/04\/14\/ecran-en-residence\/","title":{"rendered":"\u00ab\u00a0\u00c9cran en r\u00e9sidence\u00a0\u00bb &#8211; Cr\u00e9SAM"},"content":{"rendered":"\n<div class=\"wp-block-columns is-layout-flex wp-container-core-columns-is-layout-9d6595d7 wp-block-columns-is-layout-flex\">\n<div class=\"wp-block-column is-vertically-aligned-center is-layout-flow wp-block-column-is-layout-flow\"><div class=\"wp-block-image\">\n<figure class=\"aligncenter size-full is-resized\"><img loading=\"lazy\" decoding=\"async\" width=\"591\" height=\"569\" src=\"https:\/\/api-lux.be\/wp-content\/uploads\/2025\/04\/ecrans-en-residence-3.png\" alt=\"\" class=\"wp-image-4986\" style=\"width:292px;height:auto\" srcset=\"https:\/\/api-lux.be\/wp-content\/uploads\/2025\/04\/ecrans-en-residence-3.png 591w, https:\/\/api-lux.be\/wp-content\/uploads\/2025\/04\/ecrans-en-residence-3-300x289.png 300w\" sizes=\"auto, (max-width: 591px) 100vw, 591px\" \/><\/figure>\n<\/div><\/div>\n\n\n\n<div class=\"wp-block-column is-layout-flow wp-block-column-is-layout-flow\">\n<p>\ud83d\udcf1 <strong>R\u00c9SEAUX SOCIAUX \u2013 GESTION<\/strong> &#8211; Outil con\u00e7u pour aider les \u00e9quipes \u00e9ducatives \u00e0 accompagner les adolescents dans une utilisation r\u00e9fl\u00e9chie et \u00e9quilibr\u00e9e des \u00e9crans, en proposant des ressources de r\u00e9flexion collective et des activit\u00e9s pratiques adapt\u00e9es au cadre institutionnel.<\/p>\n\n\n\n<!--more-->\n\n\n\n<h2 class=\"wp-block-heading\">\u00c2ge cible<\/h2>\n\n\n\n<p>\u00c0 partir de 12 ans.<\/p>\n<\/div>\n<\/div>\n\n\n\n<h2 class=\"wp-block-heading\">Descriptif de l&rsquo;outil<\/h2>\n\n\n\n<p>\ud83d\udcf1L&rsquo;outil <strong>\u00ab \u00c9crans en r\u00e9sidence \u00bb<\/strong> est con\u00e7u pour aider les \u00e9quipes \u00e9ducatives \u00e0 accompagner les adolescents dans l\u2019utilisation r\u00e9fl\u00e9chie des \u00e9crans dans les r\u00e9sidences. Il propose des ressources pour initier une r\u00e9flexion collective et des activit\u00e9s pratiques pour sensibiliser les jeunes aux enjeux des \u00e9crans.<\/p>\n\n\n\n<p>\ud83e\udde0 <strong>Contenu de l&rsquo;outil<\/strong>: <\/p>\n\n\n\n<ul class=\"wp-block-list\">\n<li><strong>Guide des \u00e9quipes<\/strong>: Ce guide aide les professionnels \u00e0 d\u00e9finir des r\u00e8gles claires concernant l&rsquo;utilisation des \u00e9crans et \u00e0 r\u00e9fl\u00e9chir ensemble aux meilleures pratiques. Il encourage aussi les discussions d\u2019\u00e9quipe pour adapter les r\u00e8gles en fonction des besoins des jeunes.<\/li>\n\n\n\n<li><strong>Fiches d&rsquo;activit\u00e9s<\/strong>: Ces fiches proposent des activit\u00e9s pratiques et ludiques pour engager les jeunes dans des discussions sur des sujets comme l&rsquo;impact des r\u00e9seaux sociaux, la gestion du temps d&rsquo;\u00e9cran et les dangers du contenu num\u00e9rique.\n<ul class=\"wp-block-list\">\n<li>\ud83c\udfae <strong>Jeux de r\u00f4le<\/strong> : Sc\u00e9narios pour simuler diff\u00e9rents comportements face aux \u00e9crans.<\/li>\n\n\n\n<li>\ud83d\udcac <strong>D\u00e9bats<\/strong> : Discussions sur l&rsquo;usage des r\u00e9seaux sociaux et ses effets.<\/li>\n\n\n\n<li>\ud83e\uddd1\u200d\ud83c\udfeb <strong>Cr\u00e9ation de r\u00e8gles<\/strong> : Impliquer les jeunes dans l\u2019\u00e9laboration de r\u00e8gles pour un usage \u00e9quilibr\u00e9 des \u00e9crans.<\/li>\n<\/ul>\n<\/li>\n<\/ul>\n\n\n\n<p>\ud83d\udca1 <strong>Exemples d&rsquo;utilisation<\/strong><\/p>\n\n\n\n<ul class=\"wp-block-list\">\n<li><strong>R\u00e9unions d\u2019\u00e9quipe<\/strong> : Organiser des sessions de r\u00e9flexion o\u00f9 chaque membre de l\u2019\u00e9quipe partage ses observations et ses pr\u00e9occupations concernant l\u2019usage des \u00e9crans, puis \u00e9tablir des directives communes.<\/li>\n\n\n\n<li><strong>Ateliers avec les jeunes<\/strong> : Utiliser les fiches d&rsquo;activit\u00e9s pour engager des discussions sur des sujets comme l&rsquo;impact des r\u00e9seaux sociaux, la gestion du temps d&rsquo;\u00e9cran, ou les dangers potentiels des contenus num\u00e9riques.<\/li>\n\n\n\n<li><strong>D\u00e9veloppement de r\u00e8gles institutionnelles<\/strong> : Cr\u00e9er des r\u00e8gles adapt\u00e9es \u00e0 la r\u00e9sidence ou \u00e0 l&rsquo;institution, afin de structurer l\u2019usage des \u00e9crans de mani\u00e8re saine et \u00e9quilibr\u00e9e.<\/li>\n<\/ul>\n\n\n\n<p>Pour info: Le <a href=\"https:\/\/api-lux.be\/index.php\/2025\/02\/14\/cresam\/\" target=\"_blank\" rel=\"noreferrer noopener\"><strong>CR\u00e9SaM<\/strong> <\/a>(<em>Centre de R\u00e9f\u00e9rence en Sant\u00e9 Mentale<\/em>) est une association sans but lucratif (ASBL) reconnue et subventionn\u00e9e par la R\u00e9gion wallonne depuis 2012. Bas\u00e9e \u00e0 Namur, elle a pour mission de soutenir les professionnels de la sant\u00e9 mentale et de favoriser leur int\u00e9gration dans le r\u00e9seau de soins en Wallonie.<\/p>\n\n\n\n<div class=\"wp-block-columns is-layout-flex wp-container-core-columns-is-layout-9d6595d7 wp-block-columns-is-layout-flex\">\n<div class=\"wp-block-column is-layout-flow wp-block-column-is-layout-flow\">\n<h2 class=\"wp-block-heading\">Objectif(s) d&rsquo;utilisation<\/h2>\n\n\n\n<p>L&rsquo;objectif principal est de permettre aux \u00e9quipes \u00e9ducatives de r\u00e9fl\u00e9chir \u00e0 la place des \u00e9crans au sein de leur institution et d\u2019adopter une approche \u00e9ducative constructive. Cela inclut :<\/p>\n\n\n\n<p>\ud83e\udd1d <strong>R\u00e9flexion collective<\/strong> : Encourager les discussions en \u00e9quipe pour d\u00e9finir des r\u00e8gles et des usages appropri\u00e9s.<\/p>\n\n\n\n<p>\ud83d\udcf1 <strong>\u00c9ducation aux m\u00e9dias<\/strong> : Sensibiliser les jeunes aux enjeux li\u00e9s \u00e0 l\u2019utilisation des \u00e9crans, et les accompagner dans un usage r\u00e9fl\u00e9chi.<\/p>\n\n\n\n<p>\ud83d\udc68\u200d\ud83c\udfeb <strong>Accompagnement des jeunes<\/strong> : Apporter des conseils pratiques pour aider les adolescents \u00e0 utiliser les technologies de mani\u00e8re responsable et \u00e9quilibr\u00e9e.<\/p>\n<\/div>\n\n\n\n<div class=\"wp-block-column is-layout-flow wp-block-column-is-layout-flow\">\n<h2 class=\"wp-block-heading\">Liens utiles<\/h2>\n\n\n\n<p><strong>\ud83d\udcc4 DOCUMENT PDF<\/strong> &#8211; Guide des \u00e9quipes: <a href=\"https:\/\/www.cresam.be\/wp-content\/uploads\/2023\/11\/Ecrans-en-residence-Guide-des-equipes.pdf\" data-type=\"link\" data-id=\"https:\/\/www.cresam.be\/wp-content\/uploads\/2023\/11\/Ecrans-en-residence-Guide-des-equipes.pdf\" target=\"_blank\" rel=\"noreferrer noopener\">CR\u00e9SaM. (2023). <em>\u00c9crans en r\u00e9sidence \u2013 Guide des \u00e9quipes<\/em>. Centre de R\u00e9f\u00e9rence en Sant\u00e9 Mentale.<\/a><\/p>\n\n\n\n<p><strong>\ud83d\udcc4 DOCUMENT PDF<\/strong> &#8211; Fiche d&rsquo;activit\u00e9: <a href=\"https:\/\/www.cresam.be\/wp-content\/uploads\/2023\/11\/Ecrans-en-residence-Fiches-activites.pdf\" data-type=\"link\" data-id=\"https:\/\/www.cresam.be\/wp-content\/uploads\/2023\/11\/Ecrans-en-residence-Fiches-activites.pdf\" target=\"_blank\" rel=\"noreferrer noopener\">CR\u00e9SaM. (2023). <em>\u00c9crans en r\u00e9sidence \u2013 Fiches d\u2019activit\u00e9s<\/em>. Centre de R\u00e9f\u00e9rence en Sant\u00e9 Mentale.<\/a><\/p>\n\n\n\n<p><strong>\ud83c\udfa5 VID\u00c9O Youtube<\/strong> <a href=\"https:\/\/www.youtube.com\/watch?v=legPM7X5N6w\" data-type=\"link\" data-id=\"https:\/\/www.youtube.com\/watch?v=legPM7X5N6w\" target=\"_blank\" rel=\"noreferrer noopener\">CR\u00e9SaM. (2023, novembre). <em>\u00c9crans en r\u00e9sidence \u2013 Bo\u00eete \u00e0 outils<\/em> (2min52)<\/a><\/p>\n<\/div>\n<\/div>\n\n\n\n<p>Des outils \u00e0 nous partager ? <a href=\"https:\/\/api-lux.be\/index.php\/contact\/\">Cliquez ici<\/a><\/p>\n","protected":false},"excerpt":{"rendered":"<p>\ud83d\udcf1 R\u00c9SEAUX SOCIAUX \u2013 GESTION &#8211; Outil con\u00e7u pour aider les \u00e9quipes \u00e9ducatives \u00e0 accompagner les adolescents dans une utilisation r\u00e9fl\u00e9chie et \u00e9quilibr\u00e9e des \u00e9crans, en proposant des ressources de [&hellip;]<\/p>\n","protected":false},"author":6,"featured_media":0,"comment_status":"closed","ping_status":"closed","sticky":false,"template":"","format":"standard","meta":{"iawp_total_views":11,"footnotes":""},"categories":[4,22,14,9,12,23,17,1,26],"tags":[],"class_list":["post-4983","post","type-post","status-publish","format-standard","hentry","category-besoins","category-besoins-cognitifs","category-besoins-dappartenance","category-besoins-de-securite","category-cadre-et-limites","category-communication","category-inclusion-sociale-et-reseau-sociaux","category-non-classe","category-outils-pedagogiques-pour-les-pro"],"_links":{"self":[{"href":"https:\/\/api-lux.be\/index.php\/wp-json\/wp\/v2\/posts\/4983","targetHints":{"allow":["GET"]}}],"collection":[{"href":"https:\/\/api-lux.be\/index.php\/wp-json\/wp\/v2\/posts"}],"about":[{"href":"https:\/\/api-lux.be\/index.php\/wp-json\/wp\/v2\/types\/post"}],"author":[{"embeddable":true,"href":"https:\/\/api-lux.be\/index.php\/wp-json\/wp\/v2\/users\/6"}],"replies":[{"embeddable":true,"href":"https:\/\/api-lux.be\/index.php\/wp-json\/wp\/v2\/comments?post=4983"}],"version-history":[{"count":4,"href":"https:\/\/api-lux.be\/index.php\/wp-json\/wp\/v2\/posts\/4983\/revisions"}],"predecessor-version":[{"id":7617,"href":"https:\/\/api-lux.be\/index.php\/wp-json\/wp\/v2\/posts\/4983\/revisions\/7617"}],"wp:attachment":[{"href":"https:\/\/api-lux.be\/index.php\/wp-json\/wp\/v2\/media?parent=4983"}],"wp:term":[{"taxonomy":"category","embeddable":true,"href":"https:\/\/api-lux.be\/index.php\/wp-json\/wp\/v2\/categories?post=4983"},{"taxonomy":"post_tag","embeddable":true,"href":"https:\/\/api-lux.be\/index.php\/wp-json\/wp\/v2\/tags?post=4983"}],"curies":[{"name":"wp","href":"https:\/\/api.w.org\/{rel}","templated":true}]}}