{"id":4952,"date":"2025-04-14T15:20:23","date_gmt":"2025-04-14T13:20:23","guid":{"rendered":"https:\/\/api-lux.be\/?p=4952"},"modified":"2025-07-01T11:43:28","modified_gmt":"2025-07-01T09:43:28","slug":"et-toi-ten-penses-quoi","status":"publish","type":"post","link":"https:\/\/api-lux.be\/index.php\/2025\/04\/14\/et-toi-ten-penses-quoi\/","title":{"rendered":"Animation: \u00ab\u00a0Et toi, t&rsquo;en penses quoi?\u00a0\u00bb"},"content":{"rendered":"\n<div class=\"wp-block-columns is-layout-flex wp-container-core-columns-is-layout-9d6595d7 wp-block-columns-is-layout-flex\">\n<div class=\"wp-block-column is-vertically-aligned-center is-layout-flow wp-block-column-is-layout-flow\"><div class=\"wp-block-image\">\n<figure class=\"aligncenter size-full is-resized\"><img loading=\"lazy\" decoding=\"async\" width=\"200\" height=\"200\" src=\"https:\/\/api-lux.be\/wp-content\/uploads\/2025\/04\/dabfe9d808c1058ce747401f34566039.png\" alt=\"\" class=\"wp-image-4957\" style=\"width:293px;height:auto\" srcset=\"https:\/\/api-lux.be\/wp-content\/uploads\/2025\/04\/dabfe9d808c1058ce747401f34566039.png 200w, https:\/\/api-lux.be\/wp-content\/uploads\/2025\/04\/dabfe9d808c1058ce747401f34566039-150x150.png 150w\" sizes=\"auto, (max-width: 200px) 100vw, 200px\" \/><\/figure>\n<\/div><\/div>\n\n\n\n<div class=\"wp-block-column is-layout-flow wp-block-column-is-layout-flow\">\n<p>\ud83e\uddd1\u200d\u2695\ufe0f <strong>Outil professionnel d\u2019accompagnement sp\u00e9cialis\u00e9<\/strong>&nbsp; &#8211; Animation participative qui invite les adolescents \u00e0 d\u00e9battre autour de sujets de sant\u00e9 et de bien-\u00eatre pour d\u00e9velopper leur esprit critique, leur estime de soi et leurs comp\u00e9tences en communication.<\/p>\n\n\n\n<!--more-->\n\n\n\n<h2 class=\"wp-block-heading\">Public cible<\/h2>\n\n\n\n<p>\u00c9ducateurs, animateurs ou enseignants qui encadrent des jeunes de 14 \u00e0 18 ans.<\/p>\n<\/div>\n<\/div>\n\n\n\n<h2 class=\"wp-block-heading\">Descriptif de l&rsquo;outil<\/h2>\n\n\n\n<p>L&rsquo;animation <em>\u00ab\u00a0Et toi, t&rsquo;en penses quoi ?\u00a0\u00bb<\/em> est un outil p\u00e9dagogique interactif qui a pour but de stimuler la r\u00e9flexion des adolescents tout en leur permettant d&rsquo;exprimer leur opinion sur des sujets vari\u00e9s, souvent li\u00e9s \u00e0 la sant\u00e9 et au bien-\u00eatre. C&rsquo;est une approche dynamique et participative, qui met l&rsquo;accent sur la communication et l&rsquo;\u00e9coute active.<\/p>\n\n\n\n<p>\ud83e\udde9 <strong>Le d\u00e9roulement par \u00e9tapes<\/strong> :<\/p>\n\n\n\n<p>1\ufe0f\u20e3 <strong>Poser le cadre et lancer la discussion<\/strong> : L&rsquo;animateur(e) pr\u00e9sente les objectifs et les r\u00e8gles pour cr\u00e9er un climat de confiance. Les jeunes sont ensuite r\u00e9partis en petits groupes pour discuter des sujets, avec des phrases provocatrices pour stimuler la r\u00e9flexion, comme : <em>\u00ab\u00a0Le stress est b\u00e9n\u00e9fique pour la performance.\u00a0\u00bb<\/em><\/p>\n\n\n\n<p>2\ufe0f\u20e3 <strong>Discussions en sous-groupes<\/strong> : Les adolescents \u00e9changent leurs id\u00e9es, d\u00e9fendent un point de vue et pr\u00e9parent des contre-arguments avant de partager avec le groupe.<\/p>\n\n\n\n<p>3\ufe0f\u20e3 <strong>Partage des id\u00e9es en grand groupe<\/strong> : Chaque groupe expose ses id\u00e9es, permettant un \u00e9change de points de vue pour approfondir la r\u00e9flexion et d\u00e9battre ouvertement.<\/p>\n\n\n\n<p>4\ufe0f\u20e3 <strong>D\u00e9briefing et \u00e9valuation<\/strong> : \u00c0 la fin, les participants partagent leurs apprentissages et ressentis, pour mieux comprendre les enjeux abord\u00e9s.<\/p>\n\n\n\n<p>\ud83d\udcda <strong>Ressources et outils disponibles<\/strong> :<\/p>\n\n\n\n<ul class=\"wp-block-list\">\n<li><strong>Fiches th\u00e9matiques<\/strong> : Plus de 20 sujets pr\u00eats \u00e0 l\u2019emploi, comme la gestion du stress, les relations amicales, la consommation responsable, etc.<\/li>\n\n\n\n<li><strong>Guides m\u00e9thodologiques<\/strong> : Ces guides expliquent \u00e9tape par \u00e9tape comment organiser et conduire l&rsquo;animation. Ils sont con\u00e7us pour \u00eatre pratiques et faciles \u00e0 suivre.<\/li>\n\n\n\n<li><strong>Capsules vid\u00e9o<\/strong> : Des vid\u00e9os qui montrent des exemples de discussions et d&rsquo;animations en situation r\u00e9elle, pour mieux comprendre comment mettre en place l\u2019animation et quelle posture adopter.<\/li>\n\n\n\n<li><strong>Outils pratiques<\/strong> : Des check-lists pour v\u00e9rifier si tout est pr\u00eat avant l\u2019animation et des documents \u00e0 imprimer pour faciliter le travail des animateurs.<\/li>\n<\/ul>\n\n\n\n<p><strong>\ud83c\udf31 Pourquoi cette animation est efficace : <\/strong><\/p>\n\n\n\n<ul class=\"wp-block-list\">\n<li><strong>Cr\u00e9ation de liens<\/strong> \ud83e\udd1d : Elle favorise la coh\u00e9sion de groupe et aide les jeunes \u00e0 mieux se comprendre et \u00e0 d\u00e9velopper des relations respectueuses et ouvertes.<\/li>\n\n\n\n<li><strong>Autonomie des adolescents<\/strong> \ud83d\udcaa : L&rsquo;animation permet aux jeunes de prendre part activement au processus, d&rsquo;explorer diff\u00e9rentes id\u00e9es et de prendre des d\u00e9cisions bas\u00e9es sur leur r\u00e9flexion personnelle.<\/li>\n\n\n\n<li><strong>Approche bienveillante<\/strong> \ud83c\udf38 : Elle cr\u00e9e un espace de dialogue o\u00f9 chacun peut s\u2019exprimer sans crainte d\u2019\u00eatre jug\u00e9, ce qui est essentiel pour favoriser une atmosph\u00e8re sereine et ouverte.<\/li>\n<\/ul>\n\n\n\n<div class=\"wp-block-columns is-layout-flex wp-container-core-columns-is-layout-9d6595d7 wp-block-columns-is-layout-flex\">\n<div class=\"wp-block-column is-layout-flow wp-block-column-is-layout-flow\">\n<h2 class=\"wp-block-heading\">Objectif(s) d&rsquo;utilisation<\/h2>\n\n\n\n<p>\ud83d\udde3\ufe0f <strong>Exprimer ses opinions<\/strong> et \u00e9couter celles des autres \ud83d\udc42<\/p>\n\n\n\n<p>\ud83e\udd14 <strong>Stimuler la r\u00e9flexion personnelle et collective<\/strong><\/p>\n\n\n\n<p>\ud83d\udcaa <strong>Renforcer l&rsquo;estime de soi<\/strong> et la capacit\u00e9 \u00e0 faire des choix \u00e9clair\u00e9s \ud83d\udca1<\/p>\n\n\n\n<p>\ud83d\ude4c <strong>Favoriser un environnement de respect<\/strong><\/p>\n\n\n\n<p>\ud83e\udde0 <strong>Favoriser des d\u00e9bats sur des th\u00e9matiques li\u00e9es \u00e0 la sant\u00e9 et au bien-\u00eatre<\/strong>, afin de d\u00e9velopper l&rsquo;esprit critique des jeunes, renforcer leur estime de soi et les aider \u00e0 faire des choix \u00e9clair\u00e9s.<\/p>\n\n\n\n<h2 class=\"wp-block-heading\">Liens utiles<\/h2>\n\n\n\n<p>\ud83c\udf10 <a href=\"https:\/\/www.et-toi.be\/\" data-type=\"link\" data-id=\"https:\/\/www.et-toi.be\/\" target=\"_blank\" rel=\"noreferrer noopener\"><strong>SITE INTERNET<\/strong> officiel<\/a><\/p>\n\n\n\n<p>\ud83d\udcc2 <a href=\"https:\/\/www.et-toi.be\/les-thematiques\/\" data-type=\"link\" data-id=\"https:\/\/www.et-toi.be\/les-thematiques\/\" target=\"_blank\" rel=\"noreferrer noopener\"><strong>PAGE<\/strong> sur les diff\u00e9rentes th\u00e9matiques<\/a><\/p>\n<\/div>\n\n\n\n<div class=\"wp-block-column is-layout-flow wp-block-column-is-layout-flow\">\n<h2 class=\"wp-block-heading\">Variantes &#8211; am\u00e9nagements<\/h2>\n\n\n\n<p>L&rsquo;animation \u00ab\u00a0Et toi, t&rsquo;en penses quoi ?\u00a0\u00bb peut \u00eatre adapt\u00e9e \u00e0 la d\u00e9ficience intellectuelle en tenant compte de certains ajustements :<\/p>\n\n\n\n<p>\ud83d\udde3\ufe0f <strong>Simplification du langage<\/strong> : Utiliser des mots simples et clairs pour que tous puissent comprendre facilement.<\/p>\n\n\n\n<p>\u23f3 <strong>Adaptation du rythme<\/strong>  : Pr\u00e9voir des pauses plus longues pour faciliter la compr\u00e9hension et la participation.<\/p>\n\n\n\n<p>\ud83d\udcca <strong>Supports visuels<\/strong>  : Int\u00e9grer des images, pictogrammes ou graphiques pour renforcer la compr\u00e9hension.<\/p>\n\n\n\n<p>\ud83d\udcac <strong>Choix des sujets<\/strong> : S\u00e9lectionner des th\u00e8mes simples et pertinents pour permettre une expression facile et naturelle.<\/p>\n<\/div>\n<\/div>\n\n\n\n<p>Des outils \u00e0 nous partager ? <a href=\"https:\/\/api-lux.be\/index.php\/contact\/\">Cliquez ici<\/a><\/p>\n","protected":false},"excerpt":{"rendered":"<p>\ud83e\uddd1\u200d\u2695\ufe0f Outil professionnel d\u2019accompagnement sp\u00e9cialis\u00e9&nbsp; &#8211; Animation participative qui invite les adolescents \u00e0 d\u00e9battre autour de sujets de sant\u00e9 et de bien-\u00eatre pour d\u00e9velopper leur esprit critique, leur estime de [&hellip;]<\/p>\n","protected":false},"author":6,"featured_media":0,"comment_status":"closed","ping_status":"closed","sticky":false,"template":"","format":"standard","meta":{"iawp_total_views":3,"footnotes":""},"categories":[28,4,22,27,18,20,26],"tags":[],"class_list":["post-4952","post","type-post","status-publish","format-standard","hentry","category-autonomie-et-responsabilisation","category-besoins","category-besoins-cognitifs","category-besoins-daccomplissement","category-besoins-destime","category-individualisation","category-outils-pedagogiques-pour-les-pro"],"_links":{"self":[{"href":"https:\/\/api-lux.be\/index.php\/wp-json\/wp\/v2\/posts\/4952","targetHints":{"allow":["GET"]}}],"collection":[{"href":"https:\/\/api-lux.be\/index.php\/wp-json\/wp\/v2\/posts"}],"about":[{"href":"https:\/\/api-lux.be\/index.php\/wp-json\/wp\/v2\/types\/post"}],"author":[{"embeddable":true,"href":"https:\/\/api-lux.be\/index.php\/wp-json\/wp\/v2\/users\/6"}],"replies":[{"embeddable":true,"href":"https:\/\/api-lux.be\/index.php\/wp-json\/wp\/v2\/comments?post=4952"}],"version-history":[{"count":5,"href":"https:\/\/api-lux.be\/index.php\/wp-json\/wp\/v2\/posts\/4952\/revisions"}],"predecessor-version":[{"id":7619,"href":"https:\/\/api-lux.be\/index.php\/wp-json\/wp\/v2\/posts\/4952\/revisions\/7619"}],"wp:attachment":[{"href":"https:\/\/api-lux.be\/index.php\/wp-json\/wp\/v2\/media?parent=4952"}],"wp:term":[{"taxonomy":"category","embeddable":true,"href":"https:\/\/api-lux.be\/index.php\/wp-json\/wp\/v2\/categories?post=4952"},{"taxonomy":"post_tag","embeddable":true,"href":"https:\/\/api-lux.be\/index.php\/wp-json\/wp\/v2\/tags?post=4952"}],"curies":[{"name":"wp","href":"https:\/\/api.w.org\/{rel}","templated":true}]}}