{"id":4948,"date":"2025-04-14T14:33:57","date_gmt":"2025-04-14T12:33:57","guid":{"rendered":"https:\/\/api-lux.be\/?p=4948"},"modified":"2025-07-01T11:43:48","modified_gmt":"2025-07-01T09:43:48","slug":"education-sante","status":"publish","type":"post","link":"https:\/\/api-lux.be\/index.php\/2025\/04\/14\/education-sante\/","title":{"rendered":"Site internet: \u00ab\u00a0\u00c9ducation sant\u00e9\u00a0\u00bb"},"content":{"rendered":"\n<div class=\"wp-block-columns is-layout-flex wp-container-core-columns-is-layout-9d6595d7 wp-block-columns-is-layout-flex\">\n<div class=\"wp-block-column is-vertically-aligned-center is-layout-flow wp-block-column-is-layout-flow\"><div class=\"wp-block-image\">\n<figure class=\"aligncenter size-full\"><img loading=\"lazy\" decoding=\"async\" width=\"371\" height=\"136\" src=\"https:\/\/api-lux.be\/wp-content\/uploads\/2025\/04\/images-1.png\" alt=\"\" class=\"wp-image-4949\" srcset=\"https:\/\/api-lux.be\/wp-content\/uploads\/2025\/04\/images-1.png 371w, https:\/\/api-lux.be\/wp-content\/uploads\/2025\/04\/images-1-300x110.png 300w\" sizes=\"auto, (max-width: 371px) 100vw, 371px\" \/><\/figure>\n<\/div><\/div>\n\n\n\n<div class=\"wp-block-column is-layout-flow wp-block-column-is-layout-flow\">\n<p>\ud83e\ude7a <strong>SOIN \u2013 SANTE<\/strong>&#8211; Plateforme belge francophone d\u00e9di\u00e9e \u00e0 l\u2019information, la formation et la mise en r\u00e9seau des professionnels engag\u00e9s dans la promotion de la sant\u00e9 publique \ud83e\ude7a<\/p>\n\n\n\n<h2 class=\"wp-block-heading\">Public cible<\/h2>\n\n\n\n<p>Professionnels de la sant\u00e9, travailleurs sociaux, enseignants et animateurs en milieu scolaire ou associatif, chercheurs et \u00e9tudiants en sant\u00e9 publique, etc.<\/p>\n<\/div>\n<\/div>\n\n\n\n<h2 class=\"wp-block-heading\">Descriptif de l&rsquo;outil<\/h2>\n\n\n\n<p>Le site <strong><a href=\"https:\/\/educationsante.be\/\" target=\"_blank\" rel=\"noreferrer noopener\">educationsante.be<\/a><\/strong> est une <strong>plateforme belge francophone<\/strong> d\u00e9di\u00e9e \u00e0 la <strong>promotion de la sant\u00e9<\/strong> sous toutes ses formes. Il s\u2019adresse \u00e0 toutes les personnes qui \u0153uvrent dans le domaine de la sant\u00e9 publique, mais aussi \u00e0 un public plus large int\u00e9ress\u00e9 par les enjeux de sant\u00e9, de pr\u00e9vention et d\u2019\u00e9ducation.<\/p>\n\n\n\n<p><strong>\ud83d\uddc2\ufe0f Les rubriques cl\u00e9s:<\/strong><\/p>\n\n\n\n<ol class=\"wp-block-list\">\n<li><strong>\ud83d\udcf0<\/strong> <strong>Articles <\/strong><br>Des textes de fond r\u00e9dig\u00e9s par des pros sur des sujets comme le bien-\u00eatre mental, l\u2019\u00e9ducation sexuelle ou les in\u00e9galit\u00e9s de sant\u00e9, avec une vraie analyse.<\/li>\n\n\n\n<li><strong><strong>\ud83c\udfa4<\/strong><\/strong> <strong>T\u00e9moignages <\/strong><br>Paroles d\u2019acteurs de terrain et patients : la sant\u00e9 publique vue depuis le r\u00e9el.<\/li>\n\n\n\n<li><strong>\ud83e\uddf0<\/strong> <strong>Outils pratiques <\/strong><br>Supports p\u00e9dagogiques, jeux, vid\u00e9os\u2026 Id\u00e9al pour les \u00e9ducateurs et intervenants.<\/li>\n\n\n\n<li><strong>\ud83d\udcca<\/strong> <strong>Analyses de campagnes <\/strong><br>D\u00e9cryptage de campagnes sant\u00e9 : ce qui marche, ce qu\u2019on peut am\u00e9liorer.<\/li>\n<\/ol>\n\n\n\n<p>La revue <em>\u00c9ducation Sant\u00e9<\/em> est \u00e9dit\u00e9e par la <strong>Mutualit\u00e9 chr\u00e9tienne de Belgique<\/strong>, avec le soutien financier de la <strong>R\u00e9gion wallonne<\/strong> et de la <strong>Commission communautaire fran\u00e7aise (COCOF)<\/strong>.<br>Le site internet a \u00e9t\u00e9 con\u00e7u b\u00e9n\u00e9volement par <strong>Jacques Henkinbrant<\/strong>, qui a contribu\u00e9 \u00e0 sa mise en ligne initiale.<\/p>\n\n\n\n<div class=\"wp-block-columns is-layout-flex wp-container-core-columns-is-layout-9d6595d7 wp-block-columns-is-layout-flex\">\n<div class=\"wp-block-column is-layout-flow wp-block-column-is-layout-flow\">\n<h2 class=\"wp-block-heading\">Objectif(s) d&rsquo;utilisation<\/h2>\n\n\n\n<p>\ud83e\udde0 <strong>Informer<\/strong> : Proposer des contenus fiables et vari\u00e9s sur des enjeux de sant\u00e9 publique.<\/p>\n\n\n\n<p><strong>\ud83d\udee0\ufe0f Outiller<\/strong> : Mettre \u00e0 disposition des ressources pratiques (outils p\u00e9dagogiques, guides, supports visuels) pour faciliter les actions de sensibilisation ou d\u2019\u00e9ducation \u00e0 la sant\u00e9.<\/p>\n\n\n\n<p>\ud83e\udd1d <strong>Connecter<\/strong> : Mettre en r\u00e9seau les acteurs de terrain pour favoriser l\u2019\u00e9change de pratiques.<\/p>\n\n\n\n<p>\ud83d\udcda <strong>Former<\/strong> : Offrir des ressources pour renforcer les comp\u00e9tences en promotion de la sant\u00e9.<\/p>\n\n\n\n<p>\ud83d\udcac <strong>Stimuler la r\u00e9flexion<\/strong> : Ouvrir des pistes sur les politiques et strat\u00e9gies de sant\u00e9 actuelles.<\/p>\n\n\n\n<h2 class=\"wp-block-heading\">Liens utiles<\/h2>\n\n\n\n<p>\ud83c\udf10 <a href=\"https:\/\/educationsante.be\/\" data-type=\"link\" data-id=\"https:\/\/educationsante.be\/\" target=\"_blank\" rel=\"noreferrer noopener\"><strong>SITE INTERNET<\/strong> officiel<\/a><\/p>\n\n\n\n<p>\ud83e\uddf0 <a href=\"https:\/\/educationsante.be\/rechercher-un-article\/?_rubriques=outils\" data-type=\"link\" data-id=\"https:\/\/educationsante.be\/rechercher-un-article\/?_rubriques=outils\" target=\"_blank\" rel=\"noreferrer noopener\"><strong>PAGE<\/strong> des outils<\/a><\/p>\n<\/div>\n<\/div>\n\n\n\n<p>Des outils \u00e0 nous partager ? <a href=\"https:\/\/api-lux.be\/index.php\/contact\/\">Cliquez ici<\/a><\/p>\n","protected":false},"excerpt":{"rendered":"<p>\ud83e\ude7a SOIN \u2013 SANTE&#8211; Plateforme belge francophone d\u00e9di\u00e9e \u00e0 l\u2019information, la formation et la mise en r\u00e9seau des professionnels engag\u00e9s dans la promotion de la sant\u00e9 publique \ud83e\ude7a Public cible [&hellip;]<\/p>\n","protected":false},"author":6,"featured_media":0,"comment_status":"closed","ping_status":"closed","sticky":false,"template":"","format":"standard","meta":{"iawp_total_views":2,"footnotes":""},"categories":[4,22,18,9,5,8,19,26,6,7],"tags":[],"class_list":["post-4948","post","type-post","status-publish","format-standard","hentry","category-besoins","category-besoins-cognitifs","category-besoins-destime","category-besoins-de-securite","category-besoins-physiologiques","category-bien-etre","category-gestion-des-emotions","category-outils-pedagogiques-pour-les-pro","category-sante-alimentation-sommeil-hygiene","category-soin-pistes-et-outils-professionnels"],"_links":{"self":[{"href":"https:\/\/api-lux.be\/index.php\/wp-json\/wp\/v2\/posts\/4948","targetHints":{"allow":["GET"]}}],"collection":[{"href":"https:\/\/api-lux.be\/index.php\/wp-json\/wp\/v2\/posts"}],"about":[{"href":"https:\/\/api-lux.be\/index.php\/wp-json\/wp\/v2\/types\/post"}],"author":[{"embeddable":true,"href":"https:\/\/api-lux.be\/index.php\/wp-json\/wp\/v2\/users\/6"}],"replies":[{"embeddable":true,"href":"https:\/\/api-lux.be\/index.php\/wp-json\/wp\/v2\/comments?post=4948"}],"version-history":[{"count":3,"href":"https:\/\/api-lux.be\/index.php\/wp-json\/wp\/v2\/posts\/4948\/revisions"}],"predecessor-version":[{"id":7620,"href":"https:\/\/api-lux.be\/index.php\/wp-json\/wp\/v2\/posts\/4948\/revisions\/7620"}],"wp:attachment":[{"href":"https:\/\/api-lux.be\/index.php\/wp-json\/wp\/v2\/media?parent=4948"}],"wp:term":[{"taxonomy":"category","embeddable":true,"href":"https:\/\/api-lux.be\/index.php\/wp-json\/wp\/v2\/categories?post=4948"},{"taxonomy":"post_tag","embeddable":true,"href":"https:\/\/api-lux.be\/index.php\/wp-json\/wp\/v2\/tags?post=4948"}],"curies":[{"name":"wp","href":"https:\/\/api.w.org\/{rel}","templated":true}]}}