{"id":4925,"date":"2025-04-14T10:32:34","date_gmt":"2025-04-14T08:32:34","guid":{"rendered":"https:\/\/api-lux.be\/?p=4925"},"modified":"2025-07-01T11:44:54","modified_gmt":"2025-07-01T09:44:54","slug":"communoutil-com","status":"publish","type":"post","link":"https:\/\/api-lux.be\/index.php\/2025\/04\/14\/communoutil-com\/","title":{"rendered":"Site internet: \u00ab\u00a0Communoutil.com\u00a0\u00bb"},"content":{"rendered":"\n<div class=\"wp-block-columns is-layout-flex wp-container-core-columns-is-layout-9d6595d7 wp-block-columns-is-layout-flex\">\n<div class=\"wp-block-column is-vertically-aligned-center is-layout-flow wp-block-column-is-layout-flow\"><div class=\"wp-block-image\">\n<figure class=\"aligncenter size-full\"><img loading=\"lazy\" decoding=\"async\" width=\"275\" height=\"183\" src=\"https:\/\/api-lux.be\/wp-content\/uploads\/2025\/04\/images-3.png\" alt=\"\" class=\"wp-image-6821\"\/><\/figure>\n<\/div><\/div>\n\n\n\n<div class=\"wp-block-column is-layout-flow wp-block-column-is-layout-flow\">\n<p>\ud83c\udfe2 <strong>Ressource vari\u00e9e<\/strong> &#8211; Plateforme riche et accessible, pens\u00e9e pour accompagner les enfants et les ados gr\u00e2ce \u00e0 des outils ludiques et \u00e9ducatifs, \u00e0 destination des parents, enseignants et professionnels de l\u2019intervention jeunesse.<\/p>\n\n\n\n<!--more-->\n\n\n\n<h2 class=\"wp-block-heading\">\u00c2ge cible<\/h2>\n\n\n\n<p>De 3 \u00e0 18 ans.<\/p>\n<\/div>\n<\/div>\n\n\n\n<h2 class=\"wp-block-heading\">Descriptif de l&rsquo;outil<\/h2>\n\n\n\n<p>\ud83c\udf1f <a href=\"https:\/\/communoutils.com\/\" data-type=\"link\" data-id=\"https:\/\/communoutils.com\/\" target=\"_blank\" rel=\"noreferrer noopener\"><strong>Communoutils.com<\/strong> <\/a> est un site pens\u00e9 pour les jeunes et ceux qui les accompagnent ! C&rsquo;est une plateforme de ressources pour tous ceux qui travaillent dans l\u2019intervention aupr\u00e8s des jeunes, qu\u2019ils soient professionnels, parents, ou \u00e9ducateurs.<br>\ud83d\udee0\ufe0f Site collaboratif qu\u00e9b\u00e9cois d\u00e9di\u00e9 \u00e0 l\u2019intervention jeunesse \ud83d\udc67\ud83e\uddd2. Il propose une large vari\u00e9t\u00e9 d\u2019outils pratiques \ud83c\udfb2\ud83d\udcc4 pour soutenir les intervenants, \u00e9ducateurs et familles \ud83d\udc68\u200d\ud83d\udc69\u200d\ud83d\udc67\u200d\ud83d\udc66 dans leur accompagnement psychosocial au quotidien. (\u00a9 Communoutils 2012)<\/p>\n\n\n\n<p>\ud83d\udd0d Les outils propos\u00e9s couvrent une multitude de domaines, allant des <strong>\u00e9motions<\/strong> aux <strong>comp\u00e9tences sociales<\/strong>. \ud83e\udde0\ud83d\udcac<\/p>\n\n\n\n<p>\ud83d\udcc2 <strong>Cat\u00e9gories vari\u00e9es<\/strong><br>Les outils sont class\u00e9s selon diff\u00e9rentes cat\u00e9gories, pour vous permettre de trouver rapidement ce que vous cherchez. Par exemple, vous pouvez explorer des ressources sur :<\/p>\n\n\n\n<ul class=\"wp-block-list\">\n<li>\ud83c\udfaf <strong>Le d\u00e9veloppement personnel<\/strong> (estime de soi, gestion des \u00e9motions)<\/li>\n\n\n\n<li>\ud83e\udde9 <strong>Les comp\u00e9tences sociales<\/strong> (habilet\u00e9s interpersonnelles, gestion des conflits)<\/li>\n\n\n\n<li>\ud83e\uddd1\u200d\u2695\ufe0f <strong>Les besoins sp\u00e9cifiques<\/strong> (troubles de l\u2019apprentissage, TDAH, anxi\u00e9t\u00e9, etc.)<\/li>\n\n\n\n<li>\ud83d\udc68\u200d\ud83d\udc69\u200d\ud83d\udc67\u200d\ud83d\udc66 <strong>La dynamique familiale<\/strong> (probl\u00e8mes familiaux, enfants plac\u00e9s, etc.)<\/li>\n<\/ul>\n\n\n\n<p>\ud83d\udcbb Avec un abonnement annuel de 12.70\u20ac, vous acc\u00e9dez \u00e0 des outils exclusifs, comme des <strong>ebooks<\/strong>, des <strong>cahiers d\u2019activit\u00e9s<\/strong> \u00e0 t\u00e9l\u00e9charger, ainsi que des <strong>jeux<\/strong> p\u00e9dagogiques suppl\u00e9mentaires pour rendre l\u2019apprentissage encore plus engageant.<\/p>\n\n\n\n<p>\ud83c\udf0d En plus de ses ressources, Communoutils favorise les \u00e9changes entre professionnels. Cela cr\u00e9e une v\u00e9ritable communaut\u00e9 o\u00f9 vous pouvez \u00e9changer des id\u00e9es, poser des questions, et trouver des solutions aux d\u00e9fis que vous rencontrez dans votre travail avec les jeunes. \ud83d\udc65\ud83d\udd04<\/p>\n\n\n\n<div class=\"wp-block-columns is-layout-flex wp-container-core-columns-is-layout-9d6595d7 wp-block-columns-is-layout-flex\">\n<div class=\"wp-block-column is-layout-flow wp-block-column-is-layout-flow\">\n<h2 class=\"wp-block-heading\">Objectif(s) d&rsquo;utilisation<\/h2>\n\n\n\n<p>\ud83c\udfa8 <strong>D\u00e9velopper<\/strong> : Cr\u00e9er des visuels, activit\u00e9s et produits en collaboration avec les intervenants jeunesse, pour offrir une grande vari\u00e9t\u00e9 d\u2019outils adapt\u00e9s aux besoins des jeunes.<\/p>\n\n\n\n<p>\ud83d\udd04 <strong>Partager<\/strong> : Mettre \u00e0 disposition des outils gratuits et payants de qualit\u00e9, en valorisant le travail des cr\u00e9ateurs tout en r\u00e9pondant \u00e0 un large \u00e9ventail de besoins.<\/p>\n\n\n\n<p>\ud83d\udcda <strong>Informer<\/strong> : Fournir des ressources de base, simples et utiles, \u00e0 la fois pour les parents et les professionnels qui accompagnent les jeunes au quotidien.<\/p>\n\n\n\n<p>\ud83e\udd1d <strong>Aider<\/strong> : Soutenir ceux qui interviennent aupr\u00e8s des jeunes en collaborant, en diffusant des outils efficaces et en renfor\u00e7ant le travail communautaire.<\/p>\n<\/div>\n\n\n\n<div class=\"wp-block-column is-layout-flow wp-block-column-is-layout-flow\">\n<h2 class=\"wp-block-heading\">Liens utiles<\/h2>\n\n\n\n<p>\ud83c\udf10 <a href=\"https:\/\/communoutils.com\/\" data-type=\"link\" data-id=\"https:\/\/communoutils.com\/\" target=\"_blank\" rel=\"noreferrer noopener\"><strong>SITE INTERNET<\/strong> officiel<\/a><\/p>\n\n\n\n<p>\ud83d\udd17 <a href=\"https:\/\/communoutils.com\/category\/outils\/ted\/\" data-type=\"link\" data-id=\"https:\/\/communoutils.com\/category\/outils\/ted\/\" target=\"_blank\" rel=\"noreferrer noopener\"><strong>LIENS VERS LES OUTILS<\/strong> \u00ab\u00a0Trouble, d\u00e9ficience et handicap\u00a0\u00bb<\/a><\/p>\n\n\n\n<p>\ud83d\udcdd <a href=\"https:\/\/communoutils.com\/la-deficience-intellectuelle\/\" data-type=\"link\" data-id=\"https:\/\/communoutils.com\/la-deficience-intellectuelle\/\" target=\"_blank\" rel=\"noreferrer noopener\"><strong>ARTICLE<\/strong> \u00ab\u00a0Qu&rsquo;est ce que la d\u00e9ficience intellectuelle?\u00a0\u00bb <\/a><\/p>\n<\/div>\n<\/div>\n\n\n\n<p>Des outils \u00e0 nous partager ? <a href=\"https:\/\/api-lux.be\/index.php\/contact\/\">Cliquez ici<\/a><\/p>\n","protected":false},"excerpt":{"rendered":"<p>\ud83c\udfe2 Ressource vari\u00e9e &#8211; Plateforme riche et accessible, pens\u00e9e pour accompagner les enfants et les ados gr\u00e2ce \u00e0 des outils ludiques et \u00e9ducatifs, \u00e0 destination des parents, enseignants et professionnels [&hellip;]<\/p>\n","protected":false},"author":6,"featured_media":0,"comment_status":"closed","ping_status":"closed","sticky":false,"template":"","format":"standard","meta":{"iawp_total_views":10,"footnotes":""},"categories":[24,28,4,22,27,14,18,5,8,19,20,26,6,7,30,21,16],"tags":[],"class_list":["post-4925","post","type-post","status-publish","format-standard","hentry","category-adaptation-des-apprentissages","category-autonomie-et-responsabilisation","category-besoins","category-besoins-cognitifs","category-besoins-daccomplissement","category-besoins-dappartenance","category-besoins-destime","category-besoins-physiologiques","category-bien-etre","category-gestion-des-emotions","category-individualisation","category-outils-pedagogiques-pour-les-pro","category-sante-alimentation-sommeil-hygiene","category-soin-pistes-et-outils-professionnels","category-spiritualite","category-valorisation-confiance","category-vie-affective"],"_links":{"self":[{"href":"https:\/\/api-lux.be\/index.php\/wp-json\/wp\/v2\/posts\/4925","targetHints":{"allow":["GET"]}}],"collection":[{"href":"https:\/\/api-lux.be\/index.php\/wp-json\/wp\/v2\/posts"}],"about":[{"href":"https:\/\/api-lux.be\/index.php\/wp-json\/wp\/v2\/types\/post"}],"author":[{"embeddable":true,"href":"https:\/\/api-lux.be\/index.php\/wp-json\/wp\/v2\/users\/6"}],"replies":[{"embeddable":true,"href":"https:\/\/api-lux.be\/index.php\/wp-json\/wp\/v2\/comments?post=4925"}],"version-history":[{"count":5,"href":"https:\/\/api-lux.be\/index.php\/wp-json\/wp\/v2\/posts\/4925\/revisions"}],"predecessor-version":[{"id":7622,"href":"https:\/\/api-lux.be\/index.php\/wp-json\/wp\/v2\/posts\/4925\/revisions\/7622"}],"wp:attachment":[{"href":"https:\/\/api-lux.be\/index.php\/wp-json\/wp\/v2\/media?parent=4925"}],"wp:term":[{"taxonomy":"category","embeddable":true,"href":"https:\/\/api-lux.be\/index.php\/wp-json\/wp\/v2\/categories?post=4925"},{"taxonomy":"post_tag","embeddable":true,"href":"https:\/\/api-lux.be\/index.php\/wp-json\/wp\/v2\/tags?post=4925"}],"curies":[{"name":"wp","href":"https:\/\/api.w.org\/{rel}","templated":true}]}}