{"id":4922,"date":"2025-04-14T10:01:14","date_gmt":"2025-04-14T08:01:14","guid":{"rendered":"https:\/\/api-lux.be\/?p=4922"},"modified":"2025-07-01T11:45:23","modified_gmt":"2025-07-01T09:45:23","slug":"media-animation","status":"publish","type":"post","link":"https:\/\/api-lux.be\/index.php\/2025\/04\/14\/media-animation\/","title":{"rendered":"Site internet: \u00ab\u00a0M\u00e9dia-animation\u00a0\u00bb"},"content":{"rendered":"\n<div class=\"wp-block-columns is-layout-flex wp-container-core-columns-is-layout-9d6595d7 wp-block-columns-is-layout-flex\">\n<div class=\"wp-block-column is-vertically-aligned-center is-layout-flow wp-block-column-is-layout-flow\"><div class=\"wp-block-image\">\n<figure class=\"aligncenter size-full\"><img loading=\"lazy\" decoding=\"async\" width=\"224\" height=\"224\" src=\"https:\/\/api-lux.be\/wp-content\/uploads\/2025\/04\/images.png\" alt=\"\" class=\"wp-image-4923\" srcset=\"https:\/\/api-lux.be\/wp-content\/uploads\/2025\/04\/images.png 224w, https:\/\/api-lux.be\/wp-content\/uploads\/2025\/04\/images-150x150.png 150w\" sizes=\"auto, (max-width: 224px) 100vw, 224px\" \/><\/figure>\n<\/div><\/div>\n\n\n\n<div class=\"wp-block-column is-layout-flow wp-block-column-is-layout-flow\">\n<p>\ud83d\udcf1 <strong>R\u00c9SEAUX SOCIAUX \u2013 GESTION<\/strong> &#8211; Centre belge d&rsquo;\u00e9ducation aux m\u00e9dias et de communication sociale, qui propose formations, ressources et cr\u00e9ations engag\u00e9es pour un usage critique et responsable des m\u00e9dias\ud83d\udcf1.<\/p>\n\n\n\n<!--more-->\n\n\n\n<h2 class=\"wp-block-heading\">\u00c2ge cible<\/h2>\n\n\n\n<p>Tout \u00e2ge.<\/p>\n<\/div>\n<\/div>\n\n\n\n<h2 class=\"wp-block-heading\">Descriptif de l&rsquo;outil<\/h2>\n\n\n\n<p>\ud83c\udfac <strong>M\u00e9dia Animation asbl<\/strong>, c\u2019est <strong>le centre de r\u00e9f\u00e9rence en Belgique francophone<\/strong> pour tout ce qui touche \u00e0 l\u2019<strong>\u00e9ducation aux m\u00e9dias<\/strong> et \u00e0 la <strong>communication sociale<\/strong> \ud83c\udf0d.<\/p>\n\n\n\n<p><strong>\ud83c\udfaf Leur mission?<\/strong> Accompagner les citoyens, les enseignants et les associations dans un monde o\u00f9 les \u00e9crans, les r\u00e9seaux sociaux et les images sont partout \ud83d\udcf1\ud83d\udcac<\/p>\n\n\n\n<p><strong>\ud83d\udca1Ce qu&rsquo;ils proposent:<\/strong> <\/p>\n\n\n\n<ul class=\"wp-block-list\">\n<li>\ud83e\udde0 <strong>Formations et ateliers<\/strong> : que tu sois prof, animateur ou simplement curieux, tu peux participer \u00e0 des formations hyper riches sur les m\u00e9dias, le num\u00e9rique \u00e9thique, ou encore l\u2019\u00e9ducation citoyenne.<\/li>\n\n\n\n<li>\ud83c\udfa8 <strong>Une agence cr\u00e9ative engag\u00e9e<\/strong> : besoin d\u2019un site web, d\u2019une vid\u00e9o, ou d\u2019un projet graphique \u00e0 impact social ? Leur \u00e9quipe met son savoir-faire au service de causes utiles et humaines.<\/li>\n\n\n\n<li>\ud83d\udcda <strong>Des ressources p\u00e9dagogiques \u00e0 gogo<\/strong> : dossiers, fiches pratiques, analyses critiques\u2026 parfaits pour d\u00e9velopper un regard aiguis\u00e9 sur les m\u00e9dias.<\/li>\n\n\n\n<li>\ud83c\udf10 <strong>Des projets \u00e0 dimension europ\u00e9enne<\/strong> : M\u00e9dia Animation collabore aussi avec d\u2019autres pays pour des projets \u00e9ducatifs innovants autour de la diversit\u00e9, de l\u2019inclusion et de la citoyennet\u00e9 europ\u00e9enne.<\/li>\n<\/ul>\n\n\n\n<div class=\"wp-block-columns is-layout-flex wp-container-core-columns-is-layout-9d6595d7 wp-block-columns-is-layout-flex\">\n<div class=\"wp-block-column is-layout-flow wp-block-column-is-layout-flow\">\n<h2 class=\"wp-block-heading\">Objectif(s) d&rsquo;utilisation<\/h2>\n\n\n\n<p>\ud83c\udf0d <strong>Promouvoir la citoyennet\u00e9 responsable<\/strong> : encourager une participation active et \u00e9clair\u00e9e \u00e0 la soci\u00e9t\u00e9 m\u00e9diatis\u00e9e.<\/p>\n\n\n\n<p>\ud83e\udde0 <strong>D\u00e9velopper une r\u00e9flexion critique<\/strong> : aider les individus \u00e0 analyser et comprendre les enjeux des m\u00e9dias dans la soci\u00e9t\u00e9.<\/p>\n\n\n\n<p>\ud83c\udfa8 <strong>Encourager l&rsquo;expression cr\u00e9ative<\/strong> : favoriser l&rsquo;utilisation des m\u00e9dias pour exprimer des id\u00e9es, des valeurs et des projets.<\/p>\n\n\n\n<p>\ud83d\udcda <strong>Renforcer les comp\u00e9tences en communication<\/strong> : enseigner les comp\u00e9tences n\u00e9cessaires pour naviguer et s&rsquo;exprimer dans un environnement m\u00e9diatique.<\/p>\n\n\n\n<p>\ud83d\udcbb <strong>Former aux usages num\u00e9riques \u00e9thiques<\/strong> : sensibiliser au bon usage des technologies num\u00e9riques tout en respectant les valeurs \u00e9thiques.<\/p>\n<\/div>\n\n\n\n<div class=\"wp-block-column is-layout-flow wp-block-column-is-layout-flow\">\n<h2 class=\"wp-block-heading\">Liens utiles<\/h2>\n\n\n\n<p>\ud83c\udf10 <a href=\"https:\/\/media-animation.be\/\" data-type=\"link\" data-id=\"https:\/\/media-animation.be\/\" target=\"_blank\" rel=\"noreferrer noopener\"><strong>SITE INTERNET<\/strong> officiel<\/a><\/p>\n\n\n\n<p>\ud83d\udcf1 <a href=\"https:\/\/www.facebook.com\/MediaAnimation\" data-type=\"link\" data-id=\"https:\/\/www.facebook.com\/MediaAnimation\" target=\"_blank\" rel=\"noreferrer noopener\"><strong>PAGE FACEBOOK<\/strong> officielle<\/a><\/p>\n<\/div>\n<\/div>\n\n\n\n<p>Des outils \u00e0 nous partager ? <a href=\"https:\/\/api-lux.be\/index.php\/contact\/\">Cliquez ici<\/a><\/p>\n","protected":false},"excerpt":{"rendered":"<p>\ud83d\udcf1 R\u00c9SEAUX SOCIAUX \u2013 GESTION &#8211; Centre belge d&rsquo;\u00e9ducation aux m\u00e9dias et de communication sociale, qui propose formations, ressources et cr\u00e9ations engag\u00e9es pour un usage critique et responsable des m\u00e9dias\ud83d\udcf1.<\/p>\n","protected":false},"author":6,"featured_media":0,"comment_status":"closed","ping_status":"closed","sticky":false,"template":"","format":"standard","meta":{"iawp_total_views":1,"footnotes":""},"categories":[24,10,28,4,22,27,9,5,8,12,25,26,7],"tags":[],"class_list":["post-4922","post","type-post","status-publish","format-standard","hentry","category-adaptation-des-apprentissages","category-amenagement-environnement","category-autonomie-et-responsabilisation","category-besoins","category-besoins-cognitifs","category-besoins-daccomplissement","category-besoins-de-securite","category-besoins-physiologiques","category-bien-etre","category-cadre-et-limites","category-materiel-specifique","category-outils-pedagogiques-pour-les-pro","category-soin-pistes-et-outils-professionnels"],"_links":{"self":[{"href":"https:\/\/api-lux.be\/index.php\/wp-json\/wp\/v2\/posts\/4922","targetHints":{"allow":["GET"]}}],"collection":[{"href":"https:\/\/api-lux.be\/index.php\/wp-json\/wp\/v2\/posts"}],"about":[{"href":"https:\/\/api-lux.be\/index.php\/wp-json\/wp\/v2\/types\/post"}],"author":[{"embeddable":true,"href":"https:\/\/api-lux.be\/index.php\/wp-json\/wp\/v2\/users\/6"}],"replies":[{"embeddable":true,"href":"https:\/\/api-lux.be\/index.php\/wp-json\/wp\/v2\/comments?post=4922"}],"version-history":[{"count":4,"href":"https:\/\/api-lux.be\/index.php\/wp-json\/wp\/v2\/posts\/4922\/revisions"}],"predecessor-version":[{"id":7623,"href":"https:\/\/api-lux.be\/index.php\/wp-json\/wp\/v2\/posts\/4922\/revisions\/7623"}],"wp:attachment":[{"href":"https:\/\/api-lux.be\/index.php\/wp-json\/wp\/v2\/media?parent=4922"}],"wp:term":[{"taxonomy":"category","embeddable":true,"href":"https:\/\/api-lux.be\/index.php\/wp-json\/wp\/v2\/categories?post=4922"},{"taxonomy":"post_tag","embeddable":true,"href":"https:\/\/api-lux.be\/index.php\/wp-json\/wp\/v2\/tags?post=4922"}],"curies":[{"name":"wp","href":"https:\/\/api.w.org\/{rel}","templated":true}]}}