{"id":4830,"date":"2025-04-10T12:28:48","date_gmt":"2025-04-10T10:28:48","guid":{"rendered":"https:\/\/api-lux.be\/?p=4830"},"modified":"2025-08-20T13:16:29","modified_gmt":"2025-08-20T11:16:29","slug":"linclusion-a-lemploi-en-province-du-luxembourg","status":"publish","type":"post","link":"https:\/\/api-lux.be\/index.php\/2025\/04\/10\/linclusion-a-lemploi-en-province-du-luxembourg\/","title":{"rendered":"Entreprise de travail adapt\u00e9 en province du Luxembourg (ETA)"},"content":{"rendered":"\n<div class=\"wp-block-columns is-layout-flex wp-container-core-columns-is-layout-9d6595d7 wp-block-columns-is-layout-flex\">\n<div class=\"wp-block-column is-layout-flow wp-block-column-is-layout-flow\">\n<figure class=\"wp-block-image size-large\"><img loading=\"lazy\" decoding=\"async\" width=\"1024\" height=\"512\" src=\"https:\/\/api-lux.be\/wp-content\/uploads\/2025\/04\/recrutement-invisible-1200x600-1-1024x512.jpg\" alt=\"\" class=\"wp-image-4831\" srcset=\"https:\/\/api-lux.be\/wp-content\/uploads\/2025\/04\/recrutement-invisible-1200x600-1-1024x512.jpg 1024w, https:\/\/api-lux.be\/wp-content\/uploads\/2025\/04\/recrutement-invisible-1200x600-1-300x150.jpg 300w, https:\/\/api-lux.be\/wp-content\/uploads\/2025\/04\/recrutement-invisible-1200x600-1-768x384.jpg 768w, https:\/\/api-lux.be\/wp-content\/uploads\/2025\/04\/recrutement-invisible-1200x600-1.jpg 1200w\" sizes=\"auto, (max-width: 1024px) 100vw, 1024px\" \/><\/figure>\n<\/div>\n\n\n\n<div class=\"wp-block-column is-layout-flow wp-block-column-is-layout-flow\">\n<p>\ud83c\udf0d <strong>Inclusion, travail &amp; handicap<\/strong> &#8211;  Les Entreprises de Travail Adapt\u00e9 (ETA) proposent aux personnes en situation de handicap des activit\u00e9s professionnelles adapt\u00e9es, favorisant leur int\u00e9gration sociale et \u00e9conomique tout en d\u00e9veloppant leurs comp\u00e9tences dans un environnement encadr\u00e9 et valorisant.<\/p>\n<\/div>\n<\/div>\n\n\n\n<h2 class=\"wp-block-heading\">Descriptif de l&rsquo;outil<\/h2>\n\n\n\n<h3 class=\"wp-block-heading\"><strong>Qu&rsquo;est-ce qu&rsquo;une Entreprise de Travail Adapt\u00e9 (ETA) ?<\/strong> \ud83d\udee0\ufe0f<\/h3>\n\n\n\n<p>\u2753 <strong>Une ETA<\/strong> est une structure qui propose des emplois adapt\u00e9s aux personnes en situation de handicap, tout en garantissant un cadre de travail personnalis\u00e9. Ces entreprises permettent aux travailleurs handicap\u00e9s de d\u00e9velopper des comp\u00e9tences tout en \u00e9tant soutenus dans leur autonomie professionnelle. \ud83d\udcaa<\/p>\n\n\n\n<p>\u2699\ufe0f <strong>Les ETA<\/strong> couvrent plusieurs secteurs professionnels, offrant ainsi une v\u00e9ritable chance d\u2019insertion durable dans le monde du travail. \ud83d\udc77\u200d\u2640\ufe0f\ud83d\udc77<\/p>\n\n\n\n<h2 class=\"wp-block-heading\">\ud83d\udee0\ufe0f <strong>ETA en Province de Luxembourg<\/strong><\/h2>\n\n\n\n<ol class=\"wp-block-list\">\n<li><strong>Belair<\/strong> &#8211; Marche-en-Famenne\n<ul class=\"wp-block-list\">\n<li><strong>Type de travail<\/strong>\u202f: Jardins &amp; Menuiserie<\/li>\n\n\n\n<li><strong>Lieu<\/strong>\u202f: Z.I. de Aye \u2013 rue Andr\u00e9 Feher 8, 6900 Marche\u2011en\u2011Famenne<\/li>\n\n\n\n<li><strong>T\u00e9l\u00e9phone \/ e\u2011mail<\/strong>\u202f: 084\u202f\/\u202f24.58.40<\/li>\n<\/ul>\n<\/li>\n\n\n\n<li><strong>La Lorraine<\/strong> &#8211; Arlon\n<ul class=\"wp-block-list\">\n<li><strong>Type de travail<\/strong>\u202f: Activit\u00e9s vari\u00e9es (p.ex. conditionnement, services industriels)<\/li>\n\n\n\n<li><strong>Lieu<\/strong>\u202f: Zone Artisanale de Weyler \u2013 rue Claude Berg 32, 6700 Arlon<\/li>\n\n\n\n<li><strong>T\u00e9l\u00e9phone \/ e\u2011mail<\/strong>\u202f: 063\u202f\/\u202f22.18.73\u202f\u2013 <a href=\"mailto:commercial@lalorraine.org\" target=\"_blank\" rel=\"noreferrer noopener\">commercial@lalorraine.org<\/a><\/li>\n\n\n\n<li><strong>Site internet<\/strong>\u202f<a href=\"https:\/\/llbg.com\/fr-BE\/consumer\" target=\"_blank\" rel=\"noreferrer noopener\">officiel<\/a><\/li>\n<\/ul>\n<\/li>\n\n\n\n<li><strong>Le Saupont<\/strong>&#8211; Bertix\n<ul class=\"wp-block-list\">\n<li><strong>Type de travail<\/strong>\u202f: Industrie du bois (scierie, palettes, manutention\u2026)<\/li>\n\n\n\n<li><strong>Lieu<\/strong>\u202f: ZI Rue de Lonnoux 2, 6880 Bertrix<\/li>\n\n\n\n<li><strong>T\u00e9l\u00e9phone \/ e\u2011mail<\/strong>\u202f: 061\u202f\/\u202f41.18.16\u202f\u2013 <a href=\"mailto:info@saupont.be\">info@saupont.be<\/a> <\/li>\n\n\n\n<li><strong>Site internet<\/strong>\u202f<a href=\"https:\/\/www.saupont.be\" target=\"_blank\" rel=\"noreferrer noopener\">officiel<\/a><\/li>\n<\/ul>\n<\/li>\n\n\n\n<li><strong>Les Hautes Ardennes<\/strong> Vielsam\n<ul class=\"wp-block-list\">\n<li><strong>Type de travail<\/strong>\u202f: (non pr\u00e9cis\u00e9 dans la source, probablement espaces verts, bois\u2026)<\/li>\n\n\n\n<li><strong>Lieu<\/strong>\u202f: Rue des Chasseurs Ardennais, Rencheux 36E, 6690 Vielsalm<\/li>\n\n\n\n<li><strong>T\u00e9l\u00e9phone \/ e\u2011mail<\/strong>\u202f: 080\u202f\/\u202f29.25.55\u202f\u2013 <a href=\"mailto:eta@leshautesardennes.be\">eta@leshautesardennes.be<\/a> <\/li>\n\n\n\n<li><strong>Site internet<\/strong>\u202f<a href=\"https:\/\/www.leshautesardennes.be\" target=\"_blank\" rel=\"noreferrer noopener\">officiel<\/a><\/li>\n<\/ul>\n<\/li>\n\n\n\n<li><strong>P\u00e9pini\u00e8res La Gaume<\/strong> &#8211; Tintigny\n<ul class=\"wp-block-list\">\n<li><strong>Type de travail<\/strong>\u202f: Parc &amp; jardin, p\u00e9pini\u00e8re<\/li>\n\n\n\n<li><strong>Lieu<\/strong>\u202f: Rue des Saucettes 90, 6730 Breuvanne\u2011Tintigny<\/li>\n\n\n\n<li><strong>T\u00e9l\u00e9phone \/ e\u2011mail<\/strong>\u202f: 063\u202f\/\u202f44.00.70\u202f\u2013 <a href=\"mailto:administration@pepiniereslagaume.be\">administration@pepiniereslagaume.be<\/a> <\/li>\n\n\n\n<li><strong>Site internet<\/strong>\u202f<a href=\"https:\/\/pepiniereslagaume.be\" target=\"_blank\" rel=\"noreferrer noopener\">officiel<\/a><\/li>\n<\/ul>\n<\/li>\n\n\n\n<li><strong>Serviplast<\/strong> &#8211; Bastogne\n<ul class=\"wp-block-list\">\n<li><strong>Type de travail<\/strong>\u202f: Plasturgie \/ conditionnement<\/li>\n\n\n\n<li><strong>Lieu<\/strong>\u202f: Rue du March\u00e9 Couvert 42, Z.I. de Bastogne, 6600 Bastogne<\/li>\n\n\n\n<li><strong>T\u00e9l\u00e9phone \/ e\u2011mail<\/strong>\u202f: 061\u202f\/\u202f24.06.70\u202f\u2013 <a href=\"mailto:info@serviplast.be\">info@serviplast.be<\/a> <\/li>\n\n\n\n<li><strong>Site internet<\/strong>\u202f<a href=\"https:\/\/www.serviplast.be\" target=\"_blank\" rel=\"noreferrer noopener\">officiel<\/a><\/li>\n<\/ul>\n<\/li>\n\n\n\n<li><strong>Stallbois<\/strong> &#8211; Etalle\n<ul class=\"wp-block-list\">\n<li><strong>Type de travail<\/strong>\u202f: Bois (menuiserie, charpente\u2026)<\/li>\n\n\n\n<li><strong>Lieu<\/strong>\u202f: Zoning Belle\u2011Vue 2, 6740 Etalle<\/li>\n\n\n\n<li><strong>T\u00e9l\u00e9phone \/ e\u2011mail<\/strong>\u202f: 063\u202f\/\u202f45.53.19\u202f\u2013 <a href=\"mailto:info@stallbois.be\">info@stallbois.be<\/a> <\/li>\n\n\n\n<li><strong>Site internet<\/strong>\u202f<a href=\"https:\/\/stallbois.eu\" target=\"_blank\" rel=\"noreferrer noopener\">officiel<\/a><\/li>\n<\/ul>\n<\/li>\n<\/ol>\n\n\n\n<hr class=\"wp-block-separator has-alpha-channel-opacity\"\/>\n\n\n\n<h3 class=\"wp-block-heading\"><strong>Ressources compl\u00e9mentaires<\/strong> \ud83c\udf10<\/h3>\n\n\n\n<p>\ud83c\udf1f <strong><a href=\"https:\/\/leseta.be\/annuaire\/?filter_location_location%5B%5D=1672&amp;settings_cache_id=40ddedd2366b8733a25cff49575879f7&amp;filter=1\" target=\"_blank\" rel=\"noreferrer noopener\">Les ETA.be<\/a> <\/strong>:<br>\ud83c\udf0d <strong><a href=\"https:\/\/www.transitioninsertion.be\/\" target=\"_blank\" rel=\"noreferrer noopener\">Transition et Insertion<\/a><\/strong> : Des informations et des conseils pour la transition vers l\u2019emploi.<\/p>\n\n\n\n<h3 class=\"wp-block-heading\">\ud83d\udd17 <strong>Autres ressources consultables sur la plateforme Api-Lux \ud83d\udc1d<\/strong><\/h3>\n\n\n\n<ul class=\"wp-block-list\">\n<li>\ud83d\udcd8 <a href=\"https:\/\/api-lux.be\/index.php\/2025\/08\/19\/trouver-sa-voie-les-structures-daccompagnement-a-la-formation-a-lemploi-et-a-linsertion-en-province-du-luxembourg\/\"><strong>Trouver sa voie<\/strong> <\/a>: les structures d\u2019accompagnement \u00e0 la formation, \u00e0 l\u2019emploi et \u00e0 l\u2019insertion en province du Luxembourg &#8211; petit guide<\/li>\n<\/ul>\n\n\n\n<ul class=\"wp-block-list\">\n<li>\ud83c\udfe2 <a href=\"https:\/\/api-lux.be\/index.php\/2025\/08\/18\/les-entreprises-de-formation-par-le-travail-eft-en-province-du-luxembourg\/\"><strong>Entreprise de Formation par le travail<\/strong><\/a> en province du Luxembourg (EFT)<\/li>\n\n\n\n<li>\ud83c\udf93 <strong><a href=\"https:\/\/api-lux.be\/index.php\/2025\/08\/14\/centres-dinsertion-socioprofessionnelle-cisp-province-de-luxembourg\/\">Centre d\u2019Insertion Socioprofessionnelle <\/a><\/strong>en province du Luxembourg (CISP)<\/li>\n\n\n\n<li>\ud83e\udd1d <a href=\"https:\/\/api-lux.be\/index.php\/2025\/08\/14\/services-dinsertion-sociale-sis-en-province-du-luxembourg\/\"><strong>Services d&rsquo;Insertion Sociale<\/strong><\/a> (SIS) en province du Luxembourg<\/li>\n\n\n\n<li>\ud83d\udd04<a href=\"https:\/\/api-lux.be\/index.php\/2025\/02\/14\/transition-insertion\/\"> <strong>Transition \u2013 Insertion professionnelle<\/strong><\/a><\/li>\n<\/ul>\n\n\n\n<p>Des outils \u00e0 nous partager ? <a href=\"https:\/\/api-lux.be\/index.php\/contact\/\">Cliquez ici<\/a><\/p>\n","protected":false},"excerpt":{"rendered":"<p>\ud83c\udf0d Inclusion, travail &amp; handicap &#8211; Les Entreprises de Travail Adapt\u00e9 (ETA) proposent aux personnes en situation de handicap des activit\u00e9s professionnelles adapt\u00e9es, favorisant leur int\u00e9gration sociale et \u00e9conomique tout [&hellip;]<\/p>\n","protected":false},"author":2,"featured_media":0,"comment_status":"closed","ping_status":"closed","sticky":false,"template":"","format":"standard","meta":{"iawp_total_views":337,"footnotes":""},"categories":[4,27,14,18,46,48,49,47,17,29],"tags":[],"class_list":["post-4830","post","type-post","status-publish","format-standard","hentry","category-besoins","category-besoins-daccomplissement","category-besoins-dappartenance","category-besoins-destime","category-fiches-outils","category-fiches-outils-pour-les-aidants-proches","category-fiches-outils-pour-les-jeunes","category-fiches-outils-pour-les-professionnels","category-inclusion-sociale-et-reseau-sociaux","category-projection"],"_links":{"self":[{"href":"https:\/\/api-lux.be\/index.php\/wp-json\/wp\/v2\/posts\/4830","targetHints":{"allow":["GET"]}}],"collection":[{"href":"https:\/\/api-lux.be\/index.php\/wp-json\/wp\/v2\/posts"}],"about":[{"href":"https:\/\/api-lux.be\/index.php\/wp-json\/wp\/v2\/types\/post"}],"author":[{"embeddable":true,"href":"https:\/\/api-lux.be\/index.php\/wp-json\/wp\/v2\/users\/2"}],"replies":[{"embeddable":true,"href":"https:\/\/api-lux.be\/index.php\/wp-json\/wp\/v2\/comments?post=4830"}],"version-history":[{"count":9,"href":"https:\/\/api-lux.be\/index.php\/wp-json\/wp\/v2\/posts\/4830\/revisions"}],"predecessor-version":[{"id":8172,"href":"https:\/\/api-lux.be\/index.php\/wp-json\/wp\/v2\/posts\/4830\/revisions\/8172"}],"wp:attachment":[{"href":"https:\/\/api-lux.be\/index.php\/wp-json\/wp\/v2\/media?parent=4830"}],"wp:term":[{"taxonomy":"category","embeddable":true,"href":"https:\/\/api-lux.be\/index.php\/wp-json\/wp\/v2\/categories?post=4830"},{"taxonomy":"post_tag","embeddable":true,"href":"https:\/\/api-lux.be\/index.php\/wp-json\/wp\/v2\/tags?post=4830"}],"curies":[{"name":"wp","href":"https:\/\/api.w.org\/{rel}","templated":true}]}}