{"id":4800,"date":"2025-04-10T11:03:09","date_gmt":"2025-04-10T09:03:09","guid":{"rendered":"https:\/\/api-lux.be\/?p=4800"},"modified":"2025-07-01T11:47:19","modified_gmt":"2025-07-01T09:47:19","slug":"eweta-une-ressource-pour-linclusion-le-travail-adapte-et-lautonomie","status":"publish","type":"post","link":"https:\/\/api-lux.be\/index.php\/2025\/04\/10\/eweta-une-ressource-pour-linclusion-le-travail-adapte-et-lautonomie\/","title":{"rendered":"Sensibiliser au monde du travail avec les fiches FALC d\u2019EWETA"},"content":{"rendered":"\n<div class=\"wp-block-columns is-layout-flex wp-container-core-columns-is-layout-9d6595d7 wp-block-columns-is-layout-flex\">\n<div class=\"wp-block-column is-vertically-aligned-center is-layout-flow wp-block-column-is-layout-flow\"><div class=\"wp-block-image\">\n<figure class=\"aligncenter size-full is-resized\"><img loading=\"lazy\" decoding=\"async\" width=\"434\" height=\"140\" src=\"https:\/\/api-lux.be\/wp-content\/uploads\/2025\/04\/Eweta_logo_TouteLaDifferenceEstLa_retina-1.png\" alt=\"\" class=\"wp-image-4802\" style=\"width:372px;height:auto\" srcset=\"https:\/\/api-lux.be\/wp-content\/uploads\/2025\/04\/Eweta_logo_TouteLaDifferenceEstLa_retina-1.png 434w, https:\/\/api-lux.be\/wp-content\/uploads\/2025\/04\/Eweta_logo_TouteLaDifferenceEstLa_retina-1-300x97.png 300w\" sizes=\"auto, (max-width: 434px) 100vw, 434px\" \/><\/figure>\n<\/div><\/div>\n\n\n\n<div class=\"wp-block-column is-layout-flow wp-block-column-is-layout-flow\">\n<p>\ud83c\udf0d <strong>Inclusion, travail &amp; handicap <\/strong>&#8211; Les <strong>fiches FALC publi\u00e9 par l&rsquo; EWETA<\/strong> permettent d\u2019aborder simplement des notions essentielles li\u00e9es \u00e0 l\u2019emploi adapt\u00e9 et \u00e0 la vie en entreprise. <br>Un outil informatif concret pour favoriser l\u2019autonomie, valoriser les parcours et susciter des \u00e9changes.<\/p>\n\n\n\n<!--more-->\n\n\n\n<h2 class=\"wp-block-heading\">Public cible<\/h2>\n\n\n\n<p>Professionnels de l\u2019\u00e9ducation, familles, jeunes \u00e0 partir de 14 ans avec accompagnement, structures m\u00e9dico-sociales.<\/p>\n<\/div>\n<\/div>\n\n\n\n<h2 class=\"wp-block-heading\">Descriptif de l&rsquo;outil<\/h2>\n\n\n\n<h3 class=\"wp-block-heading\">\ud83d\udcda Focus sur les fiches FALC d\u2019EWETA<\/h3>\n\n\n\n<p>Dans le cadre de son <strong>Projet Transition-Insertion<\/strong>, EWETA a con\u00e7u une s\u00e9rie de <strong>fiches explicatives en Facile \u00e0 Lire et \u00e0 Comprendre (FALC)<\/strong>.<br>Ces fiches abordent des th\u00e9matiques essentielles li\u00e9es au travail adapt\u00e9 et \u00e0 la vie professionnelle.<\/p>\n\n\n\n<h3 class=\"wp-block-heading\">\ud83d\udccb <a href=\"https:\/\/eweta.be\/fiches-falc-realisees-par-leweta\/\" target=\"_blank\" rel=\"noreferrer noopener\">Liste et liens vers les fiches FALC disponibles <\/a><\/h3>\n\n\n\n<p><strong>1. Fiches FALC \u00ab Ton travail \u00bb :<\/strong> \u00ab L\u2019apr\u00e8s \u00e9cole \u00bb \/ les Entreprises de Travail Adapt\u00e9 \/ l\u2019\u00e9valuation professionnelle \/ CISP et les CFISPA \/ le FOREM \/ les agences d\u2019int\u00e9rim \/ les aides \u00e0 l\u2019emploi \/ les formations du FOREM<\/p>\n\n\n\n<p><strong>2. Fiches FALC \u00ab Tes papiers \u00bb :<\/strong> les allocations \/ les CPAS \/ l\u2019AViQ \/ les services<\/p>\n\n\n\n<p><strong>3. Fiches FALC \u00ab Tes activit\u00e9s \u00bb :<\/strong> les allocations \/ les CPAS \/ l\u2019AViQ \/ les services<\/p>\n\n\n\n<p><strong>4. Fiches FALC \u00ab Ton attitude \u00bb :<\/strong> le harc\u00e8lement \/ les r\u00e9seaux sociaux \/le comportement au travail<\/p>\n\n\n\n<p><strong>5. Fiches FALC \u00ab Ta sant\u00e9 \u00bb :<\/strong> le planning familial<\/p>\n\n\n\n<p><strong>6. Fiches FALC \u00ab Ton argent \u00bb :<\/strong>  l\u2019administration des biens \/ les banques<\/p>\n\n\n\n<p><strong>7. Fiches FALC \u00ab Tes formations \u00bb :<\/strong>  l\u2019int\u00e9gration \/ le permis de conduire<\/p>\n\n\n\n<h3 class=\"wp-block-heading\">\ud83c\udfaf Int\u00e9r\u00eats p\u00e9dagogiques et usages possibles<\/h3>\n\n\n\n<p>\ud83d\udde3\ufe0f <strong>Animer des discussions<\/strong> autour du travail et de ses r\u00e8gles<br>\ud83d\udcd8 <strong>Construire un carnet de projet professionnel<\/strong> avec les jeunes<br>\ud83c\udfa5 Associer les fiches \u00e0 des <strong>vid\u00e9os ou t\u00e9moignages<\/strong> de travailleurs<br>\ud83d\udeb6\u200d\u2642\ufe0f <strong>Pr\u00e9parer des visites d\u2019ETA<\/strong> pour contextualiser les apprentissages<br>\ud83c\udfa8 R\u00e9aliser un <strong>mur des m\u00e9tiers<\/strong> \u00e0 partir des envies et d\u00e9couvertes des participants<br>\ud83d\udcac <strong>Faciliter l\u2019expression et la prise de parole<\/strong> autour de repr\u00e9sentations du travail<\/p>\n\n\n\n<h3 class=\"wp-block-heading\">\ud83c\udf0d C\u2019est quoi l\u2019EWETA ?<\/h3>\n\n\n\n<p><strong>EWETA<\/strong> est la <strong>F\u00e9d\u00e9ration Wallonne des Entreprises de Travail Adapt\u00e9<\/strong>. Elle regroupe des <strong>Entreprises de Travail Adapt\u00e9 (ETA)<\/strong> en Wallonie, qui offrent des emplois adapt\u00e9s aux personnes en situation de handicap dans des environnements de travail s\u00e9curis\u00e9s et respectueux de leurs capacit\u00e9s.<\/p>\n\n\n\n<div class=\"wp-block-columns is-layout-flex wp-container-core-columns-is-layout-9d6595d7 wp-block-columns-is-layout-flex\">\n<div class=\"wp-block-column is-layout-flow wp-block-column-is-layout-flow\">\n<h2 class=\"wp-block-heading\">Objectif(s) d&rsquo;utilisation<\/h2>\n\n\n\n<p>\ud83d\udcd8 <strong>Sensibiliser<\/strong> au travail adapt\u00e9 et \u00e0 ses sp\u00e9cificit\u00e9s<br>\ud83d\udc63 <strong>Pr\u00e9parer \u00e0 l\u2019autonomie professionnelle<\/strong> en abordant les notions de contrat, salaire, r\u00e8gles et droits<br>\ud83d\udcac <strong>Faciliter la compr\u00e9hension des d\u00e9marches<\/strong> li\u00e9es \u00e0 la sant\u00e9 et \u00e0 l\u2019emploi<br>\ud83d\udd17 <strong>Renforcer le lien entre jeunes, familles et structures m\u00e9dico-sociales<\/strong><br>\ud83e\udde0 <strong>Valoriser les comp\u00e9tences et les savoir-\u00eatre<\/strong> en contexte professionnel<\/p>\n<\/div>\n\n\n\n<div class=\"wp-block-column is-layout-flow wp-block-column-is-layout-flow\">\n<h2 class=\"wp-block-heading\">Variantes &#8211; am\u00e9nagements<\/h2>\n\n\n\n<p>\ud83c\udfa8 Cr\u00e9er un <strong>panneau \u201cMon futur m\u00e9tier\u201d<\/strong> avec les fiches m\u00e9tiers et les envies des jeunes<br>\ud83d\udcd8 Int\u00e9grer les fiches FALC dans un <strong>carnet de projet professionnel personnalis\u00e9<\/strong><br>\ud83c\udfa5 Associer les fiches \u00e0 des <strong>vid\u00e9os ou t\u00e9moignages<\/strong> pour favoriser l\u2019identification<br>\ud83d\udc65 Organiser un <strong>atelier d\u00e9bat<\/strong> sur \u201cPourquoi je veux travailler ?\u201d en s\u2019appuyant sur les fiches<br>\ud83d\udeb6\u200d\u2642\ufe0f Pr\u00e9voir des <strong>visites en ETA<\/strong> et pr\u00e9parer la visite avec les fiches correspondantes<\/p>\n<\/div>\n<\/div>\n\n\n\n<div class=\"wp-block-columns is-layout-flex wp-container-core-columns-is-layout-9d6595d7 wp-block-columns-is-layout-flex\">\n<div class=\"wp-block-column is-layout-flow wp-block-column-is-layout-flow\">\n<h2 class=\"wp-block-heading\">Liens utiles<\/h2>\n\n\n\n<p>\ud83d\udd0d<strong> <\/strong><a href=\"https:\/\/leseta.be\/\" data-type=\"link\" data-id=\"https:\/\/leseta.be\/\" target=\"_blank\" rel=\"noreferrer noopener\"><strong>SITE INTERNET<\/strong> \u00ab\u00a0Les ETA\u00a0\u00bb &#8211; En route pour l&#8217;emploi<\/a><\/p>\n\n\n\n<p>\ud83d\udcc4 <a href=\"https:\/\/api-lux.be\/index.php\/2025\/02\/14\/transition-insertion\/\" data-type=\"link\" data-id=\"https:\/\/api-lux.be\/index.php\/2025\/02\/14\/transition-insertion\/\"><strong>FICHE OUTIL <\/strong>\u00ab\u00a0Transition- ins<\/a><a href=\"https:\/\/api-lux.be\/index.php\/2025\/02\/14\/transition-insertion\/\" data-type=\"link\" data-id=\"https:\/\/api-lux.be\/index.php\/2025\/02\/14\/transition-insertion\/\" target=\"_blank\" rel=\"noreferrer noopener\">e<\/a><a href=\"https:\/\/api-lux.be\/index.php\/2025\/02\/14\/transition-insertion\/\" data-type=\"link\" data-id=\"https:\/\/api-lux.be\/index.php\/2025\/02\/14\/transition-insertion\/\">rtion professionnelle\u00a0\u00bb<\/a><\/p>\n\n\n\n<p>\ud83d\udcc4 <a href=\"https:\/\/api-lux.be\/index.php\/2025\/04\/10\/linclusion-a-lemploi-en-province-du-luxembourg\/\" data-type=\"link\" data-id=\"https:\/\/api-lux.be\/index.php\/2025\/04\/10\/linclusion-a-lemploi-en-province-du-luxembourg\/\" target=\"_blank\" rel=\"noreferrer noopener\"><strong>FICHE OUTIL<\/strong> \u00ab\u00a0L\u2019inclusion \u00e0 l\u2019emploi en province du Luxembourg\u00a0\u00bb<\/a><\/p>\n<\/div>\n<\/div>\n\n\n\n<p>Des outils \u00e0 nous partager ? <a href=\"https:\/\/api-lux.be\/index.php\/contact\/\">Cliquez ici<\/a><\/p>\n","protected":false},"excerpt":{"rendered":"<p>\ud83c\udf0d Inclusion, travail &amp; handicap &#8211; Les fiches FALC publi\u00e9 par l&rsquo; EWETA permettent d\u2019aborder simplement des notions essentielles li\u00e9es \u00e0 l\u2019emploi adapt\u00e9 et \u00e0 la vie en entreprise. Un [&hellip;]<\/p>\n","protected":false},"author":2,"featured_media":0,"comment_status":"closed","ping_status":"closed","sticky":false,"template":"","format":"standard","meta":{"iawp_total_views":13,"footnotes":""},"categories":[4,14,18,46,48,47,17,29],"tags":[],"class_list":["post-4800","post","type-post","status-publish","format-standard","hentry","category-besoins","category-besoins-dappartenance","category-besoins-destime","category-fiches-outils","category-fiches-outils-pour-les-aidants-proches","category-fiches-outils-pour-les-professionnels","category-inclusion-sociale-et-reseau-sociaux","category-projection"],"_links":{"self":[{"href":"https:\/\/api-lux.be\/index.php\/wp-json\/wp\/v2\/posts\/4800","targetHints":{"allow":["GET"]}}],"collection":[{"href":"https:\/\/api-lux.be\/index.php\/wp-json\/wp\/v2\/posts"}],"about":[{"href":"https:\/\/api-lux.be\/index.php\/wp-json\/wp\/v2\/types\/post"}],"author":[{"embeddable":true,"href":"https:\/\/api-lux.be\/index.php\/wp-json\/wp\/v2\/users\/2"}],"replies":[{"embeddable":true,"href":"https:\/\/api-lux.be\/index.php\/wp-json\/wp\/v2\/comments?post=4800"}],"version-history":[{"count":10,"href":"https:\/\/api-lux.be\/index.php\/wp-json\/wp\/v2\/posts\/4800\/revisions"}],"predecessor-version":[{"id":7626,"href":"https:\/\/api-lux.be\/index.php\/wp-json\/wp\/v2\/posts\/4800\/revisions\/7626"}],"wp:attachment":[{"href":"https:\/\/api-lux.be\/index.php\/wp-json\/wp\/v2\/media?parent=4800"}],"wp:term":[{"taxonomy":"category","embeddable":true,"href":"https:\/\/api-lux.be\/index.php\/wp-json\/wp\/v2\/categories?post=4800"},{"taxonomy":"post_tag","embeddable":true,"href":"https:\/\/api-lux.be\/index.php\/wp-json\/wp\/v2\/tags?post=4800"}],"curies":[{"name":"wp","href":"https:\/\/api.w.org\/{rel}","templated":true}]}}