{"id":4760,"date":"2025-04-09T16:26:42","date_gmt":"2025-04-09T14:26:42","guid":{"rendered":"https:\/\/api-lux.be\/?p=4760"},"modified":"2025-07-01T11:48:04","modified_gmt":"2025-07-01T09:48:04","slug":"site-internet-psychoeducation-be","status":"publish","type":"post","link":"https:\/\/api-lux.be\/index.php\/2025\/04\/09\/site-internet-psychoeducation-be\/","title":{"rendered":"Site internet : \u00ab\u00a0Psycho\u00e9ducation.be\u00a0\u00bb"},"content":{"rendered":"\n<div class=\"wp-block-columns is-layout-flex wp-container-core-columns-is-layout-9d6595d7 wp-block-columns-is-layout-flex\">\n<div class=\"wp-block-column is-vertically-aligned-center is-layout-flow wp-block-column-is-layout-flow\"><div class=\"wp-block-image\">\n<figure class=\"aligncenter size-full\"><img loading=\"lazy\" decoding=\"async\" width=\"799\" height=\"263\" src=\"https:\/\/api-lux.be\/wp-content\/uploads\/2025\/04\/psychoeduc.be_.png\" alt=\"\" class=\"wp-image-4761\" srcset=\"https:\/\/api-lux.be\/wp-content\/uploads\/2025\/04\/psychoeduc.be_.png 799w, https:\/\/api-lux.be\/wp-content\/uploads\/2025\/04\/psychoeduc.be_-300x99.png 300w, https:\/\/api-lux.be\/wp-content\/uploads\/2025\/04\/psychoeduc.be_-768x253.png 768w\" sizes=\"auto, (max-width: 799px) 100vw, 799px\" \/><\/figure>\n<\/div><\/div>\n\n\n\n<div class=\"wp-block-column is-layout-flow wp-block-column-is-layout-flow\">\n<p>\ud83c\udfe2 <strong>Ressources vari\u00e9es<\/strong> &#8211; Plateforme qui propose des formations et des ressources pour aider les parents et les professionnels \u00e0 mieux comprendre et accompagner les enfants et les adolescents dans leur d\u00e9veloppement.<\/p>\n\n\n\n<!--more-->\n\n\n\n<h2 class=\"wp-block-heading\">\u00c2ge cible<\/h2>\n\n\n\n<p>\u00c0 partir de 3 ans.<\/p>\n<\/div>\n<\/div>\n\n\n\n<h2 class=\"wp-block-heading\">Descriptif de l&rsquo;outil<\/h2>\n\n\n\n<p>\ud83c\udf31 <strong>Un site belge d\u00e9di\u00e9 au bien-\u00eatre \u00e9ducatif et \u00e9motionnel<\/strong>: Psychoeducation.be s\u2019adresse \u00e0 tous ceux qui souhaitent comprendre, accompagner et faire grandir les enfants, ados et adultes \u00e0 travers des outils concrets et une approche bienveillante.<\/p>\n\n\n\n<p>Le site internet propose divers outils tels que: <\/p>\n\n\n\n<ul class=\"wp-block-list\">\n<li>\ud83d\udcda des <strong>formations en pr\u00e9sentiel<\/strong> \u00e0 travers toute la Belgique, ainsi que des <strong>cours en ligne<\/strong> accessibles \u00e0 tout moment. Les th\u00e9matiques sont nombreuses : gestion des \u00e9motions, TDA\/H, scolarit\u00e9, d\u00e9veloppement personnel, pens\u00e9e visuelle, etc.<\/li>\n\n\n\n<li>\ud83e\udde0 un programme solide permettant de devenir <strong>praticien certifi\u00e9<\/strong>, s&rsquo;adressant \u00e0 toute personne souhaitant int\u00e9grer la psycho\u00e9ducation dans sa pratique professionnelle.<\/li>\n\n\n\n<li>\ud83d\uded2 <strong>une boutique \u00e9ducative et ludique<\/strong>, avec des livres jeunesse, des jeux de cartes, des outils t\u00e9l\u00e9chargeables et des albums pour favoriser l\u2019apprentissage, le dialogue et la confiance en soi d\u00e8s le plus jeune \u00e2ge.<\/li>\n\n\n\n<li>\ud83c\udfa7 <strong>une m\u00e9diath\u00e8que riche et inspirante<\/strong> avec des podcasts, articles de blog, vid\u00e9os, gazette digitale\u2026 une multitude de contenus gratuits pour apprendre, se questionner et \u00e9voluer \u00e0 son rythme.<\/li>\n\n\n\n<li>\ud83d\udc69\u200d\ud83c\udfeb <strong>des ressources pour tous les publics<\/strong>: parents, enseignants, \u00e9ducateurs, th\u00e9rapeutes, mais aussi adultes en qu\u00eate d\u2019\u00e9panouissement personnel, chacun peut y trouver des outils adapt\u00e9s \u00e0 son quotidien.<\/li>\n<\/ul>\n\n\n\n<div class=\"wp-block-columns is-layout-flex wp-container-core-columns-is-layout-9d6595d7 wp-block-columns-is-layout-flex\">\n<div class=\"wp-block-column is-layout-flow wp-block-column-is-layout-flow\">\n<h2 class=\"wp-block-heading\">Objectifs d&rsquo;utilisation<\/h2>\n\n\n\n<p>\ud83e\udde0 <strong>Comprendre<\/strong> les besoins et les d\u00e9fis des enfants et des adolescents.<\/p>\n\n\n\n<p>\ud83d\udee0\ufe0f <strong>Fournir<\/strong> des outils pratiques pour aider les jeunes \u00e0 s&rsquo;\u00e9panouir.<\/p>\n\n\n\n<p>\ud83c\udf93 <strong>Former<\/strong> les parents et les professionnels sur des sujets li\u00e9s \u00e0 l&rsquo;\u00e9ducation et \u00e0 la psychologie.<\/p>\n\n\n\n<p>\ud83d\udcda <strong>Offrir<\/strong> une s\u00e9lection de ressources, comme des livres et des outils d&rsquo;intervention.<\/p>\n\n\n\n<p>\ud83e\udd1d <strong>Cr\u00e9er<\/strong> une communaut\u00e9 de soutien pour partager des exp\u00e9riences et des conseils.<\/p>\n<\/div>\n\n\n\n<div class=\"wp-block-column is-layout-flow wp-block-column-is-layout-flow\">\n<h2 class=\"wp-block-heading\">Liens utiles<\/h2>\n\n\n\n<p>\ud83c\udf10 <a href=\"https:\/\/www.psychoeducation.be\/\" data-type=\"link\" data-id=\"https:\/\/www.psychoeducation.be\/\" target=\"_blank\" rel=\"noreferrer noopener\"><strong>SITE INTERNET<\/strong> officiel<\/a><\/p>\n\n\n\n<p>\ud83c\udfa5 <strong>VID\u00c9O youtube (1min56)<\/strong> de Psycho\u00e9ducation.be: \u00ab\u00a0<a href=\"https:\/\/www.youtube.com\/watch?v=1sHuq8mol4I\" target=\"_blank\" rel=\"noreferrer noopener\">Psycho\u00e9ducation.be &#8211; Pr\u00e9sentation<\/a>\u00ab\u00a0<\/p>\n<\/div>\n<\/div>\n\n\n\n<p>Des outils \u00e0 nous partager ? <a href=\"https:\/\/api-lux.be\/index.php\/contact\/\">Cliquez ici<\/a><\/p>\n","protected":false},"excerpt":{"rendered":"<p>\ud83c\udfe2 Ressources vari\u00e9es &#8211; Plateforme qui propose des formations et des ressources pour aider les parents et les professionnels \u00e0 mieux comprendre et accompagner les enfants et les adolescents dans [&hellip;]<\/p>\n","protected":false},"author":1,"featured_media":0,"comment_status":"closed","ping_status":"closed","sticky":false,"template":"","format":"standard","meta":{"iawp_total_views":9,"footnotes":""},"categories":[22,27,14,18,9,23,15,46,48,47,26],"tags":[],"class_list":["post-4760","post","type-post","status-publish","format-standard","hentry","category-besoins-cognitifs","category-besoins-daccomplissement","category-besoins-dappartenance","category-besoins-destime","category-besoins-de-securite","category-communication","category-famille-et-milieu-de-vie","category-fiches-outils","category-fiches-outils-pour-les-aidants-proches","category-fiches-outils-pour-les-professionnels","category-outils-pedagogiques-pour-les-pro"],"_links":{"self":[{"href":"https:\/\/api-lux.be\/index.php\/wp-json\/wp\/v2\/posts\/4760","targetHints":{"allow":["GET"]}}],"collection":[{"href":"https:\/\/api-lux.be\/index.php\/wp-json\/wp\/v2\/posts"}],"about":[{"href":"https:\/\/api-lux.be\/index.php\/wp-json\/wp\/v2\/types\/post"}],"author":[{"embeddable":true,"href":"https:\/\/api-lux.be\/index.php\/wp-json\/wp\/v2\/users\/1"}],"replies":[{"embeddable":true,"href":"https:\/\/api-lux.be\/index.php\/wp-json\/wp\/v2\/comments?post=4760"}],"version-history":[{"count":9,"href":"https:\/\/api-lux.be\/index.php\/wp-json\/wp\/v2\/posts\/4760\/revisions"}],"predecessor-version":[{"id":7628,"href":"https:\/\/api-lux.be\/index.php\/wp-json\/wp\/v2\/posts\/4760\/revisions\/7628"}],"wp:attachment":[{"href":"https:\/\/api-lux.be\/index.php\/wp-json\/wp\/v2\/media?parent=4760"}],"wp:term":[{"taxonomy":"category","embeddable":true,"href":"https:\/\/api-lux.be\/index.php\/wp-json\/wp\/v2\/categories?post=4760"},{"taxonomy":"post_tag","embeddable":true,"href":"https:\/\/api-lux.be\/index.php\/wp-json\/wp\/v2\/tags?post=4760"}],"curies":[{"name":"wp","href":"https:\/\/api.w.org\/{rel}","templated":true}]}}