{"id":4752,"date":"2025-04-09T15:55:59","date_gmt":"2025-04-09T13:55:59","guid":{"rendered":"https:\/\/api-lux.be\/?p=4752"},"modified":"2025-07-01T11:48:57","modified_gmt":"2025-07-01T09:48:57","slug":"fratriha","status":"publish","type":"post","link":"https:\/\/api-lux.be\/index.php\/2025\/04\/09\/fratriha\/","title":{"rendered":"FratriHa: plateforme de soutien pour les fr\u00e8res et soeurs de personnes d\u00e9ficientes intellectuelles.\u00a0"},"content":{"rendered":"\n<div class=\"wp-block-columns is-layout-flex wp-container-core-columns-is-layout-9d6595d7 wp-block-columns-is-layout-flex\">\n<div class=\"wp-block-column is-vertically-aligned-center is-layout-flow wp-block-column-is-layout-flow\"><div class=\"wp-block-image\">\n<figure class=\"aligncenter size-full\"><img loading=\"lazy\" decoding=\"async\" width=\"437\" height=\"253\" src=\"https:\/\/api-lux.be\/wp-content\/uploads\/2025\/04\/fratriha.png\" alt=\"\" class=\"wp-image-4753\" srcset=\"https:\/\/api-lux.be\/wp-content\/uploads\/2025\/04\/fratriha.png 437w, https:\/\/api-lux.be\/wp-content\/uploads\/2025\/04\/fratriha-300x174.png 300w\" sizes=\"auto, (max-width: 437px) 100vw, 437px\" \/><\/figure>\n<\/div><\/div>\n\n\n\n<div class=\"wp-block-column is-layout-flow wp-block-column-is-layout-flow\">\n<p>\ud83c\udfe2 <strong>Ressource vari\u00e9e <\/strong>&#8211; Projet de sensibilisation, d&rsquo;information et de soutien aux fratries de personnes en\u200b situation de handicap mental.<\/p>\n\n\n\n<!--more-->\n\n\n\n<h2 class=\"wp-block-heading\">\u00c2ge cible<\/h2>\n\n\n\n<p>Tout \u00e2ge.<\/p>\n<\/div>\n<\/div>\n\n\n\n<div class=\"wp-block-columns is-layout-flex wp-container-core-columns-is-layout-9d6595d7 wp-block-columns-is-layout-flex\">\n<div class=\"wp-block-column is-layout-flow wp-block-column-is-layout-flow\">\n<h2 class=\"wp-block-heading\">Descriptif de l&rsquo;outil<\/h2>\n\n\n\n<p>FrFratriHa est une plateforme qui se concentre sur le soutien des <strong>fr\u00e8res et s\u0153urs<\/strong> de personnes en situation de handicap mental. Cr\u00e9\u00e9e en 2014 par <strong>\u00c9lise PETIT<\/strong> et <strong>El\u00e9onore COTMAN<\/strong>, l\u2019association a pour mission de r\u00e9pondre aux besoins sp\u00e9cifiques de ces fratries, qui font face \u00e0 des d\u00e9fis particuliers tout au long de leur vie.<\/p>\n\n\n\n<h3 class=\"wp-block-heading\">\ud83c\udf31 <strong>Mission de FratriHa :<\/strong><\/h3>\n\n\n\n<p>L\u2019objectif principal de FratriHa est de <strong>valoriser et soutenir<\/strong> les fr\u00e8res et s\u0153urs des personnes handicap\u00e9es, en leur offrant un espace d\u2019\u00e9coute, de partage et de soutien. Ces fratries sont souvent confront\u00e9es \u00e0 des r\u00e9alit\u00e9s \u00e9motionnelles complexes :<\/p>\n\n\n\n<ul class=\"wp-block-list\">\n<li><strong>Sentiments d&rsquo;isolement<\/strong>.<\/li>\n\n\n\n<li><strong>Difficult\u00e9s de gestion des relations<\/strong> avec leur fr\u00e8re ou s\u0153ur.<\/li>\n\n\n\n<li><strong>Impact du handicap<\/strong> sur leur propre d\u00e9veloppement personnel.<\/li>\n<\/ul>\n\n\n\n<p>L&rsquo;association cherche \u00e0 <strong>sensibiliser<\/strong> les proches, les professionnels et le grand public \u00e0 la r\u00e9alit\u00e9 des fratries, en mettant en avant leurs besoins sp\u00e9cifiques et leur ressenti. Elle \u0153uvre \u00e9galement \u00e0 faciliter l&rsquo;acc\u00e8s \u00e0 des <strong>ressources utiles<\/strong> pour mieux comprendre et g\u00e9rer cette situation.<\/p>\n\n\n\n<h3 class=\"wp-block-heading\">\ud83e\uddd1\u200d\ud83e\udd1d\u200d\ud83e\uddd1 <strong>Activit\u00e9s propos\u00e9es :<\/strong><\/h3>\n\n\n\n<ol class=\"wp-block-list\">\n<li><strong>Soutien aux fratries<\/strong> :\n<ul class=\"wp-block-list\">\n<li><strong>Groupes de parole<\/strong> : Permettre aux fr\u00e8res et s\u0153urs d\u2019\u00e9changer sur leur v\u00e9cu.<\/li>\n\n\n\n<li><strong>Ateliers ludiques<\/strong> pour enfants et adolescents, favorisant l\u2019expression et l\u2019entraide.<\/li>\n\n\n\n<li><strong>Fratrih&rsquo;Ap\u00e9ro<\/strong> : Des rencontres informelles pour adultes dans un cadre convivial.<\/li>\n\n\n\n<li><strong>Activit\u00e9s mixtes<\/strong> : Rassembler les fratries et leurs fr\u00e8res ou s\u0153urs avec handicap pour renforcer les liens.<\/li>\n<\/ul>\n<\/li>\n\n\n\n<li><strong>Sensibilisation<\/strong> :\n<ul class=\"wp-block-list\">\n<li><strong>Conf\u00e9rences et \u00e9v\u00e9nements<\/strong> : Informer les parents, professionnels et public sur les r\u00e9alit\u00e9s des fratries.<\/li>\n\n\n\n<li><strong>Supports \u00e9ducatifs<\/strong> : Production de fiches pratiques et de livres pour approfondir la compr\u00e9hension des d\u00e9fis rencontr\u00e9s par ces fratries.<\/li>\n<\/ul>\n<\/li>\n\n\n\n<li><strong>Informations et Ressources<\/strong> :\n<ul class=\"wp-block-list\">\n<li><strong>Newsletter<\/strong> : Tenir les membres inform\u00e9s des \u00e9v\u00e9nements \u00e0 venir et des nouvelles initiatives.<\/li>\n\n\n\n<li><strong>Documents th\u00e9matiques<\/strong> : Mieux comprendre les besoins et les enjeux sp\u00e9cifiques des fratries.<\/li>\n<\/ul>\n<\/li>\n<\/ol>\n\n\n\n<p>\ud83d\udcbb Le site internet propose \u00e9galement des <strong>ressources \u00e9ducatives<\/strong> et des supports d&rsquo;information pour les familles et les professionnels.<\/p>\n<\/div>\n<\/div>\n\n\n\n<div class=\"wp-block-columns is-layout-flex wp-container-core-columns-is-layout-9d6595d7 wp-block-columns-is-layout-flex\">\n<div class=\"wp-block-column is-layout-flow wp-block-column-is-layout-flow\">\n<h2 class=\"wp-block-heading\">Objectif(s) d&rsquo;utilisation<\/h2>\n\n\n\n<p>\ud83d\udde3\ufe0f <strong>Donner la parole<\/strong> aux fr\u00e8res et s\u0153urs de personnes en situation de handicap<\/p>\n\n\n\n<p>\ud83e\udd1d <strong>Cr\u00e9er du lien<\/strong> entre ceux qui vivent des exp\u00e9riences similaires<\/p>\n\n\n\n<p>\ud83e\uddf0 <strong>Proposer des outils<\/strong> pour mieux vivre son r\u00f4le de fratrie<\/p>\n\n\n\n<p>\ud83e\udde0 <strong>Favoriser la compr\u00e9hension<\/strong> des \u00e9motions li\u00e9es au handicap<\/p>\n\n\n\n<p>\ud83d\udcda <strong>Offrir des ressources<\/strong> aux familles et aux professionnels<\/p>\n\n\n\n<p>\ud83d\udc99 <strong>Valoriser la fratrie<\/strong>, ses forces, ses besoins, et son importance<\/p>\n<\/div>\n\n\n\n<div class=\"wp-block-column is-layout-flow wp-block-column-is-layout-flow\">\n<h2 class=\"wp-block-heading\">Liens utiles<\/h2>\n\n\n\n<p>\ud83c\udf10 <a href=\"https:\/\/www.fratriha.com\/\" data-type=\"link\" data-id=\"https:\/\/www.fratriha.com\/\" target=\"_blank\" rel=\"noreferrer noopener\"><strong>SITE INTERNET<\/strong> officiel<\/a><\/p>\n\n\n\n<p>\ud83c\udfa5 <strong>VID\u00c9O<\/strong> youtube (1min36) de l&rsquo;ASBL FratriHa: \u00ab\u00a0<a href=\"https:\/\/www.youtube.com\/watch?v=T9Ysw6fv07c\" target=\"_blank\" rel=\"noreferrer noopener\">FratriHa, plateforme pour fratries de personne en situation d&rsquo;handicap mental<\/a>\u00a0\u00bb &#8211; pr\u00e9sentation de la plateforme<\/p>\n\n\n\n<p>\ud83c\udfa7 <a href=\"https:\/\/smartlink.ausha.co\/decales\/hors-serie-elise-et-eleonore\" data-type=\"link\" data-id=\"https:\/\/smartlink.ausha.co\/decales\/hors-serie-elise-et-eleonore\" target=\"_blank\" rel=\"noreferrer noopener\"><strong>PODCAST<\/strong> \u00ab\u00a0Hors s\u00e9rie\u00a0\u00bb<\/a> par El\u00e9onore et Elise (fondatrices de FratriHa)<\/p>\n\n\n\n<p>\ud83d\udcda <strong>Outils de FratriHa : <\/strong><\/p>\n\n\n\n<ol class=\"wp-block-list\">\n<li><a href=\"https:\/\/www.fratriha.com\/mon-baluchon.html\" target=\"_blank\" rel=\"noreferrer noopener\">Mon Baluchon<\/a><\/li>\n\n\n\n<li><a href=\"https:\/\/www.fratriha.com\/mon-ptit-baluchon.html\" target=\"_blank\" rel=\"noreferrer noopener\">Mon p&rsquo;tit Baluchon<\/a><\/li>\n\n\n\n<li><a href=\"https:\/\/www.fratriha.com\/fratri-livres.html\" target=\"_blank\" rel=\"noreferrer noopener\">Fratri livres<\/a><\/li>\n\n\n\n<li><a href=\"https:\/\/www.fratriha.com\/fratri-fiches.html\" target=\"_blank\" rel=\"noreferrer noopener\">Fratri fiches<\/a><\/li>\n<\/ol>\n<\/div>\n<\/div>\n\n\n\n<p>Des outils \u00e0 nous partager ? <a href=\"https:\/\/api-lux.be\/index.php\/contact\/\">Cliquez ici<\/a><\/p>\n","protected":false},"excerpt":{"rendered":"<p>\ud83c\udfe2 Ressource vari\u00e9e &#8211; Projet de sensibilisation, d&rsquo;information et de soutien aux fratries de personnes en\u200b situation de handicap mental.<\/p>\n","protected":false},"author":1,"featured_media":0,"comment_status":"closed","ping_status":"closed","sticky":false,"template":"","format":"standard","meta":{"iawp_total_views":38,"footnotes":""},"categories":[28,22,27,14,18,23,15,46,48,49,47,17,20,26],"tags":[],"class_list":["post-4752","post","type-post","status-publish","format-standard","hentry","category-autonomie-et-responsabilisation","category-besoins-cognitifs","category-besoins-daccomplissement","category-besoins-dappartenance","category-besoins-destime","category-communication","category-famille-et-milieu-de-vie","category-fiches-outils","category-fiches-outils-pour-les-aidants-proches","category-fiches-outils-pour-les-jeunes","category-fiches-outils-pour-les-professionnels","category-inclusion-sociale-et-reseau-sociaux","category-individualisation","category-outils-pedagogiques-pour-les-pro"],"_links":{"self":[{"href":"https:\/\/api-lux.be\/index.php\/wp-json\/wp\/v2\/posts\/4752","targetHints":{"allow":["GET"]}}],"collection":[{"href":"https:\/\/api-lux.be\/index.php\/wp-json\/wp\/v2\/posts"}],"about":[{"href":"https:\/\/api-lux.be\/index.php\/wp-json\/wp\/v2\/types\/post"}],"author":[{"embeddable":true,"href":"https:\/\/api-lux.be\/index.php\/wp-json\/wp\/v2\/users\/1"}],"replies":[{"embeddable":true,"href":"https:\/\/api-lux.be\/index.php\/wp-json\/wp\/v2\/comments?post=4752"}],"version-history":[{"count":11,"href":"https:\/\/api-lux.be\/index.php\/wp-json\/wp\/v2\/posts\/4752\/revisions"}],"predecessor-version":[{"id":7629,"href":"https:\/\/api-lux.be\/index.php\/wp-json\/wp\/v2\/posts\/4752\/revisions\/7629"}],"wp:attachment":[{"href":"https:\/\/api-lux.be\/index.php\/wp-json\/wp\/v2\/media?parent=4752"}],"wp:term":[{"taxonomy":"category","embeddable":true,"href":"https:\/\/api-lux.be\/index.php\/wp-json\/wp\/v2\/categories?post=4752"},{"taxonomy":"post_tag","embeddable":true,"href":"https:\/\/api-lux.be\/index.php\/wp-json\/wp\/v2\/tags?post=4752"}],"curies":[{"name":"wp","href":"https:\/\/api.w.org\/{rel}","templated":true}]}}