{"id":4745,"date":"2025-04-09T14:54:15","date_gmt":"2025-04-09T12:54:15","guid":{"rendered":"https:\/\/api-lux.be\/?p=4745"},"modified":"2025-07-01T11:49:19","modified_gmt":"2025-07-01T09:49:19","slug":"trousse-doutils-mutisme-selectif","status":"publish","type":"post","link":"https:\/\/api-lux.be\/index.php\/2025\/04\/09\/trousse-doutils-mutisme-selectif\/","title":{"rendered":"Mutisme s\u00e9lectif &#8211; Trousse d&rsquo;outils pour les \u00e9ducatrices et les \u00e9ducateurs"},"content":{"rendered":"\n<div class=\"wp-block-columns is-layout-flex wp-container-core-columns-is-layout-9d6595d7 wp-block-columns-is-layout-flex\">\n<div class=\"wp-block-column is-vertically-aligned-center is-layout-flow wp-block-column-is-layout-flow\"><div class=\"wp-block-image\">\n<figure class=\"aligncenter size-large\"><img loading=\"lazy\" decoding=\"async\" width=\"1024\" height=\"682\" src=\"https:\/\/api-lux.be\/wp-content\/uploads\/2025\/04\/sma-1024x682.jpg\" alt=\"\" class=\"wp-image-4746\" srcset=\"https:\/\/api-lux.be\/wp-content\/uploads\/2025\/04\/sma-1024x682.jpg 1024w, https:\/\/api-lux.be\/wp-content\/uploads\/2025\/04\/sma-300x200.jpg 300w, https:\/\/api-lux.be\/wp-content\/uploads\/2025\/04\/sma-768x512.jpg 768w, https:\/\/api-lux.be\/wp-content\/uploads\/2025\/04\/sma.jpg 1280w\" sizes=\"auto, (max-width: 1024px) 100vw, 1024px\" \/><\/figure>\n<\/div><\/div>\n\n\n\n<div class=\"wp-block-column is-layout-flow wp-block-column-is-layout-flow\">\n<p>\ud83e\uddd1\u200d\u2695\ufe0f <strong>Outil professionnel d\u2019accompagnement sp\u00e9cialis\u00e9<\/strong>&nbsp; &#8211; Ensemble de fiches et supports d\u2019accompagnement pour les enfants atteints de mutisme s\u00e9lectif.<\/p>\n\n\n\n<!--more-->\n\n\n\n<h2 class=\"wp-block-heading\">\u00c2ge cible<\/h2>\n\n\n\n<p>Tout \u00e2ge.<\/p>\n<\/div>\n<\/div>\n\n\n\n<div class=\"wp-block-columns is-layout-flex wp-container-core-columns-is-layout-9d6595d7 wp-block-columns-is-layout-flex\">\n<div class=\"wp-block-column is-layout-flow wp-block-column-is-layout-flow\">\n<h2 class=\"wp-block-heading\">Descriptif de l&rsquo;outil<\/h2>\n\n\n\n<p>La <strong>Trousse d&rsquo;outils pour les \u00e9ducatrices et les \u00e9ducateurs<\/strong> est un guide destin\u00e9 \u00e0 aider les professionnels \u00e0 mieux comprendre et soutenir les enfants atteints de mutisme s\u00e9lectif. Ce trouble se caract\u00e9rise par une incapacit\u00e9 persistante \u00e0 parler dans certaines situations sociales, comme \u00e0 l&rsquo;\u00e9cole, bien que l&rsquo;enfant soit capable de parler dans d&rsquo;autres contextes (\u00e0 la maison, par exemple).<\/p>\n\n\n\n<p>Il s&rsquo;agit d&rsquo;une initiative de la <strong><a href=\"https:\/\/www.selectivemutism.org\" target=\"_blank\" rel=\"noreferrer noopener\">Selective Mutism Association<\/a> (SMA)<\/strong>, une organisation am\u00e9ricaine \u00e0 but non lucratif d\u00e9di\u00e9e \u00e0 la sensibilisation, \u00e0 la formation et au soutien des familles, \u00e9ducateurs et professionnels confront\u00e9s au mutisme s\u00e9lectif chez les enfants<\/p>\n\n\n\n<p>\ud83d\udc69\u200d\ud83c\udfeb Le document propose des <strong>conseils pratiques<\/strong> pour les \u00e9ducateurs afin de g\u00e9rer le mutisme s\u00e9lectif en classe. Cela inclut des techniques pour <strong>r\u00e9duire l&rsquo;anxi\u00e9t\u00e9<\/strong> des enfants, encourager leur participation et cr\u00e9er un environnement <strong>soutenant et compr\u00e9hensif<\/strong>.<\/p>\n\n\n\n<p>\ud83d\udccb Il donne des recommandations sur les <strong>am\u00e9nagements scolaires<\/strong> possibles, comme l&rsquo;adaptation des \u00e9valuations orales et l&rsquo;utilisation de supports visuels pour faciliter la communication.<\/p>\n\n\n\n<p>\ud83e\udd1d La trousse offre \u00e9galement des <strong>outils pour communiquer<\/strong> avec les parents et le personnel scolaire, incluant des lettres types pour <strong>initier des discussions constructives<\/strong> et d\u00e9finir des plans d&rsquo;action personnalis\u00e9s.<\/p>\n\n\n\n<p>\ud83d\udcda Enfin, le document inclut des <strong>ressources suppl\u00e9mentaires<\/strong>, telles que des liens vers des sites d&rsquo;aide et des formations, pour que les \u00e9ducateurs puissent se former davantage et am\u00e9liorer leur prise en charge.<\/p>\n\n\n\n<p>Ce guide est con\u00e7u pour \u00eatre utile dans divers contextes \u00e9ducatifs, en particulier dans le cadre d&rsquo;un environnement scolaire inclusif.<\/p>\n\n\n\n<div class=\"wp-block-columns is-layout-flex wp-container-core-columns-is-layout-9d6595d7 wp-block-columns-is-layout-flex\">\n<div class=\"wp-block-column is-layout-flow wp-block-column-is-layout-flow\">\n<h2 class=\"wp-block-heading\">Objectif(s) d&rsquo;utilisation<\/h2>\n\n\n\n<p>\ud83e\udde0 <strong>Sensibiliser<\/strong> les \u00e9ducateurs au mutisme s\u00e9lectif, en expliquant ses sympt\u00f4mes, causes et effets.<\/p>\n\n\n\n<p>\ud83d\udc40 <strong>Rep\u00e9rer<\/strong> les signes chez les jeunes qui pourraient en \u00eatre atteints<\/p>\n\n\n\n<p>\ud83c\udfaf <strong>Proposer des strat\u00e9gies<\/strong> pratiques pour soutenir les enfants et r\u00e9duire leur anxi\u00e9t\u00e9 en classe.<\/p>\n\n\n\n<p>\ud83e\udd1d <strong>Favoriser la collaboration<\/strong> entre \u00e9ducateurs, parents et autres professionnels pour un soutien coordonn\u00e9.<\/p>\n\n\n\n<p>\ud83d\udcdd <strong>Recommander des am\u00e9nagements scolaires<\/strong> sp\u00e9cifiques pour adapter l&rsquo;enseignement aux besoins de l&rsquo;enfant.<\/p>\n\n\n\n<p>\ud83d\udcda <strong>Fournir des ressources suppl\u00e9mentaires<\/strong> pour que les \u00e9ducateurs puissent se former et approfondir leurs connaissances.<\/p>\n\n\n\n<p>\ud83d\udcc8 <strong>Suivre les progr\u00e8s<\/strong> de l&rsquo;enfant et adapter l\u2019accompagnement au fil du temps<\/p>\n<\/div>\n\n\n\n<div class=\"wp-block-column is-layout-flow wp-block-column-is-layout-flow\">\n<h2 class=\"wp-block-heading\">Liens utiles<\/h2>\n\n\n\n<p>\ud83d\udcc4 <a href=\"https:\/\/www.selectivemutism.org\/wp-content\/uploads\/2023\/01\/SMA_Educator_ToolKit_FR-CA.pdf\" data-type=\"link\" data-id=\"https:\/\/www.selectivemutism.org\/wp-content\/uploads\/2023\/01\/SMA_Educator_ToolKit_FR-CA.pdf\" target=\"_blank\" rel=\"noreferrer noopener\"><strong>DOCUMENT (pdf)<\/strong><\/a> &#8211; La trousse d&rsquo;outils pour les \u00e9ducatrices et les \u00e9ducateurs<\/p>\n\n\n\n<p>\ud83c\udfa5 <strong>VID\u00c9O<\/strong> youtube (5min42) de La Maison des Maternelles: \u00ab\u00a0<a href=\"https:\/\/www.youtube.com\/watch?v=wiFNNkKBF7Q\" target=\"_blank\" rel=\"noreferrer noopener\">Le mutisme s\u00e9lectif, le reconnaitre, le traiter<\/a> \u00a0\u00bb<\/p>\n<\/div>\n<\/div>\n<\/div>\n<\/div>\n\n\n\n<p>Des outils \u00e0 nous partager ? <a href=\"https:\/\/api-lux.be\/index.php\/contact\/\">Cliquez ici<\/a><\/p>\n","protected":false},"excerpt":{"rendered":"<p>\ud83e\uddd1\u200d\u2695\ufe0f Outil professionnel d\u2019accompagnement sp\u00e9cialis\u00e9&nbsp; &#8211; Ensemble de fiches et supports d\u2019accompagnement pour les enfants atteints de mutisme s\u00e9lectif.<\/p>\n","protected":false},"author":1,"featured_media":0,"comment_status":"closed","ping_status":"closed","sticky":false,"template":"","format":"standard","meta":{"iawp_total_views":89,"footnotes":""},"categories":[10,28,4,22,27,14,9,23,46,48,47,17,26],"tags":[],"class_list":["post-4745","post","type-post","status-publish","format-standard","hentry","category-amenagement-environnement","category-autonomie-et-responsabilisation","category-besoins","category-besoins-cognitifs","category-besoins-daccomplissement","category-besoins-dappartenance","category-besoins-de-securite","category-communication","category-fiches-outils","category-fiches-outils-pour-les-aidants-proches","category-fiches-outils-pour-les-professionnels","category-inclusion-sociale-et-reseau-sociaux","category-outils-pedagogiques-pour-les-pro"],"_links":{"self":[{"href":"https:\/\/api-lux.be\/index.php\/wp-json\/wp\/v2\/posts\/4745","targetHints":{"allow":["GET"]}}],"collection":[{"href":"https:\/\/api-lux.be\/index.php\/wp-json\/wp\/v2\/posts"}],"about":[{"href":"https:\/\/api-lux.be\/index.php\/wp-json\/wp\/v2\/types\/post"}],"author":[{"embeddable":true,"href":"https:\/\/api-lux.be\/index.php\/wp-json\/wp\/v2\/users\/1"}],"replies":[{"embeddable":true,"href":"https:\/\/api-lux.be\/index.php\/wp-json\/wp\/v2\/comments?post=4745"}],"version-history":[{"count":10,"href":"https:\/\/api-lux.be\/index.php\/wp-json\/wp\/v2\/posts\/4745\/revisions"}],"predecessor-version":[{"id":7630,"href":"https:\/\/api-lux.be\/index.php\/wp-json\/wp\/v2\/posts\/4745\/revisions\/7630"}],"wp:attachment":[{"href":"https:\/\/api-lux.be\/index.php\/wp-json\/wp\/v2\/media?parent=4745"}],"wp:term":[{"taxonomy":"category","embeddable":true,"href":"https:\/\/api-lux.be\/index.php\/wp-json\/wp\/v2\/categories?post=4745"},{"taxonomy":"post_tag","embeddable":true,"href":"https:\/\/api-lux.be\/index.php\/wp-json\/wp\/v2\/tags?post=4745"}],"curies":[{"name":"wp","href":"https:\/\/api.w.org\/{rel}","templated":true}]}}