{"id":4343,"date":"2025-04-03T17:52:43","date_gmt":"2025-04-03T15:52:43","guid":{"rendered":"https:\/\/api-lux.be\/?p=4343"},"modified":"2025-07-01T11:52:03","modified_gmt":"2025-07-01T09:52:03","slug":"affiche-conseil-je-souffre-de-mutisme-selectif","status":"publish","type":"post","link":"https:\/\/api-lux.be\/index.php\/2025\/04\/03\/affiche-conseil-je-souffre-de-mutisme-selectif\/","title":{"rendered":"Affiche conseil: \u00ab\u00a0je souffre de mutisme s\u00e9lectif\u00a0\u00bb"},"content":{"rendered":"\n<div class=\"wp-block-columns is-layout-flex wp-container-core-columns-is-layout-9d6595d7 wp-block-columns-is-layout-flex\">\n<div class=\"wp-block-column is-vertically-aligned-center is-layout-flow wp-block-column-is-layout-flow\"><div class=\"wp-block-image\">\n<figure class=\"aligncenter size-full is-resized\"><img loading=\"lazy\" decoding=\"async\" width=\"1000\" height=\"1000\" src=\"https:\/\/api-lux.be\/wp-content\/uploads\/2025\/04\/mutisme-selectif-ce-que-cest-et-ce-que-cela-signifie-chez-les-enfants-143531.webp\" alt=\"\" class=\"wp-image-4344\" style=\"width:334px;height:auto\" srcset=\"https:\/\/api-lux.be\/wp-content\/uploads\/2025\/04\/mutisme-selectif-ce-que-cest-et-ce-que-cela-signifie-chez-les-enfants-143531.webp 1000w, https:\/\/api-lux.be\/wp-content\/uploads\/2025\/04\/mutisme-selectif-ce-que-cest-et-ce-que-cela-signifie-chez-les-enfants-143531-300x300.webp 300w, https:\/\/api-lux.be\/wp-content\/uploads\/2025\/04\/mutisme-selectif-ce-que-cest-et-ce-que-cela-signifie-chez-les-enfants-143531-150x150.webp 150w, https:\/\/api-lux.be\/wp-content\/uploads\/2025\/04\/mutisme-selectif-ce-que-cest-et-ce-que-cela-signifie-chez-les-enfants-143531-768x768.webp 768w\" sizes=\"auto, (max-width: 1000px) 100vw, 1000px\" \/><\/figure>\n<\/div><\/div>\n\n\n\n<div class=\"wp-block-column is-layout-flow wp-block-column-is-layout-flow\">\n<p>\ud83e\uddd1\u200d\u2695\ufe0f <strong>Outil professionnel d\u2019accompagnement sp\u00e9cialis\u00e9&nbsp;<\/strong> &#8211; Un support visuel pour mieux comprendre et accompagner les enfants atteints de mutisme s\u00e9lectif.<\/p>\n\n\n\n<!--more-->\n\n\n\n<h2 class=\"wp-block-heading\">\u00c2ge cible<\/h2>\n\n\n\n<p>Tout \u00e2ge.<\/p>\n<\/div>\n<\/div>\n\n\n\n<h2 class=\"wp-block-heading\">Descriptif de l&rsquo;outil<\/h2>\n\n\n\n<p>\ud83d\uddbc\ufe0f <strong>Pr\u00e9sentation de l&rsquo;affiche :<\/strong> Cette affiche p\u00e9dagogique est un outil visuel destin\u00e9 \u00e0 informer et sensibiliser l&rsquo;entourage d\u2019un enfant atteint de mutisme s\u00e9lectif (parents, enseignants, professionnels). Elle explique de mani\u00e8re claire et accessible ce trouble anxieux et propose des principes cl\u00e9s pour accompagner l\u2019enfant avec bienveillance.<\/p>\n\n\n\n<p>\ud83d\udca1 <strong>Pourquoi une affiche ?<\/strong><\/p>\n\n\n\n<ul class=\"wp-block-list\">\n<li>\ud83d\udce2 <strong>Informer rapidement<\/strong> : Permet d\u2019expliquer en un coup d\u2019\u0153il ce qu\u2019est le mutisme s\u00e9lectif.<\/li>\n\n\n\n<li>\ud83c\udfeb <strong>Visibilit\u00e9 dans les espaces \u00e9ducatifs<\/strong> : \u00c0 afficher dans les \u00e9coles, salles d\u2019attente, centres sp\u00e9cialis\u00e9s, etc.<\/li>\n\n\n\n<li>\ud83d\udcac <strong>Faciliter le dialogue<\/strong> : Sert de support pour initier des discussions entre adultes et enfants.<\/li>\n<\/ul>\n\n\n\n<p>\ud83d\udc40 <strong>Exemples concrets d\u2019utilisation :<\/strong><\/p>\n\n\n\n<ul class=\"wp-block-list\">\n<li><strong>En classe \ud83c\udfeb<\/strong> : Aider les enseignants \u00e0 mieux comprendre un \u00e9l\u00e8ve concern\u00e9 et \u00e0 adapter leur approche.<\/li>\n\n\n\n<li><strong>Dans un cabinet th\u00e9rapeutique \ud83e\ude7a<\/strong> : Soutenir les parents et professionnels en rappelant les bons r\u00e9flexes.<\/li>\n\n\n\n<li><strong>\u00c0 la maison \ud83c\udfe0<\/strong> : Servir de rep\u00e8re aux proches pour adopter les bonnes attitudes au quotidien.<\/li>\n<\/ul>\n\n\n\n<p>\u26a0\ufe0f <strong>Points d&rsquo;attention pour bien utiliser l\u2019affiche :<\/strong><\/p>\n\n\n\n<ul class=\"wp-block-list\">\n<li>\u2714\ufe0f <strong>Ne jamais forcer un enfant \u00e0 parler<\/strong> : L\u2019anxi\u00e9t\u00e9 est \u00e0 l\u2019origine du mutisme, et non un refus volontaire.<\/li>\n\n\n\n<li>\u2714\ufe0f <strong>Valoriser d\u2019autres formes de communication<\/strong> : Gestes, dessins, pictogrammes\u2026 chaque moyen d\u2019expression est une victoire !<\/li>\n\n\n\n<li>\u2714\ufe0f <strong>Cr\u00e9er un climat rassurant<\/strong> : La confiance et la patience sont essentielles pour encourager la communication.<\/li>\n<\/ul>\n\n\n\n<div class=\"wp-block-columns is-layout-flex wp-container-core-columns-is-layout-9d6595d7 wp-block-columns-is-layout-flex\">\n<div class=\"wp-block-column is-layout-flow wp-block-column-is-layout-flow\">\n<h2 class=\"wp-block-heading\">Objectif(s) d&rsquo;utilisation<\/h2>\n\n\n\n<p>\ud83c\udf93 <strong>Sensibiliser et informer<\/strong> : Expliquer ce qu\u2019est le mutisme s\u00e9lectif pour \u00e9viter les malentendus et stigmatisations.<\/p>\n\n\n\n<p>\ud83d\udee0\ufe0f <strong>Donner des outils concrets<\/strong> : Proposer des strat\u00e9gies adapt\u00e9es aux adultes encadrant l\u2019enfant.<\/p>\n\n\n\n<p>\ud83d\udc99 <strong>Favoriser une approche bienveillante<\/strong> : Insister sur l\u2019importance du respect du rythme de l\u2019enfant.<\/p>\n\n\n\n<p>\ud83e\udd1d <strong>Encourager l\u2019entourage \u00e0 s\u2019adapter<\/strong> : Mettre en avant des comportements facilitant la communication.<\/p>\n<\/div>\n\n\n\n<div class=\"wp-block-column is-layout-flow wp-block-column-is-layout-flow\">\n<h2 class=\"wp-block-heading\">Liens utiles<\/h2>\n\n\n\n<p>\ud83d\udcc4 <a href=\"https:\/\/upbility.fr\/blogs\/news\/mutisme-selectif\" data-type=\"link\" data-id=\"https:\/\/upbility.fr\/blogs\/news\/mutisme-selectif\" target=\"_blank\" rel=\"noreferrer noopener\"><strong>ARTICLE <\/strong>pour aller plus loin et t\u00e9l\u00e9charger l&rsquo;affiche<\/a> (Par Upbility &#8211; maison d&rsquo;\u00e9dition \u00e9ducative)<\/p>\n<\/div>\n<\/div>\n\n\n\n<p>Des outils \u00e0 nous partager ? <a href=\"https:\/\/api-lux.be\/index.php\/contact\/\">Cliquez ici<\/a><\/p>\n","protected":false},"excerpt":{"rendered":"<p>\ud83e\uddd1\u200d\u2695\ufe0f Outil professionnel d\u2019accompagnement sp\u00e9cialis\u00e9&nbsp; &#8211; Un support visuel pour mieux comprendre et accompagner les enfants atteints de mutisme s\u00e9lectif.<\/p>\n","protected":false},"author":2,"featured_media":0,"comment_status":"closed","ping_status":"closed","sticky":false,"template":"","format":"standard","meta":{"iawp_total_views":17,"footnotes":""},"categories":[4,22,27,23,46,48,49,47],"tags":[],"class_list":["post-4343","post","type-post","status-publish","format-standard","hentry","category-besoins","category-besoins-cognitifs","category-besoins-daccomplissement","category-communication","category-fiches-outils","category-fiches-outils-pour-les-aidants-proches","category-fiches-outils-pour-les-jeunes","category-fiches-outils-pour-les-professionnels"],"_links":{"self":[{"href":"https:\/\/api-lux.be\/index.php\/wp-json\/wp\/v2\/posts\/4343","targetHints":{"allow":["GET"]}}],"collection":[{"href":"https:\/\/api-lux.be\/index.php\/wp-json\/wp\/v2\/posts"}],"about":[{"href":"https:\/\/api-lux.be\/index.php\/wp-json\/wp\/v2\/types\/post"}],"author":[{"embeddable":true,"href":"https:\/\/api-lux.be\/index.php\/wp-json\/wp\/v2\/users\/2"}],"replies":[{"embeddable":true,"href":"https:\/\/api-lux.be\/index.php\/wp-json\/wp\/v2\/comments?post=4343"}],"version-history":[{"count":7,"href":"https:\/\/api-lux.be\/index.php\/wp-json\/wp\/v2\/posts\/4343\/revisions"}],"predecessor-version":[{"id":7636,"href":"https:\/\/api-lux.be\/index.php\/wp-json\/wp\/v2\/posts\/4343\/revisions\/7636"}],"wp:attachment":[{"href":"https:\/\/api-lux.be\/index.php\/wp-json\/wp\/v2\/media?parent=4343"}],"wp:term":[{"taxonomy":"category","embeddable":true,"href":"https:\/\/api-lux.be\/index.php\/wp-json\/wp\/v2\/categories?post=4343"},{"taxonomy":"post_tag","embeddable":true,"href":"https:\/\/api-lux.be\/index.php\/wp-json\/wp\/v2\/tags?post=4343"}],"curies":[{"name":"wp","href":"https:\/\/api.w.org\/{rel}","templated":true}]}}