{"id":4254,"date":"2025-04-01T19:23:15","date_gmt":"2025-04-01T17:23:15","guid":{"rendered":"https:\/\/api-lux.be\/?p=4254"},"modified":"2025-07-01T11:52:36","modified_gmt":"2025-07-01T09:52:36","slug":"aditi-wallonie-bruxelles-accompagnement-a-la-sexualite","status":"publish","type":"post","link":"https:\/\/api-lux.be\/index.php\/2025\/04\/01\/aditi-wallonie-bruxelles-accompagnement-a-la-sexualite\/","title":{"rendered":"Aditi Wallonie-Bruxelles (accompagnement \u00e0 la sexualit\u00e9)"},"content":{"rendered":"\n<div class=\"wp-block-columns is-layout-flex wp-container-core-columns-is-layout-9d6595d7 wp-block-columns-is-layout-flex\">\n<div class=\"wp-block-column is-vertically-aligned-center is-layout-flow wp-block-column-is-layout-flow\"><div class=\"wp-block-image\">\n<figure class=\"aligncenter size-full is-resized\"><img loading=\"lazy\" decoding=\"async\" width=\"275\" height=\"70\" src=\"https:\/\/api-lux.be\/wp-content\/uploads\/2025\/04\/image_2025-04-01_192228916.png\" alt=\"\" class=\"wp-image-4255\" style=\"width:416px;height:auto\"\/><\/figure>\n<\/div><\/div>\n\n\n\n<div class=\"wp-block-column is-layout-flow wp-block-column-is-layout-flow\">\n<p>\ud83c\udf43\ud83d\udc69\u200d\ud83c\udfeb <strong>EVRAS \u2013 \u00e9ducation affective, relationnelle et sexuelle<\/strong> &#8211; Association qui accompagne les personnes en situation de handicap dans l&rsquo;exploration et l&rsquo;expression de leur vie affective et sexuelle.<\/p>\n\n\n\n<!--more-->\n\n\n\n<h2 class=\"wp-block-heading\">\u00c2ge cible<\/h2>\n\n\n\n<p>D\u00e8s l&rsquo;adolescence et tout au long de la vie adulte<\/p>\n<\/div>\n<\/div>\n\n\n\n<h2 class=\"wp-block-heading\">Descriptif de l&rsquo;outil<\/h2>\n\n\n\n<p>L&rsquo;ASBL <strong>Aditi WB<\/strong> est une organisation belge active en Wallonie et \u00e0 Bruxelles, qui se consacre \u00e0 la <strong>sensibilisation<\/strong> et \u00e0 l&rsquo;<strong>accompagnement des personnes en situation de handicap<\/strong> en mati\u00e8re de sexualit\u00e9.<\/p>\n\n\n\n<p>\ud83c\udf31 Aditi WB \u0153uvre pour <strong>promouvoir le bien-\u00eatre sexuel<\/strong> des personnes handicap\u00e9es et leur entourage, en <strong>encourageant le dialogue<\/strong> et en offrant des conseils adapt\u00e9s. L&rsquo;association d\u00e9fend l&rsquo;id\u00e9e que <strong>chacun a droit \u00e0 une sexualit\u00e9 \u00e9panouie<\/strong>, en garantissant des services respectueux et inclusifs.<\/p>\n\n\n\n<h3 class=\"wp-block-heading\">\ud83c\udf93 Public cible<\/h3>\n\n\n\n<ul class=\"wp-block-list\">\n<li>\ud83d\udc68\u200d\ud83c\udfeb Personnes en situation de handicap (physique, sensoriel, intellectuel, psychique, polyhandicap)<\/li>\n\n\n\n<li>\ud83d\udc65 Familles et proches<\/li>\n\n\n\n<li>\ud83d\udc68\u200d\ud83d\udcbc Professionnels du secteur m\u00e9dico-social<\/li>\n\n\n\n<li>\ud83c\udfeb Institutions et \u00e9tablissements sp\u00e9cialis\u00e9s<\/li>\n\n\n\n<li>\ud83d\udcda \u00c9tudiants en formations sociales et m\u00e9dicales<\/li>\n<\/ul>\n\n\n\n<h3 class=\"wp-block-heading\">\ud83d\udca1 Services propos\u00e9s<\/h3>\n\n\n\n<ul class=\"wp-block-list\">\n<li>\ud83d\udd0e <strong>Informations et conseils<\/strong> : R\u00e9ponses aux questions sur la vie affective et sexuelle des personnes en situation de handicap, acc\u00e8s aux accessoires \u00e9rotiques, relations de couple, etc.<\/li>\n\n\n\n<li>\ud83c\udf93 <strong>Formations<\/strong> : Sensibilisation et formations pour les professionnels, institutions et \u00e9tudiants en lien avec le handicap.<\/li>\n\n\n\n<li>\ud83d\udcde <strong>Accompagnement sexuel<\/strong> : Collaboration avec des accompagnant(e)s sexuel(le)s form\u00e9(e)s, dans le respect d&rsquo;une charte \u00e9thique valid\u00e9e par la R\u00e9gion Wallonne.<\/li>\n\n\n\n<li>\ud83c\udff0 <strong>Approche adapt\u00e9e aux diff\u00e9rents types de handicap<\/strong> : D\u00e9ficience intellectuelle, polyhandicap, troubles psychiques, etc.<\/li>\n\n\n\n<li>\ud83c\udfae <strong>Supports vari\u00e9s<\/strong> : Utilisation d\u2019outils p\u00e9dagogiques visuels, sensoriels et interactifs pour s\u2019adapter aux besoins des b\u00e9n\u00e9ficiaires.<\/li>\n\n\n\n<li>\ud83d\udcc8 <strong>Intervention sur tout le territoire wallon<\/strong> : Bien que l&rsquo;association ne dispose pas de bureau en province de Luxembourg, ses services y sont accessibles.<\/li>\n\n\n\n<li>\ud83d\udc68\u200d\ud83c\udfad <strong>Accompagnement personnalis\u00e9<\/strong> : Possibilit\u00e9 d&rsquo;adaptation des services en fonction des besoins sp\u00e9cifiques.<\/li>\n<\/ul>\n\n\n\n<div class=\"wp-block-columns is-layout-flex wp-container-core-columns-is-layout-9d6595d7 wp-block-columns-is-layout-flex\">\n<div class=\"wp-block-column is-layout-flow wp-block-column-is-layout-flow\">\n<h2 class=\"wp-block-heading\">Objectif(s) d&rsquo;utilisation<\/h2>\n\n\n\n<p>\ud83c\udf1f <strong>Renforcer l&rsquo;autonomie et l&rsquo;\u00e9panouissement personnel<\/strong> des personnes en situation de handicap dans leur vie affective et sexuelle.<\/p>\n\n\n\n<p>\ud83d\udee1\ufe0f <strong>Sensibiliser et outiller les professionnels<\/strong> pour mieux accompagner les b\u00e9n\u00e9ficiaires.<\/p>\n\n\n\n<p>\ud83d\udc68\u200d\ud83e\udd1d <strong>Favoriser l\u2019inclusion et la reconnaissance<\/strong> des droits sexuels des personnes en situation de handicap.<\/p>\n<\/div>\n\n\n\n<div class=\"wp-block-column is-layout-flow wp-block-column-is-layout-flow\">\n<h2 class=\"wp-block-heading\">Variantes &#8211; am\u00e9nagement<\/h2>\n\n\n\n<ul class=\"wp-block-list\">\n<li>\ud83d\udcde <strong>T\u00e9l\u00e9phone<\/strong> : 0498\/80 58 70 (permanence du lundi au jeudi de 9h \u00e0 12h)<\/li>\n\n\n\n<li>\ud83c\udfe2 <strong>Adresse<\/strong> : Rue Longchamp 26, 1420 Braine-l\u2019Alleud<\/li>\n\n\n\n<li>\ud83d\udce7 <strong>E-mail<\/strong> : <a>info@aditiwb.be<\/a><\/li>\n<\/ul>\n<\/div>\n<\/div>\n\n\n\n<h2 class=\"wp-block-heading\">Liens utiles<\/h2>\n\n\n\n<p>\ud83c\udf10 <a href=\"https:\/\/www.aditiwb.be\/\" data-type=\"link\" data-id=\"https:\/\/www.aditiwb.be\/\" target=\"_blank\" rel=\"noreferrer noopener\"><strong>SITE INTERNET<\/strong> officiel<\/a><\/p>\n\n\n\n<p>Des outils \u00e0 nous partager ? <a href=\"https:\/\/api-lux.be\/index.php\/contact\/\">Cliquez ici<\/a><\/p>\n","protected":false},"excerpt":{"rendered":"<p>\ud83c\udf43\ud83d\udc69\u200d\ud83c\udfeb EVRAS \u2013 \u00e9ducation affective, relationnelle et sexuelle &#8211; Association qui accompagne les personnes en situation de handicap dans l&rsquo;exploration et l&rsquo;expression de leur vie affective et sexuelle.<\/p>\n","protected":false},"author":2,"featured_media":0,"comment_status":"closed","ping_status":"closed","sticky":false,"template":"","format":"standard","meta":{"iawp_total_views":43,"footnotes":""},"categories":[4,14,5,46,48,47,7,16],"tags":[],"class_list":["post-4254","post","type-post","status-publish","format-standard","hentry","category-besoins","category-besoins-dappartenance","category-besoins-physiologiques","category-fiches-outils","category-fiches-outils-pour-les-aidants-proches","category-fiches-outils-pour-les-professionnels","category-soin-pistes-et-outils-professionnels","category-vie-affective"],"_links":{"self":[{"href":"https:\/\/api-lux.be\/index.php\/wp-json\/wp\/v2\/posts\/4254","targetHints":{"allow":["GET"]}}],"collection":[{"href":"https:\/\/api-lux.be\/index.php\/wp-json\/wp\/v2\/posts"}],"about":[{"href":"https:\/\/api-lux.be\/index.php\/wp-json\/wp\/v2\/types\/post"}],"author":[{"embeddable":true,"href":"https:\/\/api-lux.be\/index.php\/wp-json\/wp\/v2\/users\/2"}],"replies":[{"embeddable":true,"href":"https:\/\/api-lux.be\/index.php\/wp-json\/wp\/v2\/comments?post=4254"}],"version-history":[{"count":8,"href":"https:\/\/api-lux.be\/index.php\/wp-json\/wp\/v2\/posts\/4254\/revisions"}],"predecessor-version":[{"id":7638,"href":"https:\/\/api-lux.be\/index.php\/wp-json\/wp\/v2\/posts\/4254\/revisions\/7638"}],"wp:attachment":[{"href":"https:\/\/api-lux.be\/index.php\/wp-json\/wp\/v2\/media?parent=4254"}],"wp:term":[{"taxonomy":"category","embeddable":true,"href":"https:\/\/api-lux.be\/index.php\/wp-json\/wp\/v2\/categories?post=4254"},{"taxonomy":"post_tag","embeddable":true,"href":"https:\/\/api-lux.be\/index.php\/wp-json\/wp\/v2\/tags?post=4254"}],"curies":[{"name":"wp","href":"https:\/\/api.w.org\/{rel}","templated":true}]}}