{"id":4135,"date":"2025-03-31T13:17:12","date_gmt":"2025-03-31T11:17:12","guid":{"rendered":"https:\/\/api-lux.be\/?p=4135"},"modified":"2025-07-01T13:14:12","modified_gmt":"2025-07-01T11:14:12","slug":"methode-e-s-p-e-r-e-lecharpe-relationnelle","status":"publish","type":"post","link":"https:\/\/api-lux.be\/index.php\/2025\/03\/31\/methode-e-s-p-e-r-e-lecharpe-relationnelle\/","title":{"rendered":"M\u00e9thode E.S.P.E.R.E.\u00ae &#8211; Les objets symboliques ou repr\u00e9sentations visuelles"},"content":{"rendered":"\n<div class=\"wp-block-columns is-layout-flex wp-container-core-columns-is-layout-9d6595d7 wp-block-columns-is-layout-flex\">\n<div class=\"wp-block-column is-layout-flow wp-block-column-is-layout-flow\"><div class=\"wp-block-image\">\n<figure class=\"aligncenter size-full is-resized\"><img loading=\"lazy\" decoding=\"async\" width=\"400\" height=\"647\" src=\"https:\/\/api-lux.be\/wp-content\/uploads\/2025\/03\/La-Methode-ESPERE-1.jpg\" alt=\"\" class=\"wp-image-4136\" style=\"width:226px;height:auto\" srcset=\"https:\/\/api-lux.be\/wp-content\/uploads\/2025\/03\/La-Methode-ESPERE-1.jpg 400w, https:\/\/api-lux.be\/wp-content\/uploads\/2025\/03\/La-Methode-ESPERE-1-185x300.jpg 185w\" sizes=\"auto, (max-width: 400px) 100vw, 400px\" \/><\/figure>\n<\/div><\/div>\n\n\n\n<div class=\"wp-block-column is-layout-flow wp-block-column-is-layout-flow\">\n<p>\ud83e\uddd1\u200d\u2695\ufe0f <strong>Outil professionnel d\u2019accompagnement sp\u00e9cialis\u00e9&nbsp; <\/strong>&#8211; La M\u00e9thode ESPERE\u00ae utilise des objets symboliques souvent appel\u00e9s \u00a0\u00bbrepr\u00e9sentations visuelles\u00a0\u00bb, pour aider les participants \u00e0 exprimer et \u00e0 comprendre leur \u00e9motions, leurs besoins, leurs d\u00e9sirs et leurs peurs. &nbsp;<\/p>\n\n\n\n<!--more-->\n\n\n\n<h2 class=\"wp-block-heading\">\u00c2ge cible<\/h2>\n\n\n\n<p>De 0 \u00e0 23 ans.<\/p>\n<\/div>\n<\/div>\n\n\n\n<h2 class=\"wp-block-heading\">Descriptif de l&rsquo;outil<\/h2>\n\n\n\n<p>La <strong>M\u00e9thode ESPERE\u00ae<\/strong> (\u00c9nergie Sp\u00e9cifique Pour une \u00c9cologie Relationnelle Essentielle) de Jacques Salom\u00e9, est une approche qui permet de <strong>mieux comprendre et am\u00e9liorer nos relations<\/strong> gr\u00e2ce \u00e0 des outils simples et concrets. <\/p>\n\n\n\n<p>\ud83d\udccc <strong>Quelques principes cl\u00e9s de la M\u00e9thode ESPERE\u00ae<\/strong> :<\/p>\n\n\n\n<ul class=\"wp-block-list\">\n<li><a href=\"https:\/\/api-lux.be\/index.php\/2025\/02\/14\/lecharpe-relationnelle-de-la-methode-e-s-p-e-r-e-jacques-salome\/\" target=\"_blank\" rel=\"noreferrer noopener\"><strong>L\u2019\u00e9charpe relationnelle<\/strong> \ud83c\udf97\ufe0f :<\/a> outil symbolique qui repr\u00e9sente le lien entre deux personnes et montre que chaque individu est responsable de sa part dans la relation.<\/li>\n\n\n\n<li><a href=\"https:\/\/api-lux.be\/index.php\/2025\/03\/31\/methode-e-s-p-e-r-e-les-batons-de-parole\/\" data-type=\"link\" data-id=\"https:\/\/api-lux.be\/index.php\/2025\/03\/31\/methode-e-s-p-e-r-e-les-batons-de-parole\/\" target=\"_blank\" rel=\"noreferrer noopener\"><strong>Les b\u00e2tons de parole<\/strong> \ud83d\udde3\ufe0f :<\/a> permettent une communication plus \u00e9quilibr\u00e9e et respectueuse.<\/li>\n\n\n\n<li><strong>Les objets symboliques<\/strong> \ud83c\udfe1\ud83c\udfad : aident \u00e0 mieux exprimer ses \u00e9motions et \u00e0 clarifier les situations relationnelles.<\/li>\n\n\n\n<li><strong>Le principe de non-toxicit\u00e9 relationnelle<\/strong> \ud83d\udeab : \u00e9viter la violence verbale, le non-respect et les relations toxiques.<\/li>\n<\/ul>\n\n\n\n<p>Cette m\u00e9thode est particuli\u00e8rement utile pour am\u00e9liorer la communication en famille, en couple, avec les enfants, ou m\u00eame dans un cadre professionnel.<\/p>\n\n\n\n<hr class=\"wp-block-separator has-alpha-channel-opacity\"\/>\n\n\n\n<h4 class=\"wp-block-heading\">1\ufe0f\u20e3  <strong>Qu\u2019est-ce qu\u2019un objet symbolique ?<\/strong><\/h4>\n\n\n\n<p>Un <strong>objet symbolique<\/strong> est un <strong>objet physique<\/strong> (un foulard, une peluche, une pierre, une feuille de papier\u2026) ou une <strong>image mentale<\/strong> utilis\u00e9 pour <strong>repr\u00e9senter un \u00e9l\u00e9ment de la relation<\/strong> ou une \u00e9motion. Il sert \u00e0 <strong>visualiser et externaliser un ressenti<\/strong>, aidant ainsi \u00e0 mieux le comprendre et le g\u00e9rer.<\/p>\n\n\n\n<p><strong>Exemple<\/strong> : Si une personne ressent de la tristesse, elle peut choisir un <strong>mouchoir<\/strong> pour la symboliser et ainsi en parler plus facilement en montrant l\u2019objet.<\/p>\n\n\n\n<hr class=\"wp-block-separator has-alpha-channel-opacity\"\/>\n\n\n\n<h4 class=\"wp-block-heading\"><strong>2\ufe0f\u20e3  <\/strong><strong>Comment choisir un objet symbolique ?<\/strong><\/h4>\n\n\n\n<p>\ud83d\udd39 L\u2019objet doit \u00eatre <strong>choisi librement<\/strong> par la personne qui l\u2019utilise.<br>\ud83d\udd39 Il doit <strong>avoir une signification personnelle<\/strong> et \u00eatre en lien avec l\u2019\u00e9motion ou la situation v\u00e9cue.<br>\ud83d\udd39 Il peut \u00eatre <strong>concret<\/strong> (une pierre, un jouet, une carte\u2026) ou <strong>immat\u00e9riel<\/strong> (un geste, un dessin, une phrase\u2026).<\/p>\n\n\n\n<hr class=\"wp-block-separator has-alpha-channel-opacity\"\/>\n\n\n\n<h4 class=\"wp-block-heading\"><strong>3\ufe0f\u20e3  Types d\u2019objets symboliques et leurs usages<\/strong><\/h4>\n\n\n\n<ol class=\"wp-block-list\">\n<li>\u2728 <strong>Les objets pour repr\u00e9senter une \u00e9motion: <\/strong>ces objets servent \u00e0 <strong>donner une forme concr\u00e8te aux \u00e9motions<\/strong>, aidant ainsi \u00e0 les exprimer plus facilement.<br>\ud83e\uddf8 <strong>Une peluche<\/strong> \u2192 Besoin de r\u00e9confort<br>\ud83d\udc8e <strong>Une pierre<\/strong> \u2192 Un fardeau, un poids \u00e9motionnel<br>\ud83d\udd25 <strong>Une bougie<\/strong> \u2192 La col\u00e8re, l\u2019\u00e9nergie, la lumi\u00e8re int\u00e9rieure<br>\ud83c\udf88 <strong>Un ballon<\/strong> \u2192 L\u2019espoir, la l\u00e9g\u00e8ret\u00e9, la joie<br><strong>Exemple<\/strong> : Une personne qui se sent oppress\u00e9e peut choisir une corde nou\u00e9e pour repr\u00e9senter sa tension int\u00e9rieure.<br><\/li>\n\n\n\n<li>\u2728 <strong>Les objets pour repr\u00e9senter une relation:<\/strong> ces objets permettent de <strong>visualiser le lien<\/strong> entre deux personnes et de mieux comprendre la dynamique de la relation.<br>\ud83c\udf97\ufe0f <strong>Une \u00e9charpe<\/strong> \u2192 Le lien entre deux personnes (relation parent-enfant, couple, amiti\u00e9\u2026)<br>\ud83e\udea2 <strong>Une corde<\/strong> \u2192 Une relation qui peut \u00eatre tendue ou rel\u00e2ch\u00e9e<br>\ud83c\udf09 <strong>Un pont en papier<\/strong> \u2192 La connexion entre deux personnes qui peut \u00eatre renforc\u00e9e ou d\u00e9truite <strong>Exemple<\/strong> : Dans une relation tendue, une corde peut \u00eatre utilis\u00e9e pour symboliser que <strong>l\u2019un tire trop fort dessus<\/strong> (demande trop) et que l\u2019autre risque de l\u00e2cher (s\u2019\u00e9puiser).<br><\/li>\n\n\n\n<li>\u2728 Les objets pour g\u00e9rer un conflit: ces objets permettent de <strong>prendre du recul sur une dispute<\/strong> et d\u2019\u00e9viter les accusations directes.<br>\ud83e\udea8 <strong>Un caillou<\/strong> \u2192 Une blessure, une douleur<br>\ud83c\udfad <strong>Un masque<\/strong> \u2192 Une fausse apparence dans une relation<br>\ud83d\udce6 <strong>Une bo\u00eete<\/strong> \u2192 Une \u00e9motion refoul\u00e9e, un non-dit \u00e0 ouvrir<br><strong>Exemple<\/strong> : Dans une dispute de couple, chacun peut choisir un objet pour symboliser ce qui le blesse, sans accuser directement l\u2019autre.<br><\/li>\n\n\n\n<li>\u2728 <strong>Les objets pour marquer un changement ou une transition:<\/strong> ils sont utilis\u00e9s pour aider \u00e0 <strong>tourner une page, symboliser une \u00e9volution<\/strong>.<br>\ud83c\udf42 <strong>Une feuille morte<\/strong> \u2192 Le pass\u00e9, quelque chose \u00e0 laisser partir<br>\ud83d\udcd6 <strong>Un carnet<\/strong> \u2192 Une nouvelle histoire, un nouveau d\u00e9part<br>\ud83d\udd11 <strong>Une cl\u00e9<\/strong> \u2192 L\u2019ouverture \u00e0 une autre \u00e9tape<br><strong>Exemple<\/strong> : Lorsqu\u2019un enfant doit changer d\u2019\u00e9cole, il peut d\u00e9poser un objet dans une \u00ab\u00a0bo\u00eete \u00e0 souvenirs\u00a0\u00bb pour symboliser <strong>ce qu\u2019il garde et ce qu\u2019il laisse derri\u00e8re lui<\/strong>.<\/li>\n<\/ol>\n\n\n\n<hr class=\"wp-block-separator has-alpha-channel-opacity\"\/>\n\n\n\n<h4 class=\"wp-block-heading\">4\ufe0f\u20e3  <strong>Applications concr\u00e8tes des objets symboliques<\/strong>:<\/h4>\n\n\n\n<ul class=\"wp-block-list\">\n<li><strong>\ud83d\udc68\u200d\ud83d\udc69\u200d\ud83d\udc67 En famille<\/strong><\/li>\n<\/ul>\n\n\n\n<p>\ud83d\udccc Lors d\u2019un dialogue parent-enfant, l\u2019enfant peut choisir un objet qui <strong>repr\u00e9sente ce qu\u2019il ressent<\/strong> et l\u2019expliquer. Cela aide \u00e0 <strong>exprimer des \u00e9motions sans crainte<\/strong>.<br>\ud83d\udccc En cas de dispute entre fr\u00e8res et s\u0153urs, chacun peut <strong>choisir un objet pour exprimer son ressenti<\/strong>, sans passer par l\u2019accusation directe.<\/p>\n\n\n\n<ul class=\"wp-block-list\">\n<li><strong>\ud83c\udfeb Avec les enfants ou en classe<\/strong><\/li>\n<\/ul>\n\n\n\n<p>\ud83d\udccc Un enseignant peut demander aux \u00e9l\u00e8ves de choisir un objet pour <strong>exprimer leur humeur du jour<\/strong>.<br>\ud83d\udccc Pour <strong>g\u00e9rer un conflit entre \u00e9l\u00e8ves<\/strong>, chaque enfant peut <strong>poser un objet symbolisant son ressenti<\/strong>, ce qui permet d\u2019en discuter avec plus de recul.<\/p>\n\n\n\n<ul class=\"wp-block-list\">\n<li><strong>\ud83e\udde0 En th\u00e9rapie ou en coaching<\/strong><\/li>\n<\/ul>\n\n\n\n<p>\ud83d\udccc Un th\u00e9rapeute peut demander \u00e0 une personne de <strong>choisir un objet symbolique<\/strong> pour parler de son pass\u00e9, d\u2019un souvenir ou d\u2019un traumatisme.<br>\ud83d\udccc Pour <strong>travailler sur l\u2019estime de soi<\/strong>, une personne peut choisir un objet <strong>qui la repr\u00e9sente positivement<\/strong> et l\u2019utiliser comme ancrage dans son quotidien.<\/p>\n\n\n\n<hr class=\"wp-block-separator has-alpha-channel-opacity\"\/>\n\n\n\n<div class=\"wp-block-columns is-layout-flex wp-container-core-columns-is-layout-9d6595d7 wp-block-columns-is-layout-flex\">\n<div class=\"wp-block-column is-layout-flow wp-block-column-is-layout-flow\">\n<h2 class=\"wp-block-heading\">Objectif(s) d&rsquo;utilisation<\/h2>\n\n\n\n<ul class=\"wp-block-list\">\n<li>\u2728 <strong>Faciliter l&rsquo;expression \u00e9motionnelle<\/strong>: exprimer ce qui est ressenti sans avoir \u00e0 trouver imm\u00e9diatement les mots justes.<\/li>\n\n\n\n<li>\ud83e\uddd8 <strong>Cr\u00e9er une prise de distance \u00e9motionnelle<\/strong>: l\u2019objet permet de sortir l\u2019\u00e9motion de soi et de la regarder sous un autre angle. Il aide \u00e0 \u00e9viter les d\u00e9bordements \u00e9motionnels et \u00e0 mieux g\u00e9rer les tensions.<\/li>\n\n\n\n<li>\ud83d\udce2 <strong>Structurer la communication<\/strong>: l&rsquo;objet aide \u00e0 organiser les \u00e9changes et \u00e0 rendre plus visibles les interactions entre les personnes.<\/li>\n<\/ul>\n<\/div>\n\n\n\n<div class=\"wp-block-column is-layout-flow wp-block-column-is-layout-flow\">\n<h2 class=\"wp-block-heading\">Variantes &#8211; am\u00e9nagement<\/h2>\n\n\n\n<p>\ud83d\udcda <strong>Formation<\/strong> : Bien qu&rsquo;il soit possible d&rsquo;utiliser l\u2019\u00e9charpe relationnelle apr\u00e8s une br\u00e8ve introduction, il est recommand\u00e9 de suivre une <strong>formation compl\u00e8te<\/strong> \u00e0 la m\u00e9thode ESPERE\u00ae pour en ma\u00eetriser tous les aspects et en tirer pleinement profit. Une telle formation permet aux professionnels d&rsquo;int\u00e9grer cette approche dans leur pratique quotidienne, pour une meilleure gestion des \u00e9changes et des relations interpersonnelles.<\/p>\n<\/div>\n<\/div>\n\n\n\n<p>Des outils \u00e0 nous partager ? <a href=\"https:\/\/api-lux.be\/index.php\/contact\/\">Cliquez ici<\/a><\/p>\n","protected":false},"excerpt":{"rendered":"<p>\ud83e\uddd1\u200d\u2695\ufe0f Outil professionnel d\u2019accompagnement sp\u00e9cialis\u00e9&nbsp; &#8211; La M\u00e9thode ESPERE\u00ae utilise des objets symboliques souvent appel\u00e9s \u00a0\u00bbrepr\u00e9sentations visuelles\u00a0\u00bb, pour aider les participants \u00e0 exprimer et \u00e0 comprendre leur \u00e9motions, leurs besoins, [&hellip;]<\/p>\n","protected":false},"author":6,"featured_media":0,"comment_status":"closed","ping_status":"closed","sticky":false,"template":"","format":"standard","meta":{"iawp_total_views":41,"footnotes":""},"categories":[28,4,22,27,14,9,5,8,12,25,16],"tags":[],"class_list":["post-4135","post","type-post","status-publish","format-standard","hentry","category-autonomie-et-responsabilisation","category-besoins","category-besoins-cognitifs","category-besoins-daccomplissement","category-besoins-dappartenance","category-besoins-de-securite","category-besoins-physiologiques","category-bien-etre","category-cadre-et-limites","category-materiel-specifique","category-vie-affective"],"_links":{"self":[{"href":"https:\/\/api-lux.be\/index.php\/wp-json\/wp\/v2\/posts\/4135","targetHints":{"allow":["GET"]}}],"collection":[{"href":"https:\/\/api-lux.be\/index.php\/wp-json\/wp\/v2\/posts"}],"about":[{"href":"https:\/\/api-lux.be\/index.php\/wp-json\/wp\/v2\/types\/post"}],"author":[{"embeddable":true,"href":"https:\/\/api-lux.be\/index.php\/wp-json\/wp\/v2\/users\/6"}],"replies":[{"embeddable":true,"href":"https:\/\/api-lux.be\/index.php\/wp-json\/wp\/v2\/comments?post=4135"}],"version-history":[{"count":7,"href":"https:\/\/api-lux.be\/index.php\/wp-json\/wp\/v2\/posts\/4135\/revisions"}],"predecessor-version":[{"id":7639,"href":"https:\/\/api-lux.be\/index.php\/wp-json\/wp\/v2\/posts\/4135\/revisions\/7639"}],"wp:attachment":[{"href":"https:\/\/api-lux.be\/index.php\/wp-json\/wp\/v2\/media?parent=4135"}],"wp:term":[{"taxonomy":"category","embeddable":true,"href":"https:\/\/api-lux.be\/index.php\/wp-json\/wp\/v2\/categories?post=4135"},{"taxonomy":"post_tag","embeddable":true,"href":"https:\/\/api-lux.be\/index.php\/wp-json\/wp\/v2\/tags?post=4135"}],"curies":[{"name":"wp","href":"https:\/\/api.w.org\/{rel}","templated":true}]}}