{"id":4116,"date":"2025-03-31T11:46:23","date_gmt":"2025-03-31T09:46:23","guid":{"rendered":"https:\/\/api-lux.be\/?p=4116"},"modified":"2025-07-01T13:15:28","modified_gmt":"2025-07-01T11:15:28","slug":"les-batons-de-parole","status":"publish","type":"post","link":"https:\/\/api-lux.be\/index.php\/2025\/03\/31\/les-batons-de-parole\/","title":{"rendered":"M\u00e9thode E.S.P.E.R.E.\u00ae &#8211; Les b\u00e2tons de parole"},"content":{"rendered":"\n<div class=\"wp-block-columns is-layout-flex wp-container-core-columns-is-layout-9d6595d7 wp-block-columns-is-layout-flex\">\n<div class=\"wp-block-column is-layout-flow wp-block-column-is-layout-flow\">\n<figure class=\"wp-block-image size-full is-resized\"><img loading=\"lazy\" decoding=\"async\" width=\"400\" height=\"647\" src=\"https:\/\/api-lux.be\/wp-content\/uploads\/2025\/03\/La-Methode-ESPERE.jpg\" alt=\"\" class=\"wp-image-4122\" style=\"width:214px;height:auto\" srcset=\"https:\/\/api-lux.be\/wp-content\/uploads\/2025\/03\/La-Methode-ESPERE.jpg 400w, https:\/\/api-lux.be\/wp-content\/uploads\/2025\/03\/La-Methode-ESPERE-185x300.jpg 185w\" sizes=\"auto, (max-width: 400px) 100vw, 400px\" \/><\/figure>\n<\/div>\n\n\n\n<div class=\"wp-block-column is-layout-flow wp-block-column-is-layout-flow\">\n<p>\ud83e\uddd1\u200d\u2695\ufe0f <strong>Outil professionnel d\u2019accompagnement sp\u00e9cialis\u00e9<\/strong>&nbsp; &#8211; Lors d&rsquo;une conversation \u00e0 deux ou plus, lors d&rsquo;une r\u00e9union ou d&rsquo;un groupe de formation,&nbsp;<strong>le b\u00e2ton de parole sert \u00e0 r\u00e9guler la prise de parole et sa circulation<\/strong>. Celui qui s&rsquo;en saisit prend la parole et la garde jusqu&rsquo;au bout de son propos sans \u00eatre interrompu.<\/p>\n\n\n\n<!--more-->\n\n\n\n<h2 class=\"wp-block-heading\">\u00c2ge cible<\/h2>\n\n\n\n<p>De 0 \u00e0 23 ans.<\/p>\n<\/div>\n<\/div>\n\n\n\n<p>La <strong>M\u00e9thode ESPERE\u00ae<\/strong> (\u00c9nergie Sp\u00e9cifique Pour une \u00c9cologie Relationnelle Essentielle) de Jacques Salom\u00e9, est une approche qui permet de <strong>mieux comprendre et am\u00e9liorer nos relations<\/strong> gr\u00e2ce \u00e0 des outils simples et concrets.<br><strong>Jacques Salom\u00e9<\/strong> est un <strong>psychosociologue, \u00e9crivain et formateur fran\u00e7ais<\/strong>, n\u00e9 en 1935. Il est surtout connu pour ses travaux en <strong>communication interpersonnelle<\/strong>, notamment dans les domaines de la famille, du couple, de l\u2019\u00e9ducation et du d\u00e9veloppement personnel.<\/p>\n\n\n\n<p>Il a cr\u00e9\u00e9 la m\u00e9thode <strong>ESPERE\u00ae<\/strong> (\u00c9nergie Sp\u00e9cifique Pour une \u00c9cologie Relationnelle Essentielle), qui propose des outils concrets pour mieux g\u00e9rer les relations humaines et pr\u00e9venir les conflits en favorisant une communication claire, respectueuse et responsable.<\/p>\n\n\n\n<p>\ud83d\udccc <strong>Quelques principes cl\u00e9s de la M\u00e9thode ESPERE\u00ae<\/strong> :<\/p>\n\n\n\n<ul class=\"wp-block-list\">\n<li><strong><a href=\"https:\/\/api-lux.be\/index.php\/2025\/02\/14\/lecharpe-relationnelle-de-la-methode-e-s-p-e-r-e-jacques-salome\/\" target=\"_blank\" rel=\"noreferrer noopener\">L\u2019\u00e9charpe relationnelle<\/a><\/strong> \ud83c\udf97\ufe0f : outil symbolique qui repr\u00e9sente le lien entre deux personnes et montre que chaque individu est responsable de sa part dans la relation.<\/li>\n\n\n\n<li><a href=\"https:\/\/api-lux.be\/index.php\/2025\/03\/31\/methode-e-s-p-e-r-e-lecharpe-relationnelle\/\" data-type=\"link\" data-id=\"https:\/\/api-lux.be\/index.php\/2025\/03\/31\/methode-e-s-p-e-r-e-lecharpe-relationnelle\/\" target=\"_blank\" rel=\"noreferrer noopener\"><strong>Les objets symboliques<\/strong> \ud83c\udfe1\ud83c\udfad :<\/a> aident \u00e0 mieux exprimer ses \u00e9motions et \u00e0 clarifier les situations relationnelles.<\/li>\n\n\n\n<li><strong>Le principe de non-toxicit\u00e9 relationnelle<\/strong> \ud83d\udeab : \u00e9viter la violence verbale, le non-respect et les relations toxiques.<\/li>\n<\/ul>\n\n\n\n<p>Cette m\u00e9thode est particuli\u00e8rement utile pour am\u00e9liorer la communication en famille, en couple, avec les enfants, ou m\u00eame dans un cadre professionnel.<\/p>\n\n\n\n<hr class=\"wp-block-separator has-alpha-channel-opacity\"\/>\n\n\n\n<h4 class=\"wp-block-heading\">1\ufe0f\u20e3  Qu\u2019est-ce que les b\u00e2tons de parole ?<\/h4>\n\n\n\n<p>Les b\u00e2tons de parole sont des <strong>objets symboliques<\/strong> utilis\u00e9s dans une conversation ou un \u00e9change pour permettre \u00e0 chaque personne de prendre la parole <strong>\u00e0 son tour<\/strong>. L\u2019id\u00e9e est d\u2019\u00e9viter les interruptions, de cr\u00e9er un moment d\u2019\u00e9coute active et de garantir \u00e0 chacun un espace pour exprimer ses id\u00e9es et ses \u00e9motions.<\/p>\n\n\n\n<p><strong>Principe de base<\/strong> : Le b\u00e2ton est donn\u00e9 \u00e0 une personne, et tant qu&rsquo;elle le d\u00e9tient, elle est la seule \u00e0 pouvoir parler. Lorsque cette personne a termin\u00e9, elle passe le b\u00e2ton \u00e0 l\u2019autre, et ainsi de suite..<\/p>\n\n\n\n<hr class=\"wp-block-separator has-alpha-channel-opacity\"\/>\n\n\n\n<h4 class=\"wp-block-heading\"><strong>2\ufe0f\u20e3  Fonctionnement des b\u00e2tons de parole<\/strong><\/h4>\n\n\n\n<ol class=\"wp-block-list\">\n<li>\u2728 <strong>Prendre la parole \u00e0 tour de r\u00f4le<\/strong>: les b\u00e2tons de parole instaurent un syst\u00e8me o\u00f9 <strong>chacun attend son tour<\/strong> pour s\u2019exprimer. Cela permet d&rsquo;\u00e9viter les <strong>interruptions<\/strong> et d&rsquo;assurer que chaque personne ait <strong>le temps d&rsquo;exprimer ses pens\u00e9es<\/strong> sans se sentir coup\u00e9e.<br><br><strong>Exemple<\/strong> : Lors d\u2019une discussion en famille, un membre de la famille tient le b\u00e2ton et parle de son ressenti sans \u00eatre interrompu. Quand il a fini, il passe le b\u00e2ton \u00e0 quelqu&rsquo;un d&rsquo;autre qui a alors la parole.<br><\/li>\n\n\n\n<li>\u2728 <strong>Encourager l\u2019\u00e9coute active<\/strong>: le b\u00e2ton permet aussi de favoriser l&rsquo;<strong>\u00e9coute active<\/strong>. Celui qui tient le b\u00e2ton est \u00e9cout\u00e9 de mani\u00e8re totale, et l\u2019autre personne doit \u00eatre attentive \u00e0 ce qui est dit, sans pr\u00e9paration de r\u00e9ponse imm\u00e9diate. Cela permet une meilleure <strong>compr\u00e9hension mutuelle<\/strong> et \u00e9vite les malentendus.<br><br><strong>Exemple<\/strong> : Lorsqu&rsquo;un enfant parle de ses \u00e9motions, il peut se sentir \u00e9cout\u00e9 pleinement sans que son parent ne lui r\u00e9ponde imm\u00e9diatement. Cela lui donne un sentiment de <strong>valorisation<\/strong>.<br><\/li>\n\n\n\n<li>\u2728 <strong>Respecter le temps de parole<\/strong>: chaque personne a un <strong>temps de parole \u00e9quitable<\/strong>. Cela permet d\u2019\u00e9viter que certaines voix dominent la discussion et que d&rsquo;autres se sentent exclues ou non \u00e9cout\u00e9es.<br><br><strong>Exemple<\/strong> : Lors d\u2019une r\u00e9union, un membre qui tend \u00e0 monopoliser la parole sera limit\u00e9 par le b\u00e2ton, ce qui permet de <strong>r\u00e9\u00e9quilibrer<\/strong> la conversation.<\/li>\n<\/ol>\n\n\n\n<hr class=\"wp-block-separator has-alpha-channel-opacity\"\/>\n\n\n\n<h4 class=\"wp-block-heading\"><strong>3\ufe0f\u20e3  Utilisations pratiques des b\u00e2tons de parole :<\/strong><\/h4>\n\n\n\n<ol class=\"wp-block-list\">\n<li>\u2728 <strong>En famille<\/strong> : lors d&rsquo;une dispute ou d\u2019une conversation importante, chacun peut prendre son tour pour parler sans \u00eatre interrompu, ce qui peut r\u00e9duire les tensions et favoriser des \u00e9changes plus sereins.<br><\/li>\n\n\n\n<li>\u2728<strong>En groupe<\/strong> : utiliser les b\u00e2tons de parole permet de g\u00e9rer une discussion de groupe en s\u2019assurant que chaque membre puisse s\u2019exprimer sans \u00eatre coup\u00e9. Cela rend la communication plus <strong>fluide<\/strong> et <strong>organis\u00e9e<\/strong>.<br><\/li>\n\n\n\n<li>\u2728 <strong>Avec les enfants<\/strong> : les b\u00e2tons de parole sont un excellent moyen d\u2019aider les enfants \u00e0 <strong>apprendre \u00e0 exprimer leurs id\u00e9es et \u00e9motions<\/strong>. Cela leur enseigne \u00e9galement l\u2019importance de l\u2019\u00e9coute.<\/li>\n<\/ol>\n\n\n\n<hr class=\"wp-block-separator has-alpha-channel-opacity\"\/>\n\n\n\n<h4 class=\"wp-block-heading\"><strong>4\ufe0f\u20e3<\/strong>  <strong>Comment cr\u00e9er un b\u00e2ton de parole ?<\/strong><\/h4>\n\n\n\n<p>Tu n\u2019as pas besoin de mat\u00e9riel compliqu\u00e9 pour un b\u00e2ton de parole. Un simple <strong>b\u00e2ton en bois<\/strong>, une <strong>paille d\u00e9cor\u00e9e<\/strong>, ou m\u00eame un objet symbolique (comme une <strong>peluche<\/strong>, une <strong>figurine<\/strong>, ou un <strong>objet personnel<\/strong>) peut faire office de b\u00e2ton. L\u2019important est que cet objet repr\u00e9sente <strong>le respect de la parole<\/strong> de l\u2019autre.<\/p>\n\n\n\n<hr class=\"wp-block-separator has-alpha-channel-opacity\"\/>\n\n\n\n<div class=\"wp-block-columns is-layout-flex wp-container-core-columns-is-layout-9d6595d7 wp-block-columns-is-layout-flex\">\n<div class=\"wp-block-column is-layout-flow wp-block-column-is-layout-flow\">\n<h2 class=\"wp-block-heading\">Objectif(s) d&rsquo;utilisation<\/h2>\n\n\n\n<ul class=\"wp-block-list\">\n<li>\ud83d\udc42<strong>Favorise l\u2019\u00e9coute active et le respect mutuel<\/strong> : en ne coupant pas l&rsquo;autre, on lui montre qu&rsquo;on lui accorde de l&rsquo;importance.<\/li>\n\n\n\n<li>\u274c <strong>\u00c9vite les conflits li\u00e9s aux interruptions<\/strong> : Dans les discussions, notamment lors de d\u00e9saccords, le b\u00e2ton permet de <strong>canaliser l&rsquo;\u00e9change<\/strong> et d\u2019\u00e9viter de parler en m\u00eame temps.<\/li>\n\n\n\n<li>\u2696\ufe0f <strong>\u00c9quilibre la prise de parole<\/strong> : Chaque personne a un temps pour s\u2019exprimer, ce qui \u00e9vite les discussions d\u00e9s\u00e9quilibr\u00e9es o\u00f9 certaines personnes ne peuvent pas dire ce qu&rsquo;elles pensent.<\/li>\n\n\n\n<li>\ud83d\udde3\ufe0f <strong>Encourage \u00e0 parler en toute s\u00e9curit\u00e9<\/strong> : Lorsqu&rsquo;une personne tient le b\u00e2ton, elle sait qu&rsquo;elle est \u00e9cout\u00e9e, ce qui cr\u00e9e un espace <strong>s\u00e9curisant pour l&rsquo;expression des \u00e9motions<\/strong>.<\/li>\n\n\n\n<li>\u23f3<strong>Renforce la patience et la r\u00e9flexion<\/strong> : Chacun doit attendre son tour pour parler, ce qui aide \u00e0 r\u00e9fl\u00e9chir avant de r\u00e9pondre, favorisant des \u00e9changes plus r\u00e9fl\u00e9chis et mesur\u00e9s.<\/li>\n<\/ul>\n<\/div>\n\n\n\n<div class=\"wp-block-column is-layout-flow wp-block-column-is-layout-flow\">\n<h2 class=\"wp-block-heading\">Liens utiles<\/h2>\n\n\n\n<p>\ud83c\udf10 <strong>SITE OFFICIEL: <\/strong><br><a href=\"https:\/\/www.j-salome.com\/espere\" target=\"_blank\" rel=\"noreferrer noopener\">https:\/\/www.j-salome.com\/espere<\/a><br><br>\ud83c\udfa5 <strong>VIDEO youtube (1:59)<\/strong>: Qu&rsquo;est ce que la M\u00e9thode E.S.P.E.R.E ? Par Sandrine DELUZ (pour Medoucine) :<a href=\"https:\/\/www.youtube.com\/watch?v=lqhieTRfnkE\" target=\"_blank\" rel=\"noreferrer noopener\">https:\/\/www.youtube.com\/watch?v=lqhieTRfnkE<\/a><\/p>\n\n\n\n<p>\ud83d\udcc4 <strong>ARTICLE <\/strong>de l&rsquo;institut ESPERE : <a href=\"https:\/\/www.institut-espere.com\/methode-espere-23-le-baton-de-parole.php#:~:text=La%20M%C3%A9thode%20ESPERE%C2%AE&amp;text=Celui%20qui%20s'en%20saisit,veut%20parler%20%C3%A0%20son%20tour.\" data-type=\"link\" data-id=\"https:\/\/www.institut-espere.com\/methode-espere-23-le-baton-de-parole.php#:~:text=La%20M%C3%A9thode%20ESPERE%C2%AE&amp;text=Celui%20qui%20s'en%20saisit,veut%20parler%20%C3%A0%20son%20tour.\"> <\/a><br><a href=\"https:\/\/www.institut-espere.com\/methode-espere-23-le-baton-de-parole.php#:~:text=La%20M%C3%A9thode%20ESPERE%C2%AE&amp;text=Celui%20qui%20s'en%20saisit,veut%20parler%20%C3%A0%20son%20tour.\" data-type=\"link\" data-id=\"https:\/\/www.institut-espere.com\/methode-espere-23-le-baton-de-parole.php#:~:text=La%20M%C3%A9thode%20ESPERE%C2%AE&amp;text=Celui%20qui%20s'en%20saisit,veut%20parler%20%C3%A0%20son%20tour.\" target=\"_blank\" rel=\"noreferrer noopener\">Le b\u00e2ton de parole<\/a><br><\/p>\n\n\n\n<h2 class=\"wp-block-heading\">Variantes &#8211; am\u00e9nagement<\/h2>\n\n\n\n<p>\ud83d\udcda <strong>Formation<\/strong> : Il est recommand\u00e9 de suivre une <strong>formation compl\u00e8te<\/strong> \u00e0 la m\u00e9thode ESPERE\u00ae pour en ma\u00eetriser tous les aspects et en tirer pleinement profit. Une telle formation permet aux professionnels d&rsquo;int\u00e9grer cette approche dans leur pratique quotidienne, pour une meilleure gestion des \u00e9changes et des relations interpersonnelles.<\/p>\n<\/div>\n<\/div>\n\n\n\n<p>Des outils \u00e0 nous partager ?&nbsp;<a href=\"https:\/\/api-lux.be\/index.php\/contact\/\">Cliquez ici<\/a><\/p>\n","protected":false},"excerpt":{"rendered":"<p>\ud83e\uddd1\u200d\u2695\ufe0f Outil professionnel d\u2019accompagnement sp\u00e9cialis\u00e9&nbsp; &#8211; Lors d&rsquo;une conversation \u00e0 deux ou plus, lors d&rsquo;une r\u00e9union ou d&rsquo;un groupe de formation,&nbsp;le b\u00e2ton de parole sert \u00e0 r\u00e9guler la prise de [&hellip;]<\/p>\n","protected":false},"author":6,"featured_media":0,"comment_status":"closed","ping_status":"closed","sticky":false,"template":"","format":"standard","meta":{"iawp_total_views":10,"footnotes":""},"categories":[28,4,22,27,9,12,25],"tags":[],"class_list":["post-4116","post","type-post","status-publish","format-standard","hentry","category-autonomie-et-responsabilisation","category-besoins","category-besoins-cognitifs","category-besoins-daccomplissement","category-besoins-de-securite","category-cadre-et-limites","category-materiel-specifique"],"_links":{"self":[{"href":"https:\/\/api-lux.be\/index.php\/wp-json\/wp\/v2\/posts\/4116","targetHints":{"allow":["GET"]}}],"collection":[{"href":"https:\/\/api-lux.be\/index.php\/wp-json\/wp\/v2\/posts"}],"about":[{"href":"https:\/\/api-lux.be\/index.php\/wp-json\/wp\/v2\/types\/post"}],"author":[{"embeddable":true,"href":"https:\/\/api-lux.be\/index.php\/wp-json\/wp\/v2\/users\/6"}],"replies":[{"embeddable":true,"href":"https:\/\/api-lux.be\/index.php\/wp-json\/wp\/v2\/comments?post=4116"}],"version-history":[{"count":9,"href":"https:\/\/api-lux.be\/index.php\/wp-json\/wp\/v2\/posts\/4116\/revisions"}],"predecessor-version":[{"id":7640,"href":"https:\/\/api-lux.be\/index.php\/wp-json\/wp\/v2\/posts\/4116\/revisions\/7640"}],"wp:attachment":[{"href":"https:\/\/api-lux.be\/index.php\/wp-json\/wp\/v2\/media?parent=4116"}],"wp:term":[{"taxonomy":"category","embeddable":true,"href":"https:\/\/api-lux.be\/index.php\/wp-json\/wp\/v2\/categories?post=4116"},{"taxonomy":"post_tag","embeddable":true,"href":"https:\/\/api-lux.be\/index.php\/wp-json\/wp\/v2\/tags?post=4116"}],"curies":[{"name":"wp","href":"https:\/\/api.w.org\/{rel}","templated":true}]}}