{"id":4111,"date":"2025-03-31T11:22:17","date_gmt":"2025-03-31T09:22:17","guid":{"rendered":"https:\/\/api-lux.be\/?p=4111"},"modified":"2025-07-01T13:16:04","modified_gmt":"2025-07-01T11:16:04","slug":"grilles-dobservations","status":"publish","type":"post","link":"https:\/\/api-lux.be\/index.php\/2025\/03\/31\/grilles-dobservations\/","title":{"rendered":"Grilles d&rsquo;observations"},"content":{"rendered":"\n<div class=\"wp-block-columns is-layout-flex wp-container-core-columns-is-layout-9d6595d7 wp-block-columns-is-layout-flex\">\n<div class=\"wp-block-column is-layout-flow wp-block-column-is-layout-flow\">\n<figure class=\"wp-block-image size-full is-resized\"><img loading=\"lazy\" decoding=\"async\" width=\"449\" height=\"112\" src=\"https:\/\/api-lux.be\/wp-content\/uploads\/2025\/03\/image_2025-03-31_112732073.png\" alt=\"\" class=\"wp-image-4117\" style=\"width:348px;height:auto\" srcset=\"https:\/\/api-lux.be\/wp-content\/uploads\/2025\/03\/image_2025-03-31_112732073.png 449w, https:\/\/api-lux.be\/wp-content\/uploads\/2025\/03\/image_2025-03-31_112732073-300x75.png 300w\" sizes=\"auto, (max-width: 449px) 100vw, 449px\" \/><\/figure>\n<\/div>\n\n\n\n<div class=\"wp-block-column is-layout-flow wp-block-column-is-layout-flow\">\n<p>\ud83e\uddd1\u200d\u2695\ufe0f <strong>Outil professionnel d\u2019accompagnement sp\u00e9cialis\u00e9&nbsp;<\/strong>&#8211; Un outil pour structurer l\u2019observation des jeunes, afin de mieux comprendre leurs besoins et ajuster l\u2019accompagnement.<\/p>\n\n\n\n<h2 class=\"wp-block-heading\">Age cible (pour qui)<\/h2>\n\n\n\n<p>De 0 \u00e0 23 ans<\/p>\n<\/div>\n<\/div>\n\n\n\n<h2 class=\"wp-block-heading\">Descriptif de l&rsquo;outil<\/h2>\n\n\n\n<p>\ud83d\udc76\ud83e\uddd1 <strong>Qu&rsquo;est-ce que c&rsquo;est ?<\/strong><br>Les grilles d\u2019observation sont des outils permettant de recueillir des informations pr\u00e9cises et structur\u00e9es sur le comportement, les \u00e9motions et les besoins d\u2019un jeune. Elles servent de support pour guider l\u2019analyse des professionnels, afin d&rsquo;ajuster l\u2019accompagnement et la prise en charge de mani\u00e8re plus efficace.<\/p>\n\n\n\n<p>\ud83d\udca1 <strong>Pourquoi c&rsquo;est important ?<\/strong><br>Les grilles d\u2019observation offrent une m\u00e9thode objective et d\u00e9taill\u00e9e pour observer les jeunes de mani\u00e8re syst\u00e9matique. Elles permettent de rep\u00e9rer des tendances ou des \u00e9volutions dans les comportements, facilitant ainsi l\u2019adaptation continue de l\u2019accompagnement. Ces grilles apportent aussi une vision partag\u00e9e et coh\u00e9rente entre les diff\u00e9rents acteurs \u00e9ducatifs, contribuant \u00e0 un suivi plus global et pertinent.<\/p>\n\n\n\n<p>\ud83d\udcca <strong>Comment \u00e7a fonctionne ?<\/strong><\/p>\n\n\n\n<ul class=\"wp-block-list\">\n<li>\ud83d\udccb <strong>Structuration de l\u2019observation<\/strong> : Chaque grille d\u2019observation contient des cat\u00e9gories sp\u00e9cifiques, telles que les comportements, les interactions sociales, les \u00e9motions, les comp\u00e9tences, etc.<\/li>\n\n\n\n<li>\ud83e\udde0 <strong>Analyse syst\u00e9matique<\/strong> : L\u2019observateur peut remplir la grille de mani\u00e8re r\u00e9guli\u00e8re, en notant les comportements et \u00e9volutions observ\u00e9s, ce qui permet d\u2019identifier des changements ou des besoins r\u00e9currents.<\/li>\n\n\n\n<li>\ud83d\udd04 <strong>Ajustement de l\u2019accompagnement<\/strong> : Les informations collect\u00e9es sont ensuite utilis\u00e9es pour ajuster l\u2019accompagnement en fonction des besoins du jeune, en concertation avec l\u2019ensemble des acteurs \u00e9ducatifs.<\/li>\n\n\n\n<li>\ud83d\udcda <strong>Partage et suivi<\/strong> : Les grilles permettent de cr\u00e9er un historique de l\u2019\u00e9volution du jeune, facilitant le suivi et la prise de d\u00e9cision \u00e9ducative. Elles peuvent aussi \u00eatre partag\u00e9es entre professionnels pour une coh\u00e9rence maximale dans l\u2019intervention.<\/li>\n<\/ul>\n\n\n\n<p>\u26a0\ufe0f <strong>Points d\u2019attention<\/strong> :<\/p>\n\n\n\n<ul class=\"wp-block-list\">\n<li><strong>Objectivit\u00e9<\/strong> : S\u2019assurer que l\u2019observation soit men\u00e9e de mani\u00e8re objective, sans jugement, pour \u00e9viter les biais.<\/li>\n\n\n\n<li><strong>Fr\u00e9quence d\u2019observation<\/strong> : Observer de mani\u00e8re r\u00e9guli\u00e8re, sans \u00eatre excessif, pour garantir la continuit\u00e9 de l\u2019analyse sans envahir le jeune.<\/li>\n\n\n\n<li><strong>Confidentialit\u00e9 et respect de la personne<\/strong> : L\u2019observation doit \u00eatre effectu\u00e9e de mani\u00e8re respectueuse, en prenant en compte la vie priv\u00e9e et l\u2019autonomie du jeune.<\/li>\n<\/ul>\n\n\n\n<div class=\"wp-block-columns is-layout-flex wp-container-core-columns-is-layout-9d6595d7 wp-block-columns-is-layout-flex\">\n<div class=\"wp-block-column is-layout-flow wp-block-column-is-layout-flow\">\n<h2 class=\"wp-block-heading\">Objectif(s) d&rsquo;utilisation<\/h2>\n\n\n\n<p>\u2714\ufe0f <strong>\u00c9valuer de mani\u00e8re structur\u00e9e<\/strong> \ud83d\udcca : Recueillir des informations pr\u00e9cises sur le jeune pour orienter l\u2019accompagnement de mani\u00e8re plus cibl\u00e9e.<\/p>\n\n\n\n<p>\u2714\ufe0f <strong>Faciliter l\u2019adaptation<\/strong> \ud83d\udd04 : Utiliser les r\u00e9sultats des grilles pour ajuster les m\u00e9thodes p\u00e9dagogiques et \u00e9ducatives selon les besoins \u00e9volutifs du jeune.<\/p>\n\n\n\n<p>\u2714\ufe0f <strong>Promouvoir une observation partag\u00e9e<\/strong> \ud83e\udd1d : Assurer une coh\u00e9rence entre les diff\u00e9rents acteurs \u00e9ducatifs (famille, \u00e9cole, professionnels) pour un suivi global et coordonn\u00e9.<\/p>\n\n\n\n<p>\u2714\ufe0f <strong>Renforcer la r\u00e9flexion professionnelle<\/strong> \ud83d\udcad : Offrir aux encadrants une base solide pour r\u00e9fl\u00e9chir \u00e0 l\u2019\u00e9volution du jeune, \u00e0 ses besoins et \u00e0 l\u2019adaptation n\u00e9cessaire de l\u2019accompagnement.<\/p>\n\n\n\n<p>\u2714\ufe0f <strong>Favoriser l&rsquo;autonomie dans l&rsquo;observation<\/strong> \ud83d\ude80 : Impliquer les jeunes dans le processus d\u2019observation en les amenant \u00e0 r\u00e9fl\u00e9chir sur leur propre \u00e9volution et leurs besoins.<\/p>\n<\/div>\n\n\n\n<div class=\"wp-block-column is-layout-flow wp-block-column-is-layout-flow\">\n<h2 class=\"wp-block-heading\">Liens utiles<\/h2>\n\n\n\n<p>Les grilles d\u2019observation sont l\u2019outil #1 des intervenants, \u00e9ducateurs, psycho\u00e9ducateurs et autres professionnels. L\u2019observation est le point de d\u00e9part de toute intervention. Dans cet article propos\u00e9 par <a href=\"https:\/\/blog.creasources.ca\/about\/\" target=\"_blank\" rel=\"noreferrer noopener\">creasources.ca<\/a>, on explore comment construire des grilles d\u2019observation du comportement qui sont efficaces et simples ! <br>Ils proposent quelques mod\u00e8les \u00e0 t\u00e9l\u00e9charger \u00e0 la fin:<br><a href=\"https:\/\/blog.creasources.ca\/guide-ultime-des-grilles-observation\/\" target=\"_blank\" rel=\"noreferrer noopener\"><strong>GUIDE ULTIME DES GRILLES D&rsquo;OBSERVATION<\/strong><\/a><\/p>\n\n\n\n<p>\ud83d\udc1d <strong>Pour compl\u00e9ter, votre notre fiche outil API-Lux<\/strong> &#8211; <strong>ADAPTATION CONTINUE:<\/strong> <a href=\"https:\/\/api-lux.be\/index.php\/2025\/02\/14\/adaptation-continue\/\" target=\"_blank\" rel=\"noreferrer noopener\">https:\/\/apilux.be\/index.php\/2025\/02\/14\/adaptation-continue\/<\/a><\/p>\n<\/div>\n<\/div>\n\n\n\n<div class=\"wp-block-columns is-layout-flex wp-container-core-columns-is-layout-9d6595d7 wp-block-columns-is-layout-flex\">\n<div class=\"wp-block-column is-layout-flow wp-block-column-is-layout-flow\">\n<h2 class=\"wp-block-heading\">Variantes &#8211; am\u00e9nagement<\/h2>\n\n\n\n<p>\ud83d\udccb <strong>Grilles personnalis\u00e9es<\/strong> : Adapter les grilles d\u2019observation en fonction des objectifs sp\u00e9cifiques de chaque jeune (par exemple, en mettant l&rsquo;accent sur des comportements particuliers, comme la gestion des \u00e9motions, l&rsquo;autonomie, ou la socialisation).<\/p>\n\n\n\n<p>\ud83d\udcdd <strong>Observation participative<\/strong> : Encourager le jeune \u00e0 s\u2019impliquer dans l\u2019observation, en lui donnant un moyen simple de s&rsquo;auto\u00e9valuer ou de signaler ses besoins (ex. : un tableau de suivi personnel).<\/p>\n\n\n\n<p>\ud83d\udcc5 <strong>Fr\u00e9quence flexible<\/strong> : Adapter la fr\u00e9quence des observations selon le contexte du jeune. Par exemple, dans des p\u00e9riodes de transition, des observations plus fr\u00e9quentes peuvent \u00eatre n\u00e9cessaires pour ajuster rapidement les interventions.<\/p>\n\n\n\n<p>\ud83c\udfa8 <strong>Observation cr\u00e9ative<\/strong> : Utiliser des outils visuels (tableaux, diagrammes, fiches color\u00e9es) ou des m\u00e9thodes ludiques pour rendre l\u2019observation plus interactive, en particulier avec des jeunes ayant des besoins particuliers.<\/p>\n\n\n\n<p>\ud83c\udf0d <strong>Collaboration entre professionnels<\/strong> : Partager les grilles entre les diff\u00e9rents acteurs \u00e9ducatifs pour assurer une prise en charge coh\u00e9rente et \u00e9clair\u00e9e. Les retours crois\u00e9s permettent d\u2019affiner l\u2019observation et d&rsquo;adapter au mieux les r\u00e9ponses \u00e9ducatives.<\/p>\n<\/div>\n<\/div>\n\n\n\n<p>Des outils \u00e0 nous partager ? <a href=\"https:\/\/api-lux.be\/index.php\/contact\/\">Cliquez ici<\/a><\/p>\n","protected":false},"excerpt":{"rendered":"<p>\ud83e\uddd1\u200d\u2695\ufe0f Outil professionnel d\u2019accompagnement sp\u00e9cialis\u00e9&nbsp;&#8211; Un outil pour structurer l\u2019observation des jeunes, afin de mieux comprendre leurs besoins et ajuster l\u2019accompagnement. Age cible (pour qui) De 0 \u00e0 23 ans [&hellip;]<\/p>\n","protected":false},"author":2,"featured_media":0,"comment_status":"closed","ping_status":"closed","sticky":false,"template":"","format":"standard","meta":{"iawp_total_views":19,"footnotes":""},"categories":[24,4,18,9,5,13,47,20],"tags":[],"class_list":["post-4111","post","type-post","status-publish","format-standard","hentry","category-adaptation-des-apprentissages","category-besoins","category-besoins-destime","category-besoins-de-securite","category-besoins-physiologiques","category-coherence","category-fiches-outils-pour-les-professionnels","category-individualisation"],"_links":{"self":[{"href":"https:\/\/api-lux.be\/index.php\/wp-json\/wp\/v2\/posts\/4111","targetHints":{"allow":["GET"]}}],"collection":[{"href":"https:\/\/api-lux.be\/index.php\/wp-json\/wp\/v2\/posts"}],"about":[{"href":"https:\/\/api-lux.be\/index.php\/wp-json\/wp\/v2\/types\/post"}],"author":[{"embeddable":true,"href":"https:\/\/api-lux.be\/index.php\/wp-json\/wp\/v2\/users\/2"}],"replies":[{"embeddable":true,"href":"https:\/\/api-lux.be\/index.php\/wp-json\/wp\/v2\/comments?post=4111"}],"version-history":[{"count":4,"href":"https:\/\/api-lux.be\/index.php\/wp-json\/wp\/v2\/posts\/4111\/revisions"}],"predecessor-version":[{"id":7641,"href":"https:\/\/api-lux.be\/index.php\/wp-json\/wp\/v2\/posts\/4111\/revisions\/7641"}],"wp:attachment":[{"href":"https:\/\/api-lux.be\/index.php\/wp-json\/wp\/v2\/media?parent=4111"}],"wp:term":[{"taxonomy":"category","embeddable":true,"href":"https:\/\/api-lux.be\/index.php\/wp-json\/wp\/v2\/categories?post=4111"},{"taxonomy":"post_tag","embeddable":true,"href":"https:\/\/api-lux.be\/index.php\/wp-json\/wp\/v2\/tags?post=4111"}],"curies":[{"name":"wp","href":"https:\/\/api.w.org\/{rel}","templated":true}]}}