{"id":3948,"date":"2025-03-28T14:39:31","date_gmt":"2025-03-28T13:39:31","guid":{"rendered":"https:\/\/api-lux.be\/?p=3948"},"modified":"2025-04-24T13:56:45","modified_gmt":"2025-04-24T11:56:45","slug":"gouter-des-familles-dim-6-avril","status":"publish","type":"post","link":"https:\/\/api-lux.be\/index.php\/2025\/03\/28\/gouter-des-familles-dim-6-avril\/","title":{"rendered":"Go\u00fbter des familles \u2013 Dim. 6 avril"},"content":{"rendered":"\n<figure class=\"wp-block-image size-full\"><img loading=\"lazy\" decoding=\"async\" width=\"600\" height=\"400\" src=\"https:\/\/api-lux.be\/wp-content\/uploads\/2025\/03\/Lapin-de-Paques.jpeg\" alt=\"\" class=\"wp-image-3949\" srcset=\"https:\/\/api-lux.be\/wp-content\/uploads\/2025\/03\/Lapin-de-Paques.jpeg 600w, https:\/\/api-lux.be\/wp-content\/uploads\/2025\/03\/Lapin-de-Paques-300x200.jpeg 300w\" sizes=\"auto, (max-width: 600px) 100vw, 600px\" \/><\/figure>\n\n\n\n<p>L\u2019\u00e9quipe de l\u2019ASBL \u00ab&nbsp;Premiers Pas&nbsp;\u00bb a le plaisir de vous convier \u00e0 son \u00ab&nbsp;go\u00fbter des familles&nbsp;\u00bb qui aura lieu&nbsp;<strong>le dimanche 06 avril 2025<\/strong>&nbsp;<strong>de 14h00 \u00e0 17h00.<\/strong><\/p>\n\n\n\n<p>Nous vous accueillerons avec plaisir dans le cadre champ\u00eatre du chapiteau du \u00ab&nbsp;Primordia&nbsp;\u00bb se situant all\u00e9e des H\u00eatres 16, 6880 Tillet (domaine de Beauplateau)<\/p>\n\n\n\n<h5 class=\"wp-block-heading\">Au Programme&nbsp;:<\/h5>\n\n\n\n<ul class=\"wp-block-list\">\n<li><strong>Distribution d\u2019\u0153ufs de P\u00e2ques pour petits et grands<\/strong><\/li>\n\n\n\n<li><strong>Activit\u00e9s bricolage de P\u00e2ques<\/strong><\/li>\n\n\n\n<li><strong>Jeux divers<\/strong><\/li>\n\n\n\n<li><strong>Go\u00fbter<\/strong><\/li>\n<\/ul>\n\n\n\n<figure class=\"wp-block-image\"><img decoding=\"async\" src=\"https:\/\/www.premierspasasbl.be\/wp-content\/uploads\/2025\/03\/Arbre-de-Paques.jpg\" alt=\"\" class=\"wp-image-1406\"\/><\/figure>\n\n\n\n<p>Pour plus de convivialit\u00e9, nous vous demandons d\u2019apporter un go\u00fbter (sucr\u00e9 ou sal\u00e9). Les boissons vous seront offertes.<\/p>\n\n\n\n<p>Nous vous invitons \u00e0 vous inscrire rapidement, cl\u00f4ture des inscriptions le 28 mars 2025. Vous pouvez contacter le service au 061\/27.77.19 ou informer l\u2019intervenante qui vous accompagne.<\/p>\n","protected":false},"excerpt":{"rendered":"<p>L\u2019\u00e9quipe de l\u2019ASBL \u00ab&nbsp;Premiers Pas&nbsp;\u00bb a le plaisir de vous convier \u00e0 son \u00ab&nbsp;go\u00fbter des familles&nbsp;\u00bb qui aura lieu&nbsp;le dimanche 06 avril 2025&nbsp;de 14h00 \u00e0 17h00. Nous vous accueillerons avec [&hellip;]<\/p>\n","protected":false},"author":7,"featured_media":0,"comment_status":"closed","ping_status":"closed","sticky":false,"template":"","format":"standard","meta":{"iawp_total_views":2,"footnotes":""},"categories":[32],"tags":[],"class_list":["post-3948","post","type-post","status-publish","format-standard","hentry","category-actualites"],"_links":{"self":[{"href":"https:\/\/api-lux.be\/index.php\/wp-json\/wp\/v2\/posts\/3948","targetHints":{"allow":["GET"]}}],"collection":[{"href":"https:\/\/api-lux.be\/index.php\/wp-json\/wp\/v2\/posts"}],"about":[{"href":"https:\/\/api-lux.be\/index.php\/wp-json\/wp\/v2\/types\/post"}],"author":[{"embeddable":true,"href":"https:\/\/api-lux.be\/index.php\/wp-json\/wp\/v2\/users\/7"}],"replies":[{"embeddable":true,"href":"https:\/\/api-lux.be\/index.php\/wp-json\/wp\/v2\/comments?post=3948"}],"version-history":[{"count":1,"href":"https:\/\/api-lux.be\/index.php\/wp-json\/wp\/v2\/posts\/3948\/revisions"}],"predecessor-version":[{"id":3950,"href":"https:\/\/api-lux.be\/index.php\/wp-json\/wp\/v2\/posts\/3948\/revisions\/3950"}],"wp:attachment":[{"href":"https:\/\/api-lux.be\/index.php\/wp-json\/wp\/v2\/media?parent=3948"}],"wp:term":[{"taxonomy":"category","embeddable":true,"href":"https:\/\/api-lux.be\/index.php\/wp-json\/wp\/v2\/categories?post=3948"},{"taxonomy":"post_tag","embeddable":true,"href":"https:\/\/api-lux.be\/index.php\/wp-json\/wp\/v2\/tags?post=3948"}],"curies":[{"name":"wp","href":"https:\/\/api.w.org\/{rel}","templated":true}]}}