{"id":3793,"date":"2025-03-27T10:54:54","date_gmt":"2025-03-27T09:54:54","guid":{"rendered":"https:\/\/api-lux.be\/?p=3793"},"modified":"2025-07-01T13:18:23","modified_gmt":"2025-07-01T11:18:23","slug":"visa-pour-le-net-plateforme-dacces-simplifie-a-internet-pour-tous","status":"publish","type":"post","link":"https:\/\/api-lux.be\/index.php\/2025\/03\/27\/visa-pour-le-net-plateforme-dacces-simplifie-a-internet-pour-tous\/","title":{"rendered":"Visa pour le net : plateforme d&rsquo;acc\u00e8s simplifi\u00e9 \u00e0 Internet pour tous"},"content":{"rendered":"\n<div class=\"wp-block-columns is-layout-flex wp-container-core-columns-is-layout-9d6595d7 wp-block-columns-is-layout-flex\">\n<div class=\"wp-block-column is-vertically-aligned-center is-layout-flow wp-block-column-is-layout-flow\"><div class=\"wp-block-image\">\n<figure class=\"aligncenter size-full\"><img loading=\"lazy\" decoding=\"async\" width=\"214\" height=\"235\" src=\"https:\/\/api-lux.be\/wp-content\/uploads\/2025\/03\/download-1.png\" alt=\"\" class=\"wp-image-3794\"\/><\/figure>\n<\/div><\/div>\n\n\n\n<div class=\"wp-block-column is-layout-flow wp-block-column-is-layout-flow\">\n<p>\ud83d\udcf1 <strong>R\u00c9SEAUX SOCIAUX \u2013 GESTION <\/strong>&#8211; Un site web belge con\u00e7u pour \u00eatre facile \u00e0 lire et \u00e0 utiliser, destin\u00e9 aux personnes ayant des difficult\u00e9s de compr\u00e9hension.<\/p>\n\n\n\n<!--more-->\n\n\n\n<h2 class=\"wp-block-heading\">\u00c2ge cible <\/h2>\n\n\n\n<p>Tout \u00e2ge.<\/p>\n<\/div>\n<\/div>\n\n\n\n<h2 class=\"wp-block-heading\">Descriptif de l&rsquo;outil<\/h2>\n\n\n\n<p><strong>Visa pour le net<\/strong> est une initiative de l&rsquo;ASBL Inter-Actions visant \u00e0 rendre l\u2019information plus accessible pour tous, notamment pour les personnes ayant des difficult\u00e9s de compr\u00e9hension \ud83e\udde0. Le site propose des informations adapt\u00e9es, r\u00e9dig\u00e9es selon les r\u00e8gles europ\u00e9ennes du \u00ab\u00a0Facile \u00e0 Lire et \u00e0 Comprendre\u00a0\u00bb (FALC), abordant une vari\u00e9t\u00e9 de sujets comme la vie affective, les droits des personnes en situation de handicap, l&#8217;emploi, et m\u00eame des recettes de cuisine \ud83e\udd57\ud83c\udf7d\ufe0f!<\/p>\n\n\n\n<p>Le site <a href=\"https:\/\/www.visapourlenet.be\" target=\"_blank\" rel=\"noreferrer noopener\">Visa pour le net<\/a> est une initiative de l&rsquo;<strong><a href=\"https:\/\/www.interactionsasbl.be\" target=\"_blank\" rel=\"noreferrer noopener\">ASBL Inter-Actions<\/a><\/strong>, un service d&rsquo;accompagnement pour personnes handicap\u00e9es situ\u00e9 \u00e0 Hannut, en Province de Li\u00e8ge, Belgique.<br>Le site est con\u00e7u pour \u00eatre super clair et facile \u00e0 naviguer, avec des textes simplifi\u00e9s et des images pour aider \u00e0 mieux comprendre \ud83d\udcf8. Il est destin\u00e9 aussi bien aux ados qu&rsquo;aux adultes, avec des infos pratiques et culturelles.<\/p>\n\n\n\n<p>En r\u00e9sum\u00e9, \u00ab\u00a0Visa pour le Net\u00a0\u00bb est une ressource g\u00e9niale pour ceux qui ont besoin d\u2019un acc\u00e8s simplifi\u00e9 \u00e0 l\u2019actualit\u00e9, des droits et bien plus encore, tout en respectant un format facile \u00e0 comprendre \ud83d\udc4c\u2728!<\/p>\n\n\n\n<p><strong>Points d&rsquo;attention :<\/strong><\/p>\n\n\n\n<ul class=\"wp-block-list\">\n<li><strong>\ud83d\udda5\ufe0f Accessibilit\u00e9 num\u00e9rique :<\/strong> S&rsquo;assurer que les outils et supports utilis\u00e9s respectent les principes du FALC pour une meilleure compr\u00e9hension par tous.\u200b<\/li>\n\n\n\n<li><strong>\ud83d\udc65 Accompagnement personnalis\u00e9 :<\/strong> Adapter l&rsquo;utilisation du site aux besoins sp\u00e9cifiques de chaque individu, en tenant compte de son niveau de compr\u00e9hension.\u200b<\/li>\n\n\n\n<li><strong>\ud83d\udd12 Sensibilisation \u00e0 la s\u00e9curit\u00e9 en ligne :<\/strong> Profiter des ressources du site pour \u00e9duquer les utilisateurs aux bonnes pratiques sur Internet.<\/li>\n<\/ul>\n\n\n\n<div class=\"wp-block-columns is-layout-flex wp-container-core-columns-is-layout-9d6595d7 wp-block-columns-is-layout-flex\">\n<div class=\"wp-block-column is-layout-flow wp-block-column-is-layout-flow\">\n<h2 class=\"wp-block-heading\">Objectif(s) d&rsquo;utilisation<\/h2>\n\n\n\n<p><strong>\ud83d\udee0\ufe0f Autonomie :<\/strong> Permettre aux personnes en situation de handicap intellectuel de naviguer sur Internet de mani\u00e8re ind\u00e9pendante.\u200b<\/p>\n\n\n\n<p><strong>\ud83e\udd1d Responsabilisation :<\/strong> Encourager les utilisateurs \u00e0 g\u00e9rer leur propre apprentissage et utilisation d&rsquo;Internet.\u200b<\/p>\n\n\n\n<p><strong>\ud83d\udc6b Sociabilisation :<\/strong> Faciliter l&rsquo;int\u00e9gration sociale en offrant des outils de communication adapt\u00e9s.\u200b<\/p>\n\n\n\n<p><strong>\ud83d\udcaa D\u00e9veloppement \u00e9motionnel :<\/strong> Renforcer la confiance en soi \u00e0 travers la ma\u00eetrise de nouveaux outils num\u00e9riques.\u200b<\/p>\n\n\n\n<p><strong>\ud83d\udcd6 Apprentissage :<\/strong> Fournir des informations claires sur divers aspects de la vie quotidienne pour favoriser l&rsquo;\u00e9ducation continue.\u200b<\/p>\n\n\n\n<p><strong>\ud83c\udfc6 Valorisation :<\/strong> Reconna\u00eetre et c\u00e9l\u00e9brer les progr\u00e8s r\u00e9alis\u00e9s dans l&rsquo;utilisation des technologies num\u00e9riques.\u200b<\/p>\n\n\n\n<p><strong>\u2696\ufe0f Auto-r\u00e9gulation :<\/strong> Apprendre \u00e0 utiliser Internet de mani\u00e8re \u00e9quilibr\u00e9e et s\u00e9curis\u00e9e.<\/p>\n<\/div>\n\n\n\n<div class=\"wp-block-column is-layout-flow wp-block-column-is-layout-flow\">\n<h2 class=\"wp-block-heading\">Variantes &#8211; am\u00e9nagements<\/h2>\n\n\n\n<p>\u2728 <strong>Chaque fiche peut \u00eatre utilis\u00e9e comme un mod\u00e8le<\/strong> \u2728 : Les professionnels peuvent s\u2019en inspirer pour d\u00e9cliner de nouvelles th\u00e9matiques adapt\u00e9es \u00e0 leurs besoins et aux objectifs sp\u00e9cifiques des personnes qu\u2019ils accompagnent.<\/p>\n\n\n\n<p>\ud83d\udca1 <strong>Les sujets abord\u00e9s sur \u00ab\u00a0Visa pour le net\u00a0\u00bb peuvent \u00eatre \u00e9largis<\/strong> pour couvrir d\u2019autres dimensions \u00e9ducatives, sociales et pratiques (ex. : les \u00e9motions, la gestion de l\u2019argent, les transports, l&rsquo;hygi\u00e8ne, les loisirs, etc.).<\/p>\n\n\n\n<p>\ud83d\udd04 <strong>Approches \u00e9volutives<\/strong> : Cette ressource peut \u00eatre adapt\u00e9e selon l\u2019\u00e2ge, le niveau de compr\u00e9hension et l\u2019environnement des utilisateurs pour maximiser son impact p\u00e9dagogique.<\/p>\n\n\n\n<h2 class=\"wp-block-heading\">Liens utiles<\/h2>\n\n\n\n<p>\ud83c\udf10 <a href=\"https:\/\/www.visapourlenet.be\/\" data-type=\"link\" data-id=\"https:\/\/www.visapourlenet.be\/\" target=\"_blank\" rel=\"noreferrer noopener\"><strong>SITE INTERNET <\/strong>officiel<\/a><\/p>\n<\/div>\n<\/div>\n\n\n\n<p>Des outils \u00e0 nous partager ? <a href=\"https:\/\/api-lux.be\/index.php\/contact\/\">Cliquez ici<\/a><\/p>\n","protected":false},"excerpt":{"rendered":"<p>\ud83d\udcf1 R\u00c9SEAUX SOCIAUX \u2013 GESTION &#8211; Un site web belge con\u00e7u pour \u00eatre facile \u00e0 lire et \u00e0 utiliser, destin\u00e9 aux personnes ayant des difficult\u00e9s de compr\u00e9hension.<\/p>\n","protected":false},"author":2,"featured_media":0,"comment_status":"closed","ping_status":"closed","sticky":false,"template":"","format":"standard","meta":{"iawp_total_views":0,"footnotes":""},"categories":[24,4,22,23,46,48,47],"tags":[],"class_list":["post-3793","post","type-post","status-publish","format-standard","hentry","category-adaptation-des-apprentissages","category-besoins","category-besoins-cognitifs","category-communication","category-fiches-outils","category-fiches-outils-pour-les-aidants-proches","category-fiches-outils-pour-les-professionnels"],"_links":{"self":[{"href":"https:\/\/api-lux.be\/index.php\/wp-json\/wp\/v2\/posts\/3793","targetHints":{"allow":["GET"]}}],"collection":[{"href":"https:\/\/api-lux.be\/index.php\/wp-json\/wp\/v2\/posts"}],"about":[{"href":"https:\/\/api-lux.be\/index.php\/wp-json\/wp\/v2\/types\/post"}],"author":[{"embeddable":true,"href":"https:\/\/api-lux.be\/index.php\/wp-json\/wp\/v2\/users\/2"}],"replies":[{"embeddable":true,"href":"https:\/\/api-lux.be\/index.php\/wp-json\/wp\/v2\/comments?post=3793"}],"version-history":[{"count":5,"href":"https:\/\/api-lux.be\/index.php\/wp-json\/wp\/v2\/posts\/3793\/revisions"}],"predecessor-version":[{"id":7646,"href":"https:\/\/api-lux.be\/index.php\/wp-json\/wp\/v2\/posts\/3793\/revisions\/7646"}],"wp:attachment":[{"href":"https:\/\/api-lux.be\/index.php\/wp-json\/wp\/v2\/media?parent=3793"}],"wp:term":[{"taxonomy":"category","embeddable":true,"href":"https:\/\/api-lux.be\/index.php\/wp-json\/wp\/v2\/categories?post=3793"},{"taxonomy":"post_tag","embeddable":true,"href":"https:\/\/api-lux.be\/index.php\/wp-json\/wp\/v2\/tags?post=3793"}],"curies":[{"name":"wp","href":"https:\/\/api.w.org\/{rel}","templated":true}]}}