{"id":3789,"date":"2025-03-27T10:15:14","date_gmt":"2025-03-27T09:15:14","guid":{"rendered":"https:\/\/api-lux.be\/?p=3789"},"modified":"2025-07-01T13:18:39","modified_gmt":"2025-07-01T11:18:39","slug":"federation-multisports-adaptes-fema","status":"publish","type":"post","link":"https:\/\/api-lux.be\/index.php\/2025\/03\/27\/federation-multisports-adaptes-fema\/","title":{"rendered":"Plateforme de ressources: \u00ab\u00a0F\u00e9d\u00e9ration Multisports Adapt\u00e9s (F\u00e9MA)\u00a0\u00bb"},"content":{"rendered":"\n<div class=\"wp-block-columns is-layout-flex wp-container-core-columns-is-layout-9d6595d7 wp-block-columns-is-layout-flex\">\n<div class=\"wp-block-column is-vertically-aligned-center is-layout-flow wp-block-column-is-layout-flow\"><div class=\"wp-block-image\">\n<figure class=\"aligncenter size-full\"><img loading=\"lazy\" decoding=\"async\" width=\"225\" height=\"225\" src=\"https:\/\/api-lux.be\/wp-content\/uploads\/2025\/03\/download.png\" alt=\"\" class=\"wp-image-3790\" srcset=\"https:\/\/api-lux.be\/wp-content\/uploads\/2025\/03\/download.png 225w, https:\/\/api-lux.be\/wp-content\/uploads\/2025\/03\/download-150x150.png 150w\" sizes=\"auto, (max-width: 225px) 100vw, 225px\" \/><\/figure>\n<\/div><\/div>\n\n\n\n<div class=\"wp-block-column is-layout-flow wp-block-column-is-layout-flow\">\n<p>\u26bd <strong>SPORT<\/strong> &#8211; Plateforme de ressources pour le sport adapt\u00e9.<br>La F\u00e9d\u00e9ration Multisports Adapt\u00e9s (F\u00e9MA) est la f\u00e9d\u00e9ration sportive belge francophone de loisirs, pour les personnes porteuses d&rsquo;une d\u00e9ficience.<\/p>\n\n\n\n<!--more-->\n\n\n\n<h2 class=\"wp-block-heading\">\u00c2ge cible<\/h2>\n\n\n\n<p>Tout \u00e2ge.<\/p>\n<\/div>\n<\/div>\n\n\n\n<h2 class=\"wp-block-heading\">Descriptif de l&rsquo;outil<\/h2>\n\n\n\n<p>La <strong>F\u00e9MA<\/strong> est la f\u00e9d\u00e9ration sportive belge francophone d\u00e9di\u00e9e aux loisirs pour <strong>les personnes en situation de handicap<\/strong> ou atteintes de maladies \u267f. Elle offre un acc\u00e8s \u00e0 diverses <strong>activit\u00e9s sportives inclusives<\/strong>, favorisant le <strong>bien-\u00eatre<\/strong> et l&rsquo;<strong>\u00e9panouissement personnel<\/strong> \ud83d\udcaa.<br><br>Le site \ud83c\udf10 <a href=\"https:\/\/www.sportadapte.be\/\" target=\"_blank\" rel=\"noreferrer noopener\">sportadapte.be<\/a> est une plateforme centrale pour les professionnels \ud83c\udfeb, offrant :<br>\u2714\ufe0f <strong>Des disciplines adapt\u00e9es<\/strong> \ud83c\udfbe\ud83c\udfca\u200d\u2640\ufe0f<br>\u2714\ufe0f <strong>Un calendrier des \u00e9v\u00e9nements<\/strong> \ud83d\udcc5<br>\u2714\ufe0f <strong>Des formations pour les encadrants<\/strong> \ud83c\udf93<br>La F\u00e9MA a pour mission de permettre \u00e0 ces personnes, quel que soit leur \u00e2ge ou leurs difficult\u00e9s, de pratiquer au moins un sport adapt\u00e9 \u00e0 leurs potentialit\u00e9s.<\/p>\n\n\n\n<p><strong>Exemples d&rsquo;utilisation :<\/strong><\/p>\n\n\n\n<ul class=\"wp-block-list\">\n<li>\ud83c\udfeb <strong>En milieu scolaire<\/strong> \u2192 Organisation de s\u00e9ances sportives adapt\u00e9es pour sensibiliser les \u00e9l\u00e8ves \u00e0 l\u2019inclusion.<\/li>\n\n\n\n<li>\ud83c\udfe1 <strong>En institution sp\u00e9cialis\u00e9e<\/strong> \u2192 Proposition d\u2019activit\u00e9s physiques stimulantes pour favoriser le bien-\u00eatre des r\u00e9sidents.<\/li>\n\n\n\n<li>\u26bd <strong>Dans les clubs sportifs<\/strong> \u2192 Int\u00e9gration de programmes adapt\u00e9s pour accueillir tous les sportifs, quelle que soit leur condition.<\/li>\n<\/ul>\n\n\n\n<p>\u26a0\ufe0f <strong>Points d&rsquo;attention :<\/strong><\/p>\n\n\n\n<ul class=\"wp-block-list\">\n<li>\ud83d\udeb8 <strong>Formation des encadrants<\/strong> : Veiller \u00e0 se former pour encadrer les participants en toute s\u00e9curit\u00e9<\/li>\n\n\n\n<li>\ud83c\udfdf\ufe0f <strong>Accessibilit\u00e9<\/strong> : S\u2019assurer que les infrastructures sportives soient adapt\u00e9es aux diff\u00e9rents types de handicaps <\/li>\n\n\n\n<li>\ud83d\udde3\ufe0f <strong>Communication inclusive<\/strong> : Sensibiliser l\u2019ensemble des participants pour un cadre bienveillant et respectueux<\/li>\n<\/ul>\n\n\n\n<div class=\"wp-block-columns is-layout-flex wp-container-core-columns-is-layout-9d6595d7 wp-block-columns-is-layout-flex\">\n<div class=\"wp-block-column is-layout-flow wp-block-column-is-layout-flow\">\n<h2 class=\"wp-block-heading\">Objectif(s) d&rsquo;utilisation<\/h2>\n\n\n\n<p>\ud83c\udf93 <strong>Autonomie<\/strong> \u2192 Encourager la prise d\u2019initiative et l\u2019ind\u00e9pendance des participants<\/p>\n\n\n\n<p>\u2705 <strong>Responsabilisation<\/strong> \u2192 Impliquer les participants dans l\u2019organisation et l\u2019auto-gestion de leur pratique sportive<\/p>\n\n\n\n<p>\ud83d\udc6b <strong>Sociabilisation<\/strong> \u2192 Cr\u00e9er des opportunit\u00e9s de rencontres et d\u2019\u00e9changes dans un cadre collectif bienveillant<\/p>\n\n\n\n<p>\ud83d\udc96 <strong>D\u00e9veloppement \u00e9motionnel<\/strong> \u2192 Renforcer la confiance en soi et l&rsquo;estime personnelle \u00e0 travers l&rsquo;effort et le jeu<\/p>\n\n\n\n<p>\ud83d\udcda <strong>Apprentissage<\/strong> \u2192 Transmettre des comp\u00e9tences sportives et des valeurs fondamentales (respect, coop\u00e9ration\u2026)<\/p>\n\n\n\n<p>\ud83c\udf1f <strong>Valorisation<\/strong> \u2192 C\u00e9l\u00e9brer les r\u00e9ussites pour booster la motivation et l\u2019engagement des participants <\/p>\n\n\n\n<p>\u2696\ufe0f <strong>Auto-r\u00e9gulation<\/strong> \u2192 Apprendre \u00e0 g\u00e9rer son effort et \u00e9couter son corps en fonction de ses capacit\u00e9s<\/p>\n\n\n\n<h2 class=\"wp-block-heading\">Liens utiles<\/h2>\n\n\n\n<p>\ud83c\udf10 <a href=\"https:\/\/www.sportadapte.be\/\" data-type=\"link\" data-id=\"https:\/\/www.sportadapte.be\/\" target=\"_blank\" rel=\"noreferrer noopener\"><strong>SITE INTERNET<\/strong> officiel<\/a><\/p>\n<\/div>\n<\/div>\n\n\n\n<p>Des outils \u00e0 nous partager ? <a href=\"https:\/\/api-lux.be\/index.php\/contact\/\">Cliquez ici<\/a><\/p>\n","protected":false},"excerpt":{"rendered":"<p>\u26bd SPORT &#8211; Plateforme de ressources pour le sport adapt\u00e9.La F\u00e9d\u00e9ration Multisports Adapt\u00e9s (F\u00e9MA) est la f\u00e9d\u00e9ration sportive belge francophone de loisirs, pour les personnes porteuses d&rsquo;une d\u00e9ficience.<\/p>\n","protected":false},"author":2,"featured_media":0,"comment_status":"closed","ping_status":"closed","sticky":false,"template":"","format":"standard","meta":{"iawp_total_views":4,"footnotes":""},"categories":[4,14,5,8,46,48,47,17],"tags":[],"class_list":["post-3789","post","type-post","status-publish","format-standard","hentry","category-besoins","category-besoins-dappartenance","category-besoins-physiologiques","category-bien-etre","category-fiches-outils","category-fiches-outils-pour-les-aidants-proches","category-fiches-outils-pour-les-professionnels","category-inclusion-sociale-et-reseau-sociaux"],"_links":{"self":[{"href":"https:\/\/api-lux.be\/index.php\/wp-json\/wp\/v2\/posts\/3789","targetHints":{"allow":["GET"]}}],"collection":[{"href":"https:\/\/api-lux.be\/index.php\/wp-json\/wp\/v2\/posts"}],"about":[{"href":"https:\/\/api-lux.be\/index.php\/wp-json\/wp\/v2\/types\/post"}],"author":[{"embeddable":true,"href":"https:\/\/api-lux.be\/index.php\/wp-json\/wp\/v2\/users\/2"}],"replies":[{"embeddable":true,"href":"https:\/\/api-lux.be\/index.php\/wp-json\/wp\/v2\/comments?post=3789"}],"version-history":[{"count":5,"href":"https:\/\/api-lux.be\/index.php\/wp-json\/wp\/v2\/posts\/3789\/revisions"}],"predecessor-version":[{"id":7647,"href":"https:\/\/api-lux.be\/index.php\/wp-json\/wp\/v2\/posts\/3789\/revisions\/7647"}],"wp:attachment":[{"href":"https:\/\/api-lux.be\/index.php\/wp-json\/wp\/v2\/media?parent=3789"}],"wp:term":[{"taxonomy":"category","embeddable":true,"href":"https:\/\/api-lux.be\/index.php\/wp-json\/wp\/v2\/categories?post=3789"},{"taxonomy":"post_tag","embeddable":true,"href":"https:\/\/api-lux.be\/index.php\/wp-json\/wp\/v2\/tags?post=3789"}],"curies":[{"name":"wp","href":"https:\/\/api.w.org\/{rel}","templated":true}]}}