{"id":3775,"date":"2025-03-26T12:27:33","date_gmt":"2025-03-26T11:27:33","guid":{"rendered":"https:\/\/api-lux.be\/?p=3775"},"modified":"2025-07-01T13:19:48","modified_gmt":"2025-07-01T11:19:48","slug":"plateforme-sous-les-draps","status":"publish","type":"post","link":"https:\/\/api-lux.be\/index.php\/2025\/03\/26\/plateforme-sous-les-draps\/","title":{"rendered":"Plateforme: \u00ab\u00a0Sous les DRAPS\u00a0\u00bb"},"content":{"rendered":"\n<div class=\"wp-block-columns is-layout-flex wp-container-core-columns-is-layout-9d6595d7 wp-block-columns-is-layout-flex\">\n<div class=\"wp-block-column is-vertically-aligned-center is-layout-flow wp-block-column-is-layout-flow\"><div class=\"wp-block-image\">\n<figure class=\"aligncenter size-large is-resized\"><img loading=\"lazy\" decoding=\"async\" width=\"1024\" height=\"290\" src=\"https:\/\/api-lux.be\/wp-content\/uploads\/2025\/03\/IMG_2025-1024x290.webp\" alt=\"\" class=\"wp-image-3776\" style=\"width:339px;height:auto\" srcset=\"https:\/\/api-lux.be\/wp-content\/uploads\/2025\/03\/IMG_2025-1024x290.webp 1024w, https:\/\/api-lux.be\/wp-content\/uploads\/2025\/03\/IMG_2025-300x85.webp 300w, https:\/\/api-lux.be\/wp-content\/uploads\/2025\/03\/IMG_2025-768x218.webp 768w, https:\/\/api-lux.be\/wp-content\/uploads\/2025\/03\/IMG_2025.webp 1489w\" sizes=\"auto, (max-width: 1024px) 100vw, 1024px\" \/><\/figure>\n<\/div><\/div>\n\n\n\n<div class=\"wp-block-column is-layout-flow wp-block-column-is-layout-flow\">\n<p>\ud83c\udf43\ud83d\udc69\u200d\ud83c\udfeb <strong>EVRAS \u2013 \u00e9ducation affective, relationnelle et sexuelle<\/strong> &#8211; M\u00e9dia en ligne pour les jeunes, abordant sans tabou les questions de sexualit\u00e9, de genre, de consentement et de plaisir, dans un ton<\/p>\n\n\n\n<!--more-->\n\n\n\n<h2 class=\"wp-block-heading\">\u00c2ge cible<\/h2>\n\n\n\n<p>\u00c0 partir de 12 ans.<\/p>\n<\/div>\n<\/div>\n\n\n\n<h2 class=\"wp-block-heading\">Descriptif de l&rsquo;outil<\/h2>\n\n\n\n<p>\ud83d\udccc <strong>Qu&rsquo;est-ce que c&rsquo;est ?<\/strong> La plateforme <strong>Sous les DRAPS<\/strong> (<strong>D<\/strong>roit, <strong>R<\/strong>encontre, <strong>A<\/strong>utonomie, <strong>P<\/strong>r\u00e9vention, <strong>S<\/strong>exualit\u00e9) est un site internet con\u00e7u par et pour des personnes en situation de handicap, visant \u00e0 faciliter l&rsquo;apprentissage de la vie affective, intime et sexuelle de mani\u00e8re ludique et interactive. \u200b<br>Le site <a href=\"https:\/\/souslesdraps.org\" target=\"_blank\" rel=\"noreferrer noopener\">Sous les DRAPS<\/a> est une initiative de l\u2019association <strong><a href=\"https:\/\/creativehandicap.org\" target=\"_blank\" rel=\"noreferrer noopener\">Cr\u00e9ative Handicap<\/a><\/strong>, fond\u00e9e en 2003.<\/p>\n\n\n\n<p>\ud83c\udfae <strong>Quels contenus propose-t-elle ?<\/strong><\/p>\n\n\n\n<ul class=\"wp-block-list\">\n<li>\ud83c\udfa5 <strong>Vid\u00e9os interactives<\/strong> pour explorer diverses th\u00e9matiques.<\/li>\n\n\n\n<li>\ud83e\udde9 <strong>Quizz et jeux<\/strong> afin de tester et renforcer les connaissances.<\/li>\n\n\n\n<li>\ud83e\uddd1\u200d\ud83e\udd1d\u200d\ud83e\uddd1 <strong>Personnages en 3D<\/strong> pour illustrer des situations concr\u00e8tes.<\/li>\n\n\n\n<li>\ud83d\udcda <strong>Formations adapt\u00e9es<\/strong> en Facile \u00e0 Lire et \u00e0 Comprendre (FALC).<\/li>\n<\/ul>\n\n\n\n<p>\ud83d\udc65 <strong>\u00c0 qui s&rsquo;adresse-t-elle ?<\/strong><\/p>\n\n\n\n<ul class=\"wp-block-list\">\n<li>Personnes en situation de handicap souhaitant s&rsquo;informer sur la vie affective et sexuelle.<\/li>\n\n\n\n<li>Professionnels et aidants accompagnant ces personnes.<\/li>\n\n\n\n<li>Structures \u00e9ducatives et m\u00e9dico-sociales.<\/li>\n<\/ul>\n\n\n\n<p>\u26a0 <strong>Points d&rsquo;attention :<\/strong><\/p>\n\n\n\n<ul class=\"wp-block-list\">\n<li>Assurer un accompagnement adapt\u00e9 lors de l&rsquo;utilisation des ressources pour r\u00e9pondre aux questions sp\u00e9cifiques.\u200b<\/li>\n\n\n\n<li>Veiller \u00e0 ce que les contenus soient utilis\u00e9s dans un cadre respectueux et bienveillant.<\/li>\n<\/ul>\n\n\n\n<div class=\"wp-block-columns is-layout-flex wp-container-core-columns-is-layout-9d6595d7 wp-block-columns-is-layout-flex\">\n<div class=\"wp-block-column is-layout-flow wp-block-column-is-layout-flow\">\n<h2 class=\"wp-block-heading\">Objectif(s) d&rsquo;utilisation<\/h2>\n\n\n\n<p>\ud83c\udfc6 <strong>Favoriser l&rsquo;autonomie<\/strong> des personnes en situation de handicap dans leur compr\u00e9hension de la vie affective et sexuelle.<\/p>\n\n\n\n<p>\ud83d\udca1 <strong>Sensibiliser<\/strong> aux notions de consentement, d&rsquo;hygi\u00e8ne et de relations interpersonnelles.<\/p>\n\n\n\n<p>\ud83d\udee1\ufe0f <strong>Pr\u00e9venir<\/strong> les comportements \u00e0 risque en informant sur la sant\u00e9 sexuelle.<\/p>\n\n\n\n<p>\ud83d\udde3\ufe0f <strong>Encourager l&rsquo;expression<\/strong> des sentiments et des d\u00e9sirs dans un cadre s\u00e9curis\u00e9.<\/p>\n<\/div>\n\n\n\n<div class=\"wp-block-column is-layout-flow wp-block-column-is-layout-flow\">\n<h2 class=\"wp-block-heading\">Variantes &#8211; am\u00e9nagements<\/h2>\n\n\n\n<p>\ud83d\udca1 <strong>Comment adapter cet outil ?<\/strong><\/p>\n\n\n\n<ul class=\"wp-block-list\">\n<li><strong>En milieu \u00e9ducatif :<\/strong> Int\u00e9grer les modules interactifs dans les programmes d&rsquo;\u00e9ducation \u00e0 la sexualit\u00e9.\u200b<\/li>\n\n\n\n<li><strong>Pour les professionnels :<\/strong> Utiliser les ressources comme support lors d&rsquo;ateliers ou de consultations.\u200b<\/li>\n\n\n\n<li><strong>En autonomie :<\/strong> Les individus peuvent explorer la plateforme seuls, \u00e0 leur rythme, avec la possibilit\u00e9 de poser des questions en ligne.\u200b<\/li>\n<\/ul>\n\n\n\n<p>\ud83d\udccc <strong>Astuce :<\/strong> Les \u00e9tablissements peuvent s&rsquo;inscrire pour suivre les progr\u00e8s de leurs b\u00e9n\u00e9ficiaires et adapter l&rsquo;accompagnement en cons\u00e9quence.<\/p>\n<\/div>\n<\/div>\n\n\n\n<div class=\"wp-block-columns is-layout-flex wp-container-core-columns-is-layout-9d6595d7 wp-block-columns-is-layout-flex\">\n<div class=\"wp-block-column is-layout-flow wp-block-column-is-layout-flow\">\n<h2 class=\"wp-block-heading\">Liens utiles<\/h2>\n\n\n\n<p>\ud83c\udf10 <a href=\"https:\/\/souslesdraps.org\/\" data-type=\"link\" data-id=\"https:\/\/souslesdraps.org\/\" target=\"_blank\" rel=\"noreferrer noopener\"><strong>SITE INTERNET<\/strong> officiel<\/a><\/p>\n\n\n\n<p>\ud83c\udfa5 <strong>VID\u00c9O<\/strong> youtube (49min48) du centre de ressources H &amp; S: \u00ab\u00a0<a href=\"https:\/\/www.youtube.com\/watch?v=9frdj66dy-M\" target=\"_blank\" rel=\"noreferrer noopener\">Matin\u00e9e sous les draps 13 juin 2024<\/a>\u00a0\u00bb &#8211; pr\u00e9sentation de la plateforme version longue<\/p>\n\n\n\n<p>\ud83c\udfa5 <strong>VID\u00c9O<\/strong> youtube (1min54) de Sous les DRAPS: \u00ab\u00a0<a href=\"https:\/\/www.youtube.com\/watch?v=G_7EFoBEtuI\" target=\"_blank\" rel=\"noreferrer noopener\">Sous les D.R.A.P.S\u00a0\u00bb &#8211; pr\u00e9sentation de la plateforme<\/a> version courte<\/p>\n<\/div>\n<\/div>\n\n\n\n<p>Des outils \u00e0 nous partager ? <a href=\"https:\/\/api-lux.be\/index.php\/contact\/\">Cliquez ici<\/a><\/p>\n","protected":false},"excerpt":{"rendered":"<p>\ud83c\udf43\ud83d\udc69\u200d\ud83c\udfeb EVRAS \u2013 \u00e9ducation affective, relationnelle et sexuelle &#8211; M\u00e9dia en ligne pour les jeunes, abordant sans tabou les questions de sexualit\u00e9, de genre, de consentement et de plaisir, dans [&hellip;]<\/p>\n","protected":false},"author":2,"featured_media":0,"comment_status":"closed","ping_status":"closed","sticky":false,"template":"","format":"standard","meta":{"iawp_total_views":9,"footnotes":""},"categories":[4,14,5,46,48,49,47,16],"tags":[],"class_list":["post-3775","post","type-post","status-publish","format-standard","hentry","category-besoins","category-besoins-dappartenance","category-besoins-physiologiques","category-fiches-outils","category-fiches-outils-pour-les-aidants-proches","category-fiches-outils-pour-les-jeunes","category-fiches-outils-pour-les-professionnels","category-vie-affective"],"_links":{"self":[{"href":"https:\/\/api-lux.be\/index.php\/wp-json\/wp\/v2\/posts\/3775","targetHints":{"allow":["GET"]}}],"collection":[{"href":"https:\/\/api-lux.be\/index.php\/wp-json\/wp\/v2\/posts"}],"about":[{"href":"https:\/\/api-lux.be\/index.php\/wp-json\/wp\/v2\/types\/post"}],"author":[{"embeddable":true,"href":"https:\/\/api-lux.be\/index.php\/wp-json\/wp\/v2\/users\/2"}],"replies":[{"embeddable":true,"href":"https:\/\/api-lux.be\/index.php\/wp-json\/wp\/v2\/comments?post=3775"}],"version-history":[{"count":6,"href":"https:\/\/api-lux.be\/index.php\/wp-json\/wp\/v2\/posts\/3775\/revisions"}],"predecessor-version":[{"id":7650,"href":"https:\/\/api-lux.be\/index.php\/wp-json\/wp\/v2\/posts\/3775\/revisions\/7650"}],"wp:attachment":[{"href":"https:\/\/api-lux.be\/index.php\/wp-json\/wp\/v2\/media?parent=3775"}],"wp:term":[{"taxonomy":"category","embeddable":true,"href":"https:\/\/api-lux.be\/index.php\/wp-json\/wp\/v2\/categories?post=3775"},{"taxonomy":"post_tag","embeddable":true,"href":"https:\/\/api-lux.be\/index.php\/wp-json\/wp\/v2\/tags?post=3775"}],"curies":[{"name":"wp","href":"https:\/\/api.w.org\/{rel}","templated":true}]}}