{"id":3771,"date":"2025-03-26T11:58:20","date_gmt":"2025-03-26T10:58:20","guid":{"rendered":"https:\/\/api-lux.be\/?p=3771"},"modified":"2025-07-01T13:20:06","modified_gmt":"2025-07-01T11:20:06","slug":"centre-de-ressource-handicap-et-sexualite","status":"publish","type":"post","link":"https:\/\/api-lux.be\/index.php\/2025\/03\/26\/centre-de-ressource-handicap-et-sexualite\/","title":{"rendered":"Centre de ressources: \u00ab\u00a0Handicaps &amp; Sexualit\u00e9s\u00a0\u00bb"},"content":{"rendered":"\n<div class=\"wp-block-columns is-layout-flex wp-container-core-columns-is-layout-9d6595d7 wp-block-columns-is-layout-flex\">\n<div class=\"wp-block-column is-vertically-aligned-center is-layout-flow wp-block-column-is-layout-flow\"><div class=\"wp-block-image\">\n<figure class=\"aligncenter size-full\"><img loading=\"lazy\" decoding=\"async\" width=\"548\" height=\"275\" src=\"https:\/\/api-lux.be\/wp-content\/uploads\/2025\/03\/handicaps-sexualites.jpg\" alt=\"\" class=\"wp-image-3772\" srcset=\"https:\/\/api-lux.be\/wp-content\/uploads\/2025\/03\/handicaps-sexualites.jpg 548w, https:\/\/api-lux.be\/wp-content\/uploads\/2025\/03\/handicaps-sexualites-300x151.jpg 300w\" sizes=\"auto, (max-width: 548px) 100vw, 548px\" \/><\/figure>\n<\/div><\/div>\n\n\n\n<div class=\"wp-block-column is-layout-flow wp-block-column-is-layout-flow\">\n<p>Le centre s\u2019adresse \u00e0 toute personne d\u00e9sireuse de renseignements dans le champ de la vie affective, relationnelle et sexuelle des personnes en situation de handicap.<\/p>\n\n\n\n<!--more-->\n\n\n\n<h2 class=\"wp-block-heading\">\u00c2ge cible<\/h2>\n\n\n\n<p>Tout \u00e2ge.<\/p>\n<\/div>\n<\/div>\n\n\n\n<h2 class=\"wp-block-heading\">Descriptif de l&rsquo;outil<\/h2>\n\n\n\n<p>\ud83d\udccc <strong>Qu&rsquo;est-ce que c&rsquo;est ?<\/strong> Le <strong>Centre Ressources Handicaps et Sexualit\u00e9s (CRHS)<\/strong> est un espace d\u00e9di\u00e9 \u00e0 l\u2019\u00e9coute, \u00e0 l\u2019information et \u00e0 la sensibilisation autour des questions li\u00e9es \u00e0 la vie affective et sexuelle des personnes en situation de handicap.<\/p>\n\n\n\n<p>\ud83d\udc65 <strong>\u00c0 qui s\u2019adresse-t-il ?<\/strong><\/p>\n\n\n\n<ul class=\"wp-block-list\">\n<li>Personnes en situation de handicap<\/li>\n\n\n\n<li>Proches et familles<\/li>\n\n\n\n<li>Professionnels et futurs professionnels du secteur du handicap et de la sant\u00e9<\/li>\n\n\n\n<li>Travailleurs du sexe<\/li>\n\n\n\n<li>Politiques et acteurs institutionnels<\/li>\n<\/ul>\n\n\n\n<p>\ud83d\udee0 <strong>Quels outils y trouve-t-on ?<\/strong><\/p>\n\n\n\n<ul class=\"wp-block-list\">\n<li>\ud83c\udfa4 <strong>Rencontres individuelles et collectives<\/strong> pour r\u00e9pondre aux interrogations<\/li>\n\n\n\n<li>\ud83d\udcac <strong>Plateformes d\u2019\u00e9changes<\/strong> pour favoriser la discussion<\/li>\n\n\n\n<li>\ud83d\udcda <strong>Centre de documentation<\/strong> avec ouvrages et outils p\u00e9dagogiques<\/li>\n\n\n\n<li>\ud83c\udfdb <strong>Organisation d\u2019\u00e9v\u00e9nements<\/strong> : colloques, salons, soir\u00e9es-d\u00e9bats<\/li>\n\n\n\n<li>\ud83c\udf0d <strong>Veille informative<\/strong> sur l\u2019actualit\u00e9 nationale et internationale<\/li>\n\n\n\n<li>\ud83e\udd1d <strong>Mise en r\u00e9seau<\/strong> avec des acteurs locaux et internationaux<\/li>\n\n\n\n<li>\ud83c\udfdb <strong>Interpellation du monde politique<\/strong> pour faire \u00e9voluer les mentalit\u00e9s et les l\u00e9gislations<\/li>\n<\/ul>\n\n\n\n<p>\u26a0 <strong>Points d\u2019attention :<\/strong><\/p>\n\n\n\n<ul class=\"wp-block-list\">\n<li>La vie affective et sexuelle est un <strong>droit fondamental<\/strong> pour tous.<\/li>\n\n\n\n<li>L\u2019accompagnement doit \u00eatre <strong>adapt\u00e9 aux besoins sp\u00e9cifiques<\/strong> de chaque individu.<\/li>\n\n\n\n<li>Il est essentiel d\u2019aborder ces sujets avec <strong>bienveillance et ouverture<\/strong>.<\/li>\n<\/ul>\n\n\n\n<div class=\"wp-block-columns is-layout-flex wp-container-core-columns-is-layout-9d6595d7 wp-block-columns-is-layout-flex\">\n<div class=\"wp-block-column is-layout-flow wp-block-column-is-layout-flow\">\n<h2 class=\"wp-block-heading\">Objectif(s) d&rsquo;utilisation<\/h2>\n\n\n\n<p>\ud83c\udfe1 <strong>Briser les tabous<\/strong> et promouvoir une approche bienveillante et inclusive.<\/p>\n\n\n\n<p>\ud83d\udde3 <strong>Offrir un espace d\u2019\u00e9coute<\/strong> aux personnes concern\u00e9es et \u00e0 leur entourage.<\/p>\n\n\n\n<p>\ud83d\udcd6 <strong>Informer et sensibiliser<\/strong> les professionnels sur ces enjeux.<\/p>\n\n\n\n<p>\ud83e\udd1d <strong>Cr\u00e9er du lien<\/strong> entre les diff\u00e9rents acteurs engag\u00e9s sur ces th\u00e9matiques.<\/p>\n\n\n\n<p>\ud83d\udd0e <strong>Faciliter l\u2019acc\u00e8s aux ressources<\/strong> et aux bonnes pratiques existantes.<\/p>\n<\/div>\n\n\n\n<div class=\"wp-block-column is-layout-flow wp-block-column-is-layout-flow\">\n<h2 class=\"wp-block-heading\">Liens utiles<\/h2>\n\n\n\n<p><strong>\ud83c\udf10<\/strong> <a href=\"http:\/\/www.handicaps-sexualites.be\" data-type=\"link\" data-id=\"http:\/\/www.handicaps-sexualites.be\" target=\"_blank\" rel=\"noreferrer noopener\"><strong>SITE INTERNET<\/strong> officiel<\/a><\/p>\n<\/div>\n<\/div>\n\n\n\n<p>Des outils \u00e0 nous partager ? <a href=\"https:\/\/api-lux.be\/index.php\/contact\/\">Cliquez ici<\/a><\/p>\n","protected":false},"excerpt":{"rendered":"<p>Le centre s\u2019adresse \u00e0 toute personne d\u00e9sireuse de renseignements dans le champ de la vie affective, relationnelle et sexuelle des personnes en situation de handicap.<\/p>\n","protected":false},"author":2,"featured_media":0,"comment_status":"closed","ping_status":"closed","sticky":false,"template":"","format":"standard","meta":{"iawp_total_views":2,"footnotes":""},"categories":[4,14,5,46,48,47,16],"tags":[],"class_list":["post-3771","post","type-post","status-publish","format-standard","hentry","category-besoins","category-besoins-dappartenance","category-besoins-physiologiques","category-fiches-outils","category-fiches-outils-pour-les-aidants-proches","category-fiches-outils-pour-les-professionnels","category-vie-affective"],"_links":{"self":[{"href":"https:\/\/api-lux.be\/index.php\/wp-json\/wp\/v2\/posts\/3771","targetHints":{"allow":["GET"]}}],"collection":[{"href":"https:\/\/api-lux.be\/index.php\/wp-json\/wp\/v2\/posts"}],"about":[{"href":"https:\/\/api-lux.be\/index.php\/wp-json\/wp\/v2\/types\/post"}],"author":[{"embeddable":true,"href":"https:\/\/api-lux.be\/index.php\/wp-json\/wp\/v2\/users\/2"}],"replies":[{"embeddable":true,"href":"https:\/\/api-lux.be\/index.php\/wp-json\/wp\/v2\/comments?post=3771"}],"version-history":[{"count":4,"href":"https:\/\/api-lux.be\/index.php\/wp-json\/wp\/v2\/posts\/3771\/revisions"}],"predecessor-version":[{"id":7651,"href":"https:\/\/api-lux.be\/index.php\/wp-json\/wp\/v2\/posts\/3771\/revisions\/7651"}],"wp:attachment":[{"href":"https:\/\/api-lux.be\/index.php\/wp-json\/wp\/v2\/media?parent=3771"}],"wp:term":[{"taxonomy":"category","embeddable":true,"href":"https:\/\/api-lux.be\/index.php\/wp-json\/wp\/v2\/categories?post=3771"},{"taxonomy":"post_tag","embeddable":true,"href":"https:\/\/api-lux.be\/index.php\/wp-json\/wp\/v2\/tags?post=3771"}],"curies":[{"name":"wp","href":"https:\/\/api.w.org\/{rel}","templated":true}]}}