{"id":3768,"date":"2025-03-26T09:03:18","date_gmt":"2025-03-26T08:03:18","guid":{"rendered":"https:\/\/api-lux.be\/?p=3768"},"modified":"2025-07-01T13:20:37","modified_gmt":"2025-07-01T11:20:37","slug":"reseau-sam-plateforme-pour-les-aidants-proches","status":"publish","type":"post","link":"https:\/\/api-lux.be\/index.php\/2025\/03\/26\/reseau-sam-plateforme-pour-les-aidants-proches\/","title":{"rendered":"Plateforme de ressources pour aidants proches: \u00ab\u00a0R\u00e9seau SAM\u00a0\u00bb"},"content":{"rendered":"\n<div class=\"wp-block-columns is-layout-flex wp-container-core-columns-is-layout-9d6595d7 wp-block-columns-is-layout-flex\">\n<div class=\"wp-block-column is-vertically-aligned-center is-layout-flow wp-block-column-is-layout-flow\"><div class=\"wp-block-image\">\n<figure class=\"aligncenter size-full is-resized\"><img loading=\"lazy\" decoding=\"async\" width=\"500\" height=\"656\" src=\"https:\/\/api-lux.be\/wp-content\/uploads\/2025\/03\/coucou.4bea866.png\" alt=\"\" class=\"wp-image-3769\" style=\"width:206px;height:auto\" srcset=\"https:\/\/api-lux.be\/wp-content\/uploads\/2025\/03\/coucou.4bea866.png 500w, https:\/\/api-lux.be\/wp-content\/uploads\/2025\/03\/coucou.4bea866-229x300.png 229w\" sizes=\"auto, (max-width: 500px) 100vw, 500px\" \/><\/figure>\n<\/div><\/div>\n\n\n\n<div class=\"wp-block-column is-layout-flow wp-block-column-is-layout-flow\">\n<p>\ud83c\udfe2 <strong>Ressources vari\u00e9es<\/strong> &#8211; <strong>S<\/strong>olutions <strong>A<\/strong>ide <strong>M<\/strong>ieux vivre: Plateforme en ligne et communaut\u00e9 d&rsquo;entraide pour les aidants et les personnes en perte d&rsquo;autonomie.<\/p>\n\n\n\n<h2 class=\"wp-block-heading\">\u00c2ge cible<\/h2>\n\n\n\n<p>Tout \u00e2ge.<\/p>\n<\/div>\n<\/div>\n\n\n\n<h2 class=\"wp-block-heading\">Descriptif de l&rsquo;outil<\/h2>\n\n\n\n<p>Le site <a href=\"https:\/\/www.reseau-sam.be\/fr\" target=\"_blank\" rel=\"noreferrer noopener\">R\u00e9seau SAM<\/a> a \u00e9t\u00e9 initi\u00e9 en 2016 par l\u2019\u00e9quipe de l\u2019asbl <strong>Aidants Proches Bruxelles<\/strong>. Ce projet a \u00e9t\u00e9 lanc\u00e9 pour r\u00e9pondre \u00e0 un besoin exprim\u00e9 par de nombreuses personnes confront\u00e9es \u00e0 la perte d\u2019autonomie d\u2019un proche, qui se sentaient souvent perdues et \u00e9puis\u00e9es par la recherche d\u2019informations pertinentes. L\u2019objectif \u00e9tait de cr\u00e9er un outil centralis\u00e9 pour faciliter l\u2019acc\u00e8s \u00e0 des informations utiles et soutenir les aidants dans leur quotidien. Le R\u00e9seau SAM est ainsi n\u00e9 de la volont\u00e9 de cr\u00e9er un outil de pr\u00e9vention pour lutter contre l\u2019\u00e9puisement li\u00e9 aux recherches d\u2019informations autour de la perte d\u2019autonomie.<\/p>\n\n\n\n<p>\ud83d\udc65 <strong>\u00c0 qui s\u2019adresse-t-elle ?<\/strong><\/p>\n\n\n\n<ul class=\"wp-block-list\">\n<li>Aidants proches accompagnant un proche en situation de d\u00e9pendance<\/li>\n\n\n\n<li>Professionnels du secteur m\u00e9dico-social<\/li>\n\n\n\n<li>Toute personne en qu\u00eate d\u2019informations et de soutien<\/li>\n<\/ul>\n\n\n\n<p>\ud83d\udee0 <strong>Quels outils y trouve-t-on ?<\/strong><\/p>\n\n\n\n<ul class=\"wp-block-list\">\n<li>\ud83d\udcd6 <strong>Informations et conseils pratiques<\/strong> pour les aidants proches<\/li>\n\n\n\n<li>\ud83d\uddfa <strong>R\u00e9pertoire de services et d\u2019organisations<\/strong> pour un accompagnement adapt\u00e9<\/li>\n\n\n\n<li>\ud83e\udd1d <strong>Mise en relation avec des professionnels et des b\u00e9n\u00e9voles<\/strong><\/li>\n\n\n\n<li>\ud83c\udf93 <strong>Formations et \u00e9v\u00e9nements<\/strong> pour mieux comprendre et assumer son r\u00f4le d\u2019aidant<\/li>\n\n\n\n<li>\ud83d\udce2 <strong>Sensibilisation et plaidoyer<\/strong> pour la reconnaissance des aidants<\/li>\n<\/ul>\n\n\n\n<p>\u26a0 <strong>Points d\u2019attention :<\/strong><\/p>\n\n\n\n<ul class=\"wp-block-list\">\n<li>L\u2019aidant doit aussi <strong>prendre soin de lui<\/strong> pour pouvoir continuer \u00e0 aider efficacement.<\/li>\n\n\n\n<li>Le soutien et l\u2019accompagnement doivent \u00eatre <strong>adapt\u00e9s aux besoins sp\u00e9cifiques<\/strong> de chaque situation.<\/li>\n<\/ul>\n\n\n\n<div class=\"wp-block-columns is-layout-flex wp-container-core-columns-is-layout-9d6595d7 wp-block-columns-is-layout-flex\">\n<div class=\"wp-block-column is-layout-flow wp-block-column-is-layout-flow\">\n<h2 class=\"wp-block-heading\">Objectif(s) d&rsquo;utilisation<\/h2>\n\n\n\n<p>\ud83c\udfe1 <strong>Faciliter le quotidien<\/strong> des aidants proches et des personnes aid\u00e9es.<\/p>\n\n\n\n<p>\ud83d\udcac <strong>Offrir un espace d&rsquo;information et de soutien<\/strong> pour \u00e9viter l\u2019isolement.<\/p>\n\n\n\n<p>\ud83e\udd32 <strong>Cr\u00e9er une dynamique solidaire<\/strong> entre aidants, professionnels et b\u00e9n\u00e9voles.<\/p>\n\n\n\n<p>\ud83c\udf93 <strong>Former et sensibiliser<\/strong> aux d\u00e9fis du r\u00f4le d\u2019aidant.<\/p>\n\n\n\n<p>\ud83d\udd0e <strong>Rendre accessible un r\u00e9seau de services<\/strong> pour mieux accompagner les aidants et les aid\u00e9s.<\/p>\n<\/div>\n\n\n\n<div class=\"wp-block-column is-layout-flow wp-block-column-is-layout-flow\">\n<h2 class=\"wp-block-heading\">Variantes &#8211; am\u00e9nagements<\/h2>\n\n\n\n<p>\ud83d\udcc4 <strong>FICHE OUTIL API-Lux <\/strong>\ud83d\udc1d: <a href=\"https:\/\/api-lux.be\/index.php\/2025\/03\/26\/annonce-handicap-plateforme-de-ressources\/\">Plateforme de ressource: \u00ab&nbsp;Annonce Handicap&nbsp;\u00bb<\/a><\/p>\n\n\n\n<p>\ud83d\udcc4 <strong>FICHE OUTIL API-Lux<\/strong> \ud83d\udc1d: <a href=\"https:\/\/api-lux.be\/index.php\/2025\/03\/26\/aidants-proches-wallonie-plateforme-de-ressources\/\">Plateforme de ressources: \u00ab&nbsp;Aidants Proches Wallonie&nbsp;\u00bb<\/a><\/p>\n\n\n\n<p>\ud83d\udcc4 <strong>FICHE OUTIL API-Lux <\/strong>\ud83d\udc1d: <a href=\"https:\/\/api-lux.be\/index.php\/2025\/03\/13\/infoaidants\/\">Info\u2019Aidants<\/a><\/p>\n\n\n\n<h2 class=\"wp-block-heading\">Liens utiles<\/h2>\n\n\n\n<p>\ud83c\udf10 <a href=\"https:\/\/www.reseau-sam.be\/fr\" data-type=\"link\" data-id=\"https:\/\/www.reseau-sam.be\/fr\" target=\"_blank\" rel=\"noreferrer noopener\"><strong>SITE INTERNET<\/strong> officiel<\/a><\/p>\n\n\n\n<p>\ud83c\udfa5 <strong>VID\u00c9O<\/strong> youtube (1min28) de SAM le r\u00e9seau aidant: \u00ab\u00a0<a href=\"https:\/\/www.youtube.com\/watch?v=hd6pyN6e_-M\" target=\"_blank\" rel=\"noreferrer noopener\">SAM le R\u00e9seau des Aidants _ \u00ab\u00a0SAM se pr\u00e9sente !\u00a0\u00bb 2018<\/a>\u00ab\u00a0<\/p>\n<\/div>\n<\/div>\n\n\n\n<p>Des outils \u00e0 nous partager ? <a href=\"https:\/\/api-lux.be\/index.php\/contact\/\">Cliquez ici<\/a><\/p>\n","protected":false},"excerpt":{"rendered":"<p>\ud83c\udfe2 Ressources vari\u00e9es &#8211; Solutions Aide Mieux vivre: Plateforme en ligne et communaut\u00e9 d&rsquo;entraide pour les aidants et les personnes en perte d&rsquo;autonomie. \u00c2ge cible Tout \u00e2ge. Descriptif de l&rsquo;outil [&hellip;]<\/p>\n","protected":false},"author":2,"featured_media":0,"comment_status":"closed","ping_status":"closed","sticky":false,"template":"","format":"standard","meta":{"iawp_total_views":11,"footnotes":""},"categories":[4,14,15,46,48,47],"tags":[],"class_list":["post-3768","post","type-post","status-publish","format-standard","hentry","category-besoins","category-besoins-dappartenance","category-famille-et-milieu-de-vie","category-fiches-outils","category-fiches-outils-pour-les-aidants-proches","category-fiches-outils-pour-les-professionnels"],"_links":{"self":[{"href":"https:\/\/api-lux.be\/index.php\/wp-json\/wp\/v2\/posts\/3768","targetHints":{"allow":["GET"]}}],"collection":[{"href":"https:\/\/api-lux.be\/index.php\/wp-json\/wp\/v2\/posts"}],"about":[{"href":"https:\/\/api-lux.be\/index.php\/wp-json\/wp\/v2\/types\/post"}],"author":[{"embeddable":true,"href":"https:\/\/api-lux.be\/index.php\/wp-json\/wp\/v2\/users\/2"}],"replies":[{"embeddable":true,"href":"https:\/\/api-lux.be\/index.php\/wp-json\/wp\/v2\/comments?post=3768"}],"version-history":[{"count":6,"href":"https:\/\/api-lux.be\/index.php\/wp-json\/wp\/v2\/posts\/3768\/revisions"}],"predecessor-version":[{"id":7652,"href":"https:\/\/api-lux.be\/index.php\/wp-json\/wp\/v2\/posts\/3768\/revisions\/7652"}],"wp:attachment":[{"href":"https:\/\/api-lux.be\/index.php\/wp-json\/wp\/v2\/media?parent=3768"}],"wp:term":[{"taxonomy":"category","embeddable":true,"href":"https:\/\/api-lux.be\/index.php\/wp-json\/wp\/v2\/categories?post=3768"},{"taxonomy":"post_tag","embeddable":true,"href":"https:\/\/api-lux.be\/index.php\/wp-json\/wp\/v2\/tags?post=3768"}],"curies":[{"name":"wp","href":"https:\/\/api.w.org\/{rel}","templated":true}]}}