{"id":3764,"date":"2025-03-26T08:45:05","date_gmt":"2025-03-26T07:45:05","guid":{"rendered":"https:\/\/api-lux.be\/?p=3764"},"modified":"2025-07-01T13:20:55","modified_gmt":"2025-07-01T11:20:55","slug":"aidants-proches-wallonie-plateforme-de-ressources","status":"publish","type":"post","link":"https:\/\/api-lux.be\/index.php\/2025\/03\/26\/aidants-proches-wallonie-plateforme-de-ressources\/","title":{"rendered":"Plateforme de ressources: \u00ab\u00a0Aidants Proches Wallonie\u00a0\u00bb"},"content":{"rendered":"\n<div class=\"wp-block-columns is-layout-flex wp-container-core-columns-is-layout-9d6595d7 wp-block-columns-is-layout-flex\">\n<div class=\"wp-block-column is-layout-flow wp-block-column-is-layout-flow\">\n<figure class=\"wp-block-image size-full is-resized\"><img loading=\"lazy\" decoding=\"async\" width=\"473\" height=\"288\" src=\"https:\/\/api-lux.be\/wp-content\/uploads\/2025\/03\/wallonie.jpg\" alt=\"\" class=\"wp-image-3765\" style=\"width:380px;height:auto\" srcset=\"https:\/\/api-lux.be\/wp-content\/uploads\/2025\/03\/wallonie.jpg 473w, https:\/\/api-lux.be\/wp-content\/uploads\/2025\/03\/wallonie-300x183.jpg 300w\" sizes=\"auto, (max-width: 473px) 100vw, 473px\" \/><\/figure>\n<\/div>\n\n\n\n<div class=\"wp-block-column is-layout-flow wp-block-column-is-layout-flow\">\n<p>\ud83c\udfe2 <strong>Ressources vari\u00e9es<\/strong> &#8211; Un centre ressource pour soutenir les aidants en Wallonie<\/p>\n\n\n\n<!--more-->\n\n\n\n<h2 class=\"wp-block-heading\">\u00c2ge cible<\/h2>\n\n\n\n<p>Tout \u00e2ge.<\/p>\n<\/div>\n<\/div>\n\n\n\n<h2 class=\"wp-block-heading\">Descriptif de l&rsquo;outil<\/h2>\n\n\n\n<p>La plateforme <a href=\"https:\/\/wallonie.aidants-proches.be\" target=\"_blank\" rel=\"noreferrer noopener\">wallonie.aidants-proches.be<\/a> est le site officiel de l\u2019ASBL <strong>Aidants Proches<\/strong>, cr\u00e9\u00e9e en 2006 gr\u00e2ce \u00e0 la Fondation Roi Baudouin.<br>Elle accompagne les aidants proches, c\u2019est-\u00e0-dire celles et ceux qui soutiennent un proche en situation de d\u00e9pendance.<\/p>\n\n\n\n<p><strong>Fonctionnalit\u00e9s cl\u00e9s :<\/strong><\/p>\n\n\n\n<ul class=\"wp-block-list\">\n<li>\ud83d\udcde <strong>Permanence Info\u2019Aidants<\/strong> : \u00e9coute et orientation personnalis\u00e9e par t\u00e9l\u00e9phone et mail<\/li>\n\n\n\n<li>\ud83d\udcda <strong>Ressources en ligne<\/strong> : guides, brochures, cartes d\u2019urgence, outils pratiques<\/li>\n\n\n\n<li>\ud83c\udf93 <strong>Formations professionnelles<\/strong> : sensibilisation aux besoins des aidants proches<\/li>\n\n\n\n<li>\ud83d\udcc5 <strong>\u00c9v\u00e9nements<\/strong> : Semaine des Aidants Proches, ateliers, colloques<\/li>\n\n\n\n<li>\ud83d\udee1\ufe0f <strong>Plaidoyer<\/strong> : reconnaissance sociale et l\u00e9gale des aidants proches<\/li>\n<\/ul>\n\n\n\n<p>\u26a0 <strong>Points d\u2019attention :<\/strong><\/p>\n\n\n\n<ul class=\"wp-block-list\">\n<li>\u00catre aidant peut \u00eatre \u00e9puisant : il est essentiel de <strong>pr\u00e9server son bien-\u00eatre<\/strong>.<\/li>\n\n\n\n<li>L\u2019aidant n\u2019est pas seul : de nombreux <strong>dispositifs de soutien existent<\/strong>.<\/li>\n<\/ul>\n\n\n\n<div class=\"wp-block-columns is-layout-flex wp-container-core-columns-is-layout-9d6595d7 wp-block-columns-is-layout-flex\">\n<div class=\"wp-block-column is-layout-flow wp-block-column-is-layout-flow\">\n<h2 class=\"wp-block-heading\">Objectif(s) d&rsquo;utilisation<\/h2>\n\n\n\n<p>\ud83e\udded Orienter les aidants dans leurs d\u00e9marches administratives et sociales<\/p>\n\n\n\n<p>\ud83e\udd17 Offrir un espace d\u2019\u00e9coute et de soutien moral<\/p>\n\n\n\n<p>\ud83d\udcd6 Fournir des informations fiables et actualis\u00e9es sur les droits et aides<\/p>\n\n\n\n<p>\ud83e\udde0 Sensibiliser les professionnels aux r\u00e9alit\u00e9s des aidants proches<\/p>\n\n\n\n<p>\ud83e\udd1d Promouvoir la reconnaissance et le soutien soci\u00e9tal des aidants<\/p>\n<\/div>\n\n\n\n<div class=\"wp-block-column is-layout-flow wp-block-column-is-layout-flow\">\n<h2 class=\"wp-block-heading\">Variantes &#8211; am\u00e9nagement<\/h2>\n\n\n\n<p>\ud83d\udccc <strong>Astuce :<\/strong> Encouragez les aidants \u00e0 <strong>demander de l\u2019aide et \u00e0 ne pas s\u2019oublier<\/strong>, car leur bien-\u00eatre est essentiel pour celui de leur proche.<\/p>\n\n\n\n<h2 class=\"wp-block-heading\">Liens utiles<\/h2>\n\n\n\n<p>\ud83c\udf10 <a href=\"https:\/\/wallonie.aidants-proches.be\" data-type=\"link\" data-id=\"https:\/\/wallonie.aidants-proches.be\" target=\"_blank\" rel=\"noreferrer noopener\">SITE INTERNET officiel<\/a><\/p>\n<\/div>\n<\/div>\n\n\n\n<p>Des outils \u00e0 nous partager ? <a href=\"https:\/\/api-lux.be\/index.php\/contact\/\">Cliquez ici<\/a><\/p>\n","protected":false},"excerpt":{"rendered":"<p>\ud83c\udfe2 Ressources vari\u00e9es &#8211; Un centre ressource pour soutenir les aidants en Wallonie<\/p>\n","protected":false},"author":2,"featured_media":0,"comment_status":"closed","ping_status":"closed","sticky":false,"template":"","format":"standard","meta":{"iawp_total_views":16,"footnotes":""},"categories":[4,14,15,46,48,47,26],"tags":[],"class_list":["post-3764","post","type-post","status-publish","format-standard","hentry","category-besoins","category-besoins-dappartenance","category-famille-et-milieu-de-vie","category-fiches-outils","category-fiches-outils-pour-les-aidants-proches","category-fiches-outils-pour-les-professionnels","category-outils-pedagogiques-pour-les-pro"],"_links":{"self":[{"href":"https:\/\/api-lux.be\/index.php\/wp-json\/wp\/v2\/posts\/3764","targetHints":{"allow":["GET"]}}],"collection":[{"href":"https:\/\/api-lux.be\/index.php\/wp-json\/wp\/v2\/posts"}],"about":[{"href":"https:\/\/api-lux.be\/index.php\/wp-json\/wp\/v2\/types\/post"}],"author":[{"embeddable":true,"href":"https:\/\/api-lux.be\/index.php\/wp-json\/wp\/v2\/users\/2"}],"replies":[{"embeddable":true,"href":"https:\/\/api-lux.be\/index.php\/wp-json\/wp\/v2\/comments?post=3764"}],"version-history":[{"count":4,"href":"https:\/\/api-lux.be\/index.php\/wp-json\/wp\/v2\/posts\/3764\/revisions"}],"predecessor-version":[{"id":7653,"href":"https:\/\/api-lux.be\/index.php\/wp-json\/wp\/v2\/posts\/3764\/revisions\/7653"}],"wp:attachment":[{"href":"https:\/\/api-lux.be\/index.php\/wp-json\/wp\/v2\/media?parent=3764"}],"wp:term":[{"taxonomy":"category","embeddable":true,"href":"https:\/\/api-lux.be\/index.php\/wp-json\/wp\/v2\/categories?post=3764"},{"taxonomy":"post_tag","embeddable":true,"href":"https:\/\/api-lux.be\/index.php\/wp-json\/wp\/v2\/tags?post=3764"}],"curies":[{"name":"wp","href":"https:\/\/api.w.org\/{rel}","templated":true}]}}