{"id":3078,"date":"2025-03-14T11:21:01","date_gmt":"2025-03-14T10:21:01","guid":{"rendered":"https:\/\/api-lux.be\/?p=3078"},"modified":"2025-07-01T13:22:20","modified_gmt":"2025-07-01T11:22:20","slug":"atelier-musique-et-confection-de-clips","status":"publish","type":"post","link":"https:\/\/api-lux.be\/index.php\/2025\/03\/14\/atelier-musique-et-confection-de-clips\/","title":{"rendered":"Projet: Atelier musique et confection de clips"},"content":{"rendered":"\n<div class=\"wp-block-columns is-layout-flex wp-container-core-columns-is-layout-9d6595d7 wp-block-columns-is-layout-flex\">\n<div class=\"wp-block-column is-layout-flow wp-block-column-is-layout-flow\">\n<figure class=\"wp-block-image size-large\"><img loading=\"lazy\" decoding=\"async\" width=\"1024\" height=\"683\" src=\"https:\/\/api-lux.be\/wp-content\/uploads\/2025\/03\/pexels-pixabay-164835-1024x683.jpg\" alt=\"\" class=\"wp-image-3148\" srcset=\"https:\/\/api-lux.be\/wp-content\/uploads\/2025\/03\/pexels-pixabay-164835-1024x683.jpg 1024w, https:\/\/api-lux.be\/wp-content\/uploads\/2025\/03\/pexels-pixabay-164835-300x200.jpg 300w, https:\/\/api-lux.be\/wp-content\/uploads\/2025\/03\/pexels-pixabay-164835-768x512.jpg 768w, https:\/\/api-lux.be\/wp-content\/uploads\/2025\/03\/pexels-pixabay-164835-1536x1024.jpg 1536w, https:\/\/api-lux.be\/wp-content\/uploads\/2025\/03\/pexels-pixabay-164835-2048x1366.jpg 2048w\" sizes=\"auto, (max-width: 1024px) 100vw, 1024px\" \/><\/figure>\n<\/div>\n\n\n\n<div class=\"wp-block-column is-layout-flow wp-block-column-is-layout-flow\">\n<p>\ud83e\uddd1\u200d\u2695\ufe0f <strong>Outil professionnel d\u2019accompagnement sp\u00e9cialis\u00e9<\/strong>&nbsp; &#8211; Permettre aux jeunes de cr\u00e9er leurs propres chansons et clips vid\u00e9o pour d\u00e9velopper leur confiance et leur expression cr\u00e9ative.<\/p>\n\n\n\n<h2 class=\"wp-block-heading\">\u00c2ge cible<\/h2>\n\n\n\n<p>\u00c0 partir de 4 ans.<\/p>\n<\/div>\n<\/div>\n\n\n\n<h2 class=\"wp-block-heading\">Descriptif de l&rsquo;outil<\/h2>\n\n\n\n<p>\ud83c\udfa7 L&rsquo;<strong>atelier musique et cr\u00e9ation de clips vid\u00e9o<\/strong> permet aux jeunes de <strong>composer leurs propres chansons<\/strong> et de r\u00e9aliser des <strong>clips vid\u00e9o<\/strong>, en \u00e9tant accompagn\u00e9s par des \u00e9ducateurs ou des professionnels passionn\u00e9s par la musique.<br>\ud83c\udfa4 <strong>L\u2019objectif<\/strong> est d\u2019offrir un espace d\u2019expression \u00e0 travers la cr\u00e9ation musicale, permettant de <strong>mettre des mots sur des \u00e9motions<\/strong> souvent enfouies et de d\u00e9velopper l\u2019estime de soi.<\/p>\n\n\n\n<p>\ud83d\udcdd Les jeunes \u00e9crivent des <strong>po\u00e9sies<\/strong> ou des textes qu\u2019ils transforment en chansons. Ces textes sont ensuite mis en musique, puis enregistr\u00e9s dans un <strong>studio d\u2019enregistrement<\/strong>. Les jeunes participent \u00e9galement \u00e0 la cr\u00e9ation d\u2019un clip vid\u00e9o, ce qui leur permet de travailler sur <strong>l\u2019image de soi<\/strong>, la <strong>confiance en soi<\/strong>, et la <strong>coop\u00e9ration de groupe<\/strong>.<\/p>\n\n\n\n<p>\ud83d\udccc <strong>Exemple concret<\/strong> :<br>Le projet<a href=\"https:\/\/www.implaprovidence.be\/index.php\/providence-band\" target=\"_blank\" rel=\"noreferrer noopener\"> <strong>Providence Band<\/strong><\/a> a \u00e9t\u00e9 mis en place \u00e0 l&rsquo;IMP La Providence \u00e0 \u00c9talle, par les \u00e9ducateurs <strong>Thomas Robert<\/strong> et <strong>Olivier Louppe<\/strong>. Les jeunes y ont l\u2019opportunit\u00e9 de cr\u00e9er des chansons et de participer \u00e0 la production de clips, avec des performances en direct et des concerts.<\/p>\n\n\n\n<div class=\"wp-block-columns is-layout-flex wp-container-core-columns-is-layout-9d6595d7 wp-block-columns-is-layout-flex\">\n<div class=\"wp-block-column is-layout-flow wp-block-column-is-layout-flow\">\n<h2 class=\"wp-block-heading\">Objectif(s) d&rsquo;utilisation<\/h2>\n\n\n\n<p>\ud83c\udfaf <strong>Objectifs principaux<\/strong> :<\/p>\n\n\n\n<ul class=\"wp-block-list\">\n<li>\ud83c\udfb5 <strong>Valoriser les jeunes<\/strong> en leur permettant de s\u2019exprimer \u00e0 travers la musique ;<\/li>\n\n\n\n<li>\ud83c\udf1f D\u00e9velopper la <strong>confiance en soi<\/strong> et l\u2019<strong>image de soi<\/strong> \u00e0 travers la sc\u00e8ne et le clip ;<\/li>\n\n\n\n<li>\ud83e\udde0 Travailler la <strong>motricit\u00e9<\/strong>, l\u2019<strong>inhibition<\/strong> et l\u2019<strong>accordage de groupe<\/strong> ;<\/li>\n\n\n\n<li>\ud83c\udfa8 Stimuler la <strong>cr\u00e9ativit\u00e9<\/strong> tout en respectant des <strong>contraintes de composition<\/strong> (vers, rimes, etc.) ;<\/li>\n\n\n\n<li>\ud83d\udee0\ufe0f D\u00e9velopper l\u2019<strong>autonomie<\/strong> \u00e0 travers la gestion de l\u2019\u00e9criture, de la musique et des performances ;<\/li>\n\n\n\n<li>\ud83d\udde3\ufe0f Favoriser la <strong>communication<\/strong> et l\u2019<strong>\u00e9coute<\/strong> entre les jeunes \u00e0 travers le travail collaboratif.<\/li>\n<\/ul>\n\n\n\n<p>\ud83d\udd27 <strong>Objectifs compl\u00e9mentaires<\/strong> :<\/p>\n\n\n\n<ul class=\"wp-block-list\">\n<li>\ud83d\udccf Travailler la <strong>rigueur<\/strong> et l\u2019<strong>acceptation des contraintes<\/strong> (structure d\u2019une chanson, respect du temps musical, etc.) ;<\/li>\n\n\n\n<li>\ud83c\udfaf Am\u00e9liorer la <strong>concentration<\/strong> et la <strong>coordination des mouvements<\/strong> (ex : au moment des concerts ou en studio) ;<\/li>\n\n\n\n<li>\ud83c\udfa4 Cr\u00e9er un <strong>espace de partage<\/strong> : concerts, enregistrements, et clips qui permettent aux jeunes de se produire et d\u2019\u00eatre valoris\u00e9s.<\/li>\n<\/ul>\n<\/div>\n<\/div>\n\n\n\n<h2 class=\"wp-block-heading\">Zoom sur l&rsquo;atelier musique, \u00e0 l&rsquo;IMP La Providence:<\/h2>\n\n\n\n<p>Depuis plusieurs ann\u00e9es, <strong>Thomas et Olivier<\/strong> ont mis en place un <strong>atelier musique<\/strong> \u00e0 l&rsquo;IMP La Providence. Bien que le projet ait demand\u00e9 de nombreuses strat\u00e9gies et ajustements, ces efforts ont permis de cr\u00e9er un espace d\u2019expression musical enrichissant pour les jeunes. Ce n&rsquo;est pas seulement un atelier de musique, c&rsquo;est un v\u00e9ritable <strong>outil de d\u00e9veloppement personnel<\/strong>.<\/p>\n\n\n\n<div class=\"wp-block-media-text is-stacked-on-mobile\" style=\"grid-template-columns:24% auto\"><figure class=\"wp-block-media-text__media\"><img loading=\"lazy\" decoding=\"async\" width=\"1024\" height=\"683\" src=\"https:\/\/api-lux.be\/wp-content\/uploads\/2025\/03\/pexels-pixabay-164821-1024x683.jpg\" alt=\"\" class=\"wp-image-3166 size-full\" srcset=\"https:\/\/api-lux.be\/wp-content\/uploads\/2025\/03\/pexels-pixabay-164821-1024x683.jpg 1024w, https:\/\/api-lux.be\/wp-content\/uploads\/2025\/03\/pexels-pixabay-164821-300x200.jpg 300w, https:\/\/api-lux.be\/wp-content\/uploads\/2025\/03\/pexels-pixabay-164821-768x512.jpg 768w, https:\/\/api-lux.be\/wp-content\/uploads\/2025\/03\/pexels-pixabay-164821-1536x1024.jpg 1536w, https:\/\/api-lux.be\/wp-content\/uploads\/2025\/03\/pexels-pixabay-164821-2048x1365.jpg 2048w\" sizes=\"auto, (max-width: 1024px) 100vw, 1024px\" \/><\/figure><div class=\"wp-block-media-text__content\">\n<ul class=\"wp-block-list\">\n<li>\ud83c\udfb9 <strong>Cr\u00e9ation d&rsquo;outils<\/strong>: ces jeunes porteurs d&rsquo;une d\u00e9ficience intellectuelle, peuvent jouer d&rsquo;un instrument et chanter juste gr\u00e2ce \u00e0 \u00ab\u00a0solf\u00e8ge adapt\u00e9\u00a0\u00bb et outil visuel par exemple.<\/li>\n\n\n\n<li>\ud83e\udd1d Syst\u00e8me de tutorat entres les jeunes, qui fonctionnent dans un groupe disparate en raison de leurs \u00e2ges et de leurs comp\u00e9tences: certains jeunes donnent parfois cours aux autres jeunes.<\/li>\n<\/ul>\n<\/div><\/div>\n\n\n\n<div class=\"wp-block-media-text is-stacked-on-mobile\" style=\"grid-template-columns:24% auto\"><figure class=\"wp-block-media-text__media\"><img loading=\"lazy\" decoding=\"async\" width=\"1024\" height=\"680\" src=\"https:\/\/api-lux.be\/wp-content\/uploads\/2025\/03\/pexels-pixabay-33597-1024x680.jpg\" alt=\"\" class=\"wp-image-3167 size-full\" srcset=\"https:\/\/api-lux.be\/wp-content\/uploads\/2025\/03\/pexels-pixabay-33597-1024x680.jpg 1024w, https:\/\/api-lux.be\/wp-content\/uploads\/2025\/03\/pexels-pixabay-33597-300x199.jpg 300w, https:\/\/api-lux.be\/wp-content\/uploads\/2025\/03\/pexels-pixabay-33597-768x510.jpg 768w, https:\/\/api-lux.be\/wp-content\/uploads\/2025\/03\/pexels-pixabay-33597-1536x1020.jpg 1536w, https:\/\/api-lux.be\/wp-content\/uploads\/2025\/03\/pexels-pixabay-33597-2048x1360.jpg 2048w\" sizes=\"auto, (max-width: 1024px) 100vw, 1024px\" \/><\/figure><div class=\"wp-block-media-text__content\">\n<ul class=\"wp-block-list\">\n<li>\ud83c\udfb5 <strong>Activit\u00e9s permettant de travailler l&rsquo;inhibition et l&rsquo;intensit\u00e9 des mouvements<\/strong>: d\u00e8s que l&rsquo;\u00e9ducateur l\u00e8ve un bras, les jeunes arr\u00eatent de jouer de leur instrument ou jouent plus ou moins fort.<\/li>\n\n\n\n<li>\ud83c\udfad <strong>Atelier d&rsquo;\u00e9criture et de po\u00e9sie<\/strong>: les jeunes \u00e9crivent leurs chansons gr\u00e2ce \u00e0 des r\u00e8gles rigoureuses et certaines contraintes esth\u00e9tiques ou non: vers, rimes, syllabes \u00e9gales, quatre phrases = un couplet, deux phrases = un refrain, etc.<\/li>\n<\/ul>\n<\/div><\/div>\n\n\n\n<div class=\"wp-block-media-text is-stacked-on-mobile\" style=\"grid-template-columns:24% auto\"><figure class=\"wp-block-media-text__media\"><img loading=\"lazy\" decoding=\"async\" width=\"1024\" height=\"678\" src=\"https:\/\/api-lux.be\/wp-content\/uploads\/2025\/03\/pexels-thibault-trillet-44912-167636-1024x678.jpg\" alt=\"\" class=\"wp-image-3169 size-full\" srcset=\"https:\/\/api-lux.be\/wp-content\/uploads\/2025\/03\/pexels-thibault-trillet-44912-167636-1024x678.jpg 1024w, https:\/\/api-lux.be\/wp-content\/uploads\/2025\/03\/pexels-thibault-trillet-44912-167636-300x199.jpg 300w, https:\/\/api-lux.be\/wp-content\/uploads\/2025\/03\/pexels-thibault-trillet-44912-167636-768x509.jpg 768w, https:\/\/api-lux.be\/wp-content\/uploads\/2025\/03\/pexels-thibault-trillet-44912-167636-1536x1017.jpg 1536w, https:\/\/api-lux.be\/wp-content\/uploads\/2025\/03\/pexels-thibault-trillet-44912-167636-2048x1356.jpg 2048w\" sizes=\"auto, (max-width: 1024px) 100vw, 1024px\" \/><\/figure><div class=\"wp-block-media-text__content\">\n<ul class=\"wp-block-list\">\n<li>\ud83c\udfa4 <strong>La sc\u00e8ne<\/strong>: la sc\u00e8ne am\u00e8ne du plaisir, de l&rsquo;envie et de la reconnaissance pour les enfants.<\/li>\n\n\n\n<li>\ud83c\udfa7 <strong>Le studio<\/strong>: Thomas b\u00e9n\u00e9ficie d&rsquo;un studio d&rsquo;enregistrement, au sein duquel les jeunes se rendent pour enregistrer leurs musiques, comme des vrais chanteurs&#8230;<\/li>\n\n\n\n<li>\ud83c\udfac <strong>Les clips<\/strong>: Thomas et Olivier se sont investis et ont appris le montage vid\u00e9o, afin que les enfants puissent \u00eatre mis en lumi\u00e8re et confectionnent le clip qui va avec leur chanson.<\/li>\n<\/ul>\n<\/div><\/div>\n\n\n\n<div class=\"wp-block-media-text is-stacked-on-mobile\" style=\"grid-template-columns:24% auto\"><figure class=\"wp-block-media-text__media\"><img loading=\"lazy\" decoding=\"async\" width=\"1024\" height=\"683\" src=\"https:\/\/api-lux.be\/wp-content\/uploads\/2025\/03\/pexels-cottonbro-6504669-1024x683.jpg\" alt=\"\" class=\"wp-image-3171 size-full\" srcset=\"https:\/\/api-lux.be\/wp-content\/uploads\/2025\/03\/pexels-cottonbro-6504669-1024x683.jpg 1024w, https:\/\/api-lux.be\/wp-content\/uploads\/2025\/03\/pexels-cottonbro-6504669-300x200.jpg 300w, https:\/\/api-lux.be\/wp-content\/uploads\/2025\/03\/pexels-cottonbro-6504669-768x512.jpg 768w, https:\/\/api-lux.be\/wp-content\/uploads\/2025\/03\/pexels-cottonbro-6504669-1536x1024.jpg 1536w, https:\/\/api-lux.be\/wp-content\/uploads\/2025\/03\/pexels-cottonbro-6504669-2048x1365.jpg 2048w\" sizes=\"auto, (max-width: 1024px) 100vw, 1024px\" \/><\/figure><div class=\"wp-block-media-text__content\">\n<ul class=\"wp-block-list\">\n<li>\ud83c\udfa4 <strong>Les concerts:<\/strong> les jeunes se produisent sur diff\u00e9rentes sc\u00e8nes aux alentours.<\/li>\n\n\n\n<li>\ud83e\udd1d <strong>Les s\u00e9ances collectives<\/strong>: elles instaurent un esprit collaboratif entre les jeunes, sans aucun esprit de comp\u00e9tition.<\/li>\n\n\n\n<li>\ud83c\udfb5<strong> l&rsquo;art de la sc\u00e8ne:<\/strong> utilisation des mensonges, de l\u2019exag\u00e9ration, du sur-jeu&nbsp;: les jeunes peuvent mentir, exag\u00e9rer, imaginer et cr\u00e9er dans leurs musiques. Gr\u00e2ce \u00e0 cela, on peut visualiser l\u2019image qu\u2019ils ont de leur situation et les confronter \u00e0 une autre r\u00e9alit\u00e9.<\/li>\n<\/ul>\n<\/div><\/div>\n\n\n\n<div class=\"wp-block-media-text is-stacked-on-mobile\" style=\"grid-template-columns:24% auto\"><figure class=\"wp-block-media-text__media\"><img loading=\"lazy\" decoding=\"async\" width=\"1024\" height=\"683\" src=\"https:\/\/api-lux.be\/wp-content\/uploads\/2025\/03\/pexels-dmitry-demidov-515774-3783471-1024x683.jpg\" alt=\"\" class=\"wp-image-3173 size-full\" srcset=\"https:\/\/api-lux.be\/wp-content\/uploads\/2025\/03\/pexels-dmitry-demidov-515774-3783471-1024x683.jpg 1024w, https:\/\/api-lux.be\/wp-content\/uploads\/2025\/03\/pexels-dmitry-demidov-515774-3783471-300x200.jpg 300w, https:\/\/api-lux.be\/wp-content\/uploads\/2025\/03\/pexels-dmitry-demidov-515774-3783471-768x512.jpg 768w, https:\/\/api-lux.be\/wp-content\/uploads\/2025\/03\/pexels-dmitry-demidov-515774-3783471-1536x1024.jpg 1536w, https:\/\/api-lux.be\/wp-content\/uploads\/2025\/03\/pexels-dmitry-demidov-515774-3783471-2048x1365.jpg 2048w\" sizes=\"auto, (max-width: 1024px) 100vw, 1024px\" \/><\/figure><div class=\"wp-block-media-text__content\">\n<ul class=\"wp-block-list\">\n<li>\ud83d\udcac <strong>Parole libre et travail de r\u00e9flexion<\/strong>&nbsp;: les plus jeunes font part d\u2019un th\u00e8me pour leur chanson et Thomas les questionne sur ce qu\u2019ils souhaitent dire \u00e0 propos de ce th\u00e8me. Il retranscrit et reformule ensuite, en questionnant les enfants pour ne pas d\u00e9naturer leurs envies et leurs pens\u00e9es. Il leur demande \u00e9galement de r\u00e9fl\u00e9chir aux rimes&nbsp;: chacun doit dire un mot qui rime avec un autre.<\/li>\n<\/ul>\n<\/div><\/div>\n\n\n\n<div class=\"wp-block-columns is-layout-flex wp-container-core-columns-is-layout-9d6595d7 wp-block-columns-is-layout-flex\">\n<div class=\"wp-block-column is-layout-flow wp-block-column-is-layout-flow\">\n<h2 class=\"wp-block-heading\">Variantes &#8211; am\u00e9nagement<\/h2>\n\n\n\n<p><br><strong>\ud83d\udcfa CHA\u00ceNE YOUTUBE OFFICIELLE<\/strong> \u200b<a href=\"https:\/\/www.youtube.com\/channel\/UCmkcjTbEyxm4EyUzh6-Q8QQ\/videos\" target=\"_blank\" rel=\"noreferrer noopener\">Providence Band \u2013 Cha\u00eene YouTube<\/a><br>Une cha\u00eene musicale proposant des performances d&rsquo;enfants porteurs d&rsquo;un handicap (d\u00e9ficience intellectuelle et\/ou trouble du comportement).<\/p>\n<\/div>\n<\/div>\n\n\n\n<p>Des outils \u00e0 nous partager ? <a href=\"https:\/\/api-lux.be\/index.php\/contact\/\">Cliquez ici<\/a><\/p>\n","protected":false},"excerpt":{"rendered":"<p>\ud83e\uddd1\u200d\u2695\ufe0f Outil professionnel d\u2019accompagnement sp\u00e9cialis\u00e9&nbsp; &#8211; Permettre aux jeunes de cr\u00e9er leurs propres chansons et clips vid\u00e9o pour d\u00e9velopper leur confiance et leur expression cr\u00e9ative. \u00c2ge cible \u00c0 partir de [&hellip;]<\/p>\n","protected":false},"author":6,"featured_media":0,"comment_status":"closed","ping_status":"closed","sticky":false,"template":"","format":"standard","meta":{"iawp_total_views":3,"footnotes":""},"categories":[27,14,18,46,48,49,47,17,1,21],"tags":[],"class_list":["post-3078","post","type-post","status-publish","format-standard","hentry","category-besoins-daccomplissement","category-besoins-dappartenance","category-besoins-destime","category-fiches-outils","category-fiches-outils-pour-les-aidants-proches","category-fiches-outils-pour-les-jeunes","category-fiches-outils-pour-les-professionnels","category-inclusion-sociale-et-reseau-sociaux","category-non-classe","category-valorisation-confiance"],"_links":{"self":[{"href":"https:\/\/api-lux.be\/index.php\/wp-json\/wp\/v2\/posts\/3078","targetHints":{"allow":["GET"]}}],"collection":[{"href":"https:\/\/api-lux.be\/index.php\/wp-json\/wp\/v2\/posts"}],"about":[{"href":"https:\/\/api-lux.be\/index.php\/wp-json\/wp\/v2\/types\/post"}],"author":[{"embeddable":true,"href":"https:\/\/api-lux.be\/index.php\/wp-json\/wp\/v2\/users\/6"}],"replies":[{"embeddable":true,"href":"https:\/\/api-lux.be\/index.php\/wp-json\/wp\/v2\/comments?post=3078"}],"version-history":[{"count":15,"href":"https:\/\/api-lux.be\/index.php\/wp-json\/wp\/v2\/posts\/3078\/revisions"}],"predecessor-version":[{"id":7656,"href":"https:\/\/api-lux.be\/index.php\/wp-json\/wp\/v2\/posts\/3078\/revisions\/7656"}],"wp:attachment":[{"href":"https:\/\/api-lux.be\/index.php\/wp-json\/wp\/v2\/media?parent=3078"}],"wp:term":[{"taxonomy":"category","embeddable":true,"href":"https:\/\/api-lux.be\/index.php\/wp-json\/wp\/v2\/categories?post=3078"},{"taxonomy":"post_tag","embeddable":true,"href":"https:\/\/api-lux.be\/index.php\/wp-json\/wp\/v2\/tags?post=3078"}],"curies":[{"name":"wp","href":"https:\/\/api.w.org\/{rel}","templated":true}]}}