{"id":2889,"date":"2025-03-13T11:45:53","date_gmt":"2025-03-13T10:45:53","guid":{"rendered":"https:\/\/api-lux.be\/?p=2889"},"modified":"2025-07-01T13:24:29","modified_gmt":"2025-07-01T11:24:29","slug":"mon-carnet-de-suivi-medical","status":"publish","type":"post","link":"https:\/\/api-lux.be\/index.php\/2025\/03\/13\/mon-carnet-de-suivi-medical\/","title":{"rendered":"Mon carnet de suivi m\u00e9dical"},"content":{"rendered":"\n<div class=\"wp-block-columns is-layout-flex wp-container-core-columns-is-layout-9d6595d7 wp-block-columns-is-layout-flex\">\n<div class=\"wp-block-column is-vertically-aligned-center is-layout-flow wp-block-column-is-layout-flow\"><div class=\"wp-block-image\">\n<figure class=\"aligncenter size-large is-resized\"><img loading=\"lazy\" decoding=\"async\" width=\"1418\" height=\"1063\" src=\"https:\/\/api-lux.be\/wp-content\/uploads\/2025\/03\/image_2025-03-13_114415228-edited.png\" alt=\"\" class=\"wp-image-2891\" style=\"width:376px;height:auto\" srcset=\"https:\/\/api-lux.be\/wp-content\/uploads\/2025\/03\/image_2025-03-13_114415228-edited.png 1418w, https:\/\/api-lux.be\/wp-content\/uploads\/2025\/03\/image_2025-03-13_114415228-edited-300x225.png 300w, https:\/\/api-lux.be\/wp-content\/uploads\/2025\/03\/image_2025-03-13_114415228-edited-1024x768.png 1024w, https:\/\/api-lux.be\/wp-content\/uploads\/2025\/03\/image_2025-03-13_114415228-edited-768x576.png 768w\" sizes=\"auto, (max-width: 1418px) 100vw, 1418px\" \/><\/figure>\n<\/div><\/div>\n\n\n\n<div class=\"wp-block-column is-layout-flow wp-block-column-is-layout-flow\">\n<p>\ud83e\ude7a <strong>SOIN \u2013 SANTE<\/strong> &#8211; Outil visant \u00e0 promouvoir l&rsquo;autonomie et l&rsquo;implication des personnes avec une d\u00e9ficience intellectuelle dans la gestion de leur sant\u00e9.<\/p>\n\n\n\n<!--more-->\n\n\n\n<h2 class=\"wp-block-heading\">\u00c2ge cible<\/h2>\n\n\n\n<p>\u00c0 partir de 14 ans.<\/p>\n<\/div>\n<\/div>\n\n\n\n<h2 class=\"wp-block-heading\">Descriptif de l&rsquo;outil<\/h2>\n\n\n\n<p>\ud83c\udf1f <strong>\u00ab\u00a0Mon Carnet de Sant\u00e9 M\u00e9dical\u00a0\u00bb<\/strong> est un outil innovant et personnalisable, pens\u00e9 pour aider les personnes en situation de d\u00e9ficience intellectuelle, comme celles atteintes de trisomie 21, \u00e0 suivre leur sant\u00e9 de mani\u00e8re simple et efficace.<br>ChatGPT a dit&nbsp;:<\/p>\n\n\n\n<p>Le <strong>Carnet de suivi m\u00e9dical<\/strong> disponible sur le site <a href=\"http:\/\/www.santetresfacile.fr\/files\/Carnet_suivi_medical.pdf\">santetresfacile.fr<\/a> a \u00e9t\u00e9 con\u00e7u par l&rsquo;association <strong>Trisomie 21 France<\/strong>, avec le soutien de la <strong>Fondation CNP Assurances<\/strong>.<\/p>\n\n\n\n<p>Ce carnet est compos\u00e9 de <strong>fiches d\u00e9tachables<\/strong>, offrant un espace pour noter, organiser et coller des images \ud83d\uddbc\ufe0f. Il devient ainsi un v\u00e9ritable compagnon au quotidien, facilitant la communication avec les <strong>professionnels de sant\u00e9<\/strong> \ud83d\udc69\u200d\u2695\ufe0f\ud83d\udc68\u200d\u2695\ufe0f et rendant chaque consultation plus claire et accessible.<\/p>\n\n\n\n<p>R\u00e9dig\u00e9 en <strong>Facile \u00e0 Lire et \u00e0 Comprendre (FALC)<\/strong>, il est con\u00e7u pour \u00eatre compris par le plus grand nombre, quel que soit le niveau de lecture \ud83d\udcd6. Ce carnet permet \u00e0 chacun de <strong>prendre en main<\/strong> sa sant\u00e9 et de participer activement \u00e0 son suivi m\u00e9dical.<\/p>\n\n\n\n<p>Avec <strong>\u00ab\u00a0Mon Carnet de Sant\u00e9 M\u00e9dical\u00a0\u00bb<\/strong>, la gestion de la sant\u00e9 devient un jeu d&rsquo;enfant ! \ud83c\udf89 Que ce soit pour des rendez-vous r\u00e9guliers ou des soins sp\u00e9cifiques, il aide \u00e0 rester organis\u00e9, tout en apportant une touche personnelle \u00e0 chaque page. \ud83d\udcab<\/p>\n\n\n\n<p>Parce que chaque d\u00e9tail compte, ce carnet fait partie des outils qui permettent de <strong>renforcer l&rsquo;autonomie<\/strong> et d&rsquo;instaurer une relation plus fluide avec les m\u00e9decins et soignants. \ud83d\ude80<\/p>\n\n\n\n<p>\ud83d\udc66 <strong>Exemple avec Th\u00e9o, 10 ans :<\/strong> Th\u00e9o, un enfant de 10 ans avec une d\u00e9ficience intellectuelle, a de l&rsquo;asthme. Gr\u00e2ce \u00e0 son <strong>Carnet de Sant\u00e9 M\u00e9dical<\/strong>, ses parents suivent son traitement et ses visites m\u00e9dicales de mani\u00e8re simple.<\/p>\n\n\n\n<ul class=\"wp-block-list\">\n<li>\ud83c\udfe5 <strong>Premi\u00e8re consultation<\/strong>: Ils collent une photo de Th\u00e9o et notent les informations importantes, comme le diagnostic (\u00ab\u00a0Asthme l\u00e9ger\u00a0\u00bb) et le traitement (inhalateur 2 fois par jour).<\/li>\n\n\n\n<li>\ud83d\udcc5 <strong>Suivi quotidien<\/strong>: Chaque jour, ses parents notent l&rsquo;utilisation de son inhalateur et peuvent ajouter des images pour illustrer son traitement. Th\u00e9o colore une case pour chaque jour o\u00f9 il prend son m\u00e9dicament.<\/li>\n\n\n\n<li>\ud83d\uddd3\ufe0f <strong>Rendez-vous de suivi<\/strong>: Avant chaque consultation, les parents inscrivent leurs questions et peuvent montrer au m\u00e9decin les progr\u00e8s de Th\u00e9o en utilisant le carnet.<\/li>\n<\/ul>\n\n\n\n<div class=\"wp-block-columns is-layout-flex wp-container-core-columns-is-layout-9d6595d7 wp-block-columns-is-layout-flex\">\n<div class=\"wp-block-column is-layout-flow wp-block-column-is-layout-flow\">\n<h2 class=\"wp-block-heading\">Objectif(s) d&rsquo;utilisation<\/h2>\n\n\n\n<p>\ud83c\udf1f <strong>Autonomie<\/strong> : Permettre \u00e0 la personne de participer activement \u00e0 la gestion de sa sant\u00e9.<\/p>\n\n\n\n<p>\ud83d\udcaa <strong>Responsabilisation<\/strong> : Encourager la prise de conscience de l&rsquo;importance du suivi m\u00e9dical.<\/p>\n\n\n\n<p>\ud83e\udd1d <strong>Sociabilisation<\/strong> : Faciliter les \u00e9changes entre la personne, sa famille et les professionnels de sant\u00e9.<\/p>\n\n\n\n<p>\ud83d\udc96 <strong>D\u00e9veloppement \u00e9motionnel<\/strong> : Renforcer la confiance en soi en impliquant l&rsquo;utilisateur dans son parcours de soins.<\/p>\n\n\n\n<p>\ud83d\udcda <strong>Apprentissage<\/strong> : \u00c9duquer aux bonnes pratiques de sant\u00e9 et \u00e0 la reconnaissance des signes n\u00e9cessitant une consultation.<\/p>\n\n\n\n<p>\ud83c\udfc5 <strong>Valorisation<\/strong> : Mettre en avant les progr\u00e8s et les r\u00e9ussites en mati\u00e8re de sant\u00e9.<\/p>\n\n\n\n<p>\ud83d\udd04 <strong>Auto-r\u00e9gulation<\/strong> : Aider \u00e0 identifier et g\u00e9rer les besoins de sant\u00e9 de mani\u00e8re proactive.<\/p>\n<\/div>\n\n\n\n<div class=\"wp-block-column is-layout-flow wp-block-column-is-layout-flow\">\n<h2 class=\"wp-block-heading\">Variantes &#8211; am\u00e9nagements<\/h2>\n\n\n\n<p>Ce carnet disposant de fiches d\u00e9tachables, il peut \u00eatre int\u00e9gralement adapt\u00e9 en fonction des besoins du jeune et de son degr\u00e9 d&rsquo;autonomie.<\/p>\n\n\n\n<h2 class=\"wp-block-heading\">Liens utiles<\/h2>\n\n\n\n<p>\ud83d\udce5 <a href=\"http:\/\/www.santetresfacile.fr\/files\/Carnet_suivi_medical.pdf\" data-type=\"link\" data-id=\"http:\/\/www.santetresfacile.fr\/files\/Carnet_suivi_medical.pdf\" target=\"_blank\" rel=\"noreferrer noopener\">LIEN DE T\u00c9L\u00c9CHARGEMENT du carnet<\/a>.<\/p>\n<\/div>\n<\/div>\n\n\n\n<p>Des outils \u00e0 nous partager ? <a href=\"https:\/\/api-lux.be\/index.php\/contact\/\">Cliquez ici<\/a><\/p>\n","protected":false},"excerpt":{"rendered":"<p>\ud83e\ude7a SOIN \u2013 SANTE &#8211; Outil visant \u00e0 promouvoir l&rsquo;autonomie et l&rsquo;implication des personnes avec une d\u00e9ficience intellectuelle dans la gestion de leur sant\u00e9.<\/p>\n","protected":false},"author":2,"featured_media":0,"comment_status":"closed","ping_status":"closed","sticky":false,"template":"","format":"standard","meta":{"iawp_total_views":11,"footnotes":""},"categories":[28,27,5,46,48,49,47,1,26,6],"tags":[],"class_list":["post-2889","post","type-post","status-publish","format-standard","hentry","category-autonomie-et-responsabilisation","category-besoins-daccomplissement","category-besoins-physiologiques","category-fiches-outils","category-fiches-outils-pour-les-aidants-proches","category-fiches-outils-pour-les-jeunes","category-fiches-outils-pour-les-professionnels","category-non-classe","category-outils-pedagogiques-pour-les-pro","category-sante-alimentation-sommeil-hygiene"],"_links":{"self":[{"href":"https:\/\/api-lux.be\/index.php\/wp-json\/wp\/v2\/posts\/2889","targetHints":{"allow":["GET"]}}],"collection":[{"href":"https:\/\/api-lux.be\/index.php\/wp-json\/wp\/v2\/posts"}],"about":[{"href":"https:\/\/api-lux.be\/index.php\/wp-json\/wp\/v2\/types\/post"}],"author":[{"embeddable":true,"href":"https:\/\/api-lux.be\/index.php\/wp-json\/wp\/v2\/users\/2"}],"replies":[{"embeddable":true,"href":"https:\/\/api-lux.be\/index.php\/wp-json\/wp\/v2\/comments?post=2889"}],"version-history":[{"count":7,"href":"https:\/\/api-lux.be\/index.php\/wp-json\/wp\/v2\/posts\/2889\/revisions"}],"predecessor-version":[{"id":7663,"href":"https:\/\/api-lux.be\/index.php\/wp-json\/wp\/v2\/posts\/2889\/revisions\/7663"}],"wp:attachment":[{"href":"https:\/\/api-lux.be\/index.php\/wp-json\/wp\/v2\/media?parent=2889"}],"wp:term":[{"taxonomy":"category","embeddable":true,"href":"https:\/\/api-lux.be\/index.php\/wp-json\/wp\/v2\/categories?post=2889"},{"taxonomy":"post_tag","embeddable":true,"href":"https:\/\/api-lux.be\/index.php\/wp-json\/wp\/v2\/tags?post=2889"}],"curies":[{"name":"wp","href":"https:\/\/api.w.org\/{rel}","templated":true}]}}