{"id":2880,"date":"2025-03-13T11:15:56","date_gmt":"2025-03-13T10:15:56","guid":{"rendered":"https:\/\/api-lux.be\/?p=2880"},"modified":"2025-07-01T13:33:54","modified_gmt":"2025-07-01T11:33:54","slug":"jose-prendre-le-train-le-guide","status":"publish","type":"post","link":"https:\/\/api-lux.be\/index.php\/2025\/03\/13\/jose-prendre-le-train-le-guide\/","title":{"rendered":"J&rsquo;ose prendre le train: le guide"},"content":{"rendered":"\n<div class=\"wp-block-columns is-layout-flex wp-container-core-columns-is-layout-9d6595d7 wp-block-columns-is-layout-flex\">\n<div class=\"wp-block-column is-vertically-aligned-center is-layout-flow wp-block-column-is-layout-flow\"><div class=\"wp-block-image\">\n<figure class=\"aligncenter size-full is-resized\"><img loading=\"lazy\" decoding=\"async\" width=\"267\" height=\"189\" src=\"https:\/\/api-lux.be\/wp-content\/uploads\/2025\/03\/image_2025-03-13_111204801.png\" alt=\"\" class=\"wp-image-2883\" style=\"width:348px;height:auto\"\/><\/figure>\n<\/div><\/div>\n\n\n\n<div class=\"wp-block-column is-layout-flow wp-block-column-is-layout-flow\">\n<p>\ud83e\ude84 <strong>Accompagner vers plus d\u2019autonomie et cultiver la singularit\u00e9<\/strong> &#8211; Guide d&rsquo;apprentissage et de soutien pour voyager en train de mani\u00e8re autonome.<\/p>\n\n\n\n<!--more-->\n\n\n\n<h2 class=\"wp-block-heading\">\u00c2ge cible<\/h2>\n\n\n\n<p>De 12 \u00e0 99 ans.<\/p>\n<\/div>\n<\/div>\n\n\n\n<h2 class=\"wp-block-heading\">Descriptif de l&rsquo;outil<\/h2>\n\n\n\n<p>\ud83d\ude86 <strong>\u00ab\u00a0J&rsquo;ose prendre le train\u00a0\u00bb<\/strong> est un guide pratique cr\u00e9\u00e9 par la SNCB pour accompagner les personnes ayant des difficult\u00e9s d&rsquo;orientation et de compr\u00e9hension, notamment celles avec un handicap intellectuel, vers un voyage en train plus autonome. \ud83d\ude89<br>Ce guide s\u2019adresse :<\/p>\n\n\n\n<ul class=\"wp-block-list\">\n<li>\ud83d\udc69\u200d\ud83e\uddbd\ud83d\udd04\ud83d\udca1 <strong>aux personnes \u00e0 mobilit\u00e9 r\u00e9duite<\/strong> et celles ayant des difficult\u00e9s de compr\u00e9hension ou d&rsquo;orientation.<\/li>\n\n\n\n<li>\ud83d\udc68\u200d\ud83d\udc69\u200d\ud83d\udc67\u200d\ud83d\udc66 <strong>aux proches, parents, \u00e9ducateurs<\/strong> et toute personne qui soutient et aide \u00e0 l&rsquo;apprentissage du voyage en train.<\/li>\n<\/ul>\n\n\n\n<p>Le guide est <strong>personnalisable<\/strong> ! Il est possible d&rsquo;imprimer uniquement les sections utiles pour chaque voyage. De plus, des photos et des pictogrammes peuvent \u00eatre t\u00e9l\u00e9charg\u00e9s directement sur le site de la SNCB pour rendre le guide encore plus adapt\u00e9 et pratique. \ud83d\uddbc\ufe0f<\/p>\n\n\n\n<p>\ud83d\uddfa\ufe0f <strong>Astuce<\/strong> : On peut aussi imprimer une carte sp\u00e9ciale pour demander de l\u2019aide pendant le trajet. Et bonne nouvelle : cette carte est modifiable, donc elle peut \u00eatre utilis\u00e9e pour des trajets en bus \u00e9galement ! \ud83d\ude8c<\/p>\n\n\n\n<p>\ud83d\udd0d <strong>Points d&rsquo;attention<\/strong> :<\/p>\n\n\n\n<ol class=\"wp-block-list\">\n<li><strong>Accompagnement initial<\/strong> \ud83e\udd1d : Il est fortement recommand\u00e9 d&rsquo;accompagner la personne lors des premiers voyages pour l&rsquo;aider \u00e0 prendre confiance et \u00e0 s\u2019adapter \u00e0 son environnement. Cela renforcera son autonomie pour les trajets suivants. \ud83d\ude86\u2728<\/li>\n\n\n\n<li><strong>Mises \u00e0 jour<\/strong> \ud83d\udd04 : Veillez \u00e0 v\u00e9rifier que les informations du guide sont <strong>\u00e0 jour<\/strong> (horaires, proc\u00e9dures, etc.), afin d\u2019assurer une exp\u00e9rience de voyage optimale et sans stress. \ud83d\udd52\ud83d\udcc5<\/li>\n<\/ol>\n\n\n\n<div class=\"wp-block-columns is-layout-flex wp-container-core-columns-is-layout-9d6595d7 wp-block-columns-is-layout-flex\">\n<div class=\"wp-block-column is-layout-flow wp-block-column-is-layout-flow\">\n<h2 class=\"wp-block-heading\">Objectif(s) d&rsquo;utilisation<\/h2>\n\n\n\n<p>\ud83c\udf1f <strong>Autonomie<\/strong> : Permettre aux personnes de g\u00e9rer leurs d\u00e9placements en train de mani\u00e8re <strong>ind\u00e9pendante<\/strong>. Cela renforce leur libert\u00e9 et leur confiance en eux.<\/p>\n\n\n\n<p>\u2696\ufe0f <strong>Responsabilisation<\/strong> : Encourager la prise de d\u00e9cision et la gestion des impr\u00e9vus durant les voyages. Apprendre \u00e0 faire face aux situations impr\u00e9vues d\u00e9veloppe l&rsquo;autonomie et la confiance.<\/p>\n\n\n\n<p>\ud83e\udd1d <strong>Sociabilisation<\/strong> : Faciliter l&rsquo;int\u00e9gration sociale en rendant les d\u00e9placements plus accessibles, pour que chacun puisse interagir et s\u2019engager pleinement dans la soci\u00e9t\u00e9.<\/p>\n\n\n\n<p>\ud83d\udc96 <strong>D\u00e9veloppement \u00e9motionnel<\/strong> : Renforcer la <strong>confiance en soi<\/strong> et r\u00e9duire l\u2019anxi\u00e9t\u00e9 li\u00e9e aux d\u00e9placements. Chaque voyage devient une occasion de surmonter ses peurs et de grandir.<\/p>\n\n\n\n<p>\ud83d\udcda <strong>Apprentissage<\/strong> : Transmettre des <strong>comp\u00e9tences pratiques<\/strong> pour utiliser les transports en commun, pour une meilleure autonomie au quotidien. <\/p>\n\n\n\n<p>\ud83c\udfc6 <strong>Valorisation<\/strong> : Augmenter l&rsquo;estime de soi en ma\u00eetrisant une nouvelle comp\u00e9tence et en gagnant en ind\u00e9pendance. Chaque trajet est une victoire ! <\/p>\n\n\n\n<p>\ud83e\uddd8 <strong>Auto-r\u00e9gulation<\/strong> : Aider \u00e0 g\u00e9rer le <strong>stress<\/strong> et les \u00e9motions pendant le voyage en train, pour une exp\u00e9rience plus sereine et ma\u00eetris\u00e9e. <\/p>\n<\/div>\n\n\n\n<div class=\"wp-block-column is-layout-flow wp-block-column-is-layout-flow\">\n<h2 class=\"wp-block-heading\">Variantes &#8211; am\u00e9nagements<\/h2>\n\n\n\n<p>\ud83c\udfa5 <strong>Supports audiovisuels<\/strong> : Utiliser des <strong>vid\u00e9os explicatives<\/strong> pour compl\u00e9ter le guide \u00e9crit. Ces vid\u00e9os permettent de visualiser les \u00e9tapes importantes du voyage et de mieux comprendre les proc\u00e9dures. \ud83c\udfac\ud83d\ude86<\/p>\n\n\n\n<p>\ud83d\ude89 <strong>Sessions pratiques<\/strong> : Organiser des <strong>visites de gares<\/strong> pour familiariser les utilisateurs avec l&rsquo;environnement. Cela permet de d\u00e9couvrir les lieux en conditions r\u00e9elles et d\u2019apprendre \u00e0 s\u2019orienter plus facilement. \ud83d\uddfa\ufe0f\ud83d\udc5f<\/p>\n\n\n\n<p>\ud83c\udfad <strong>Jeux de r\u00f4le<\/strong> : Mettre en place des <strong>simulations de situations courantes<\/strong> (achat de billet, demande d&rsquo;informations, etc.) pour renforcer les apprentissages pratiques et se pr\u00e9parer \u00e0 diverses situations. \ud83e\udd39\u200d\u2642\ufe0f\ud83d\udcac<\/p>\n\n\n\n<p>\ud83e\udd1d <strong>Collaboration avec des b\u00e9n\u00e9voles<\/strong> : Mettre en relation les utilisateurs avec des <strong>accompagnateurs volontaires<\/strong> pour les premiers voyages, afin de les soutenir et de rendre l&rsquo;exp\u00e9rience plus sereine. \ud83d\udc6b\ud83d\udc96<\/p>\n\n\n\n<p>Ces initiatives favorisent un apprentissage actif et permettent de gagner en confiance et en autonomie dans les d\u00e9placements. \ud83d\ude86\ud83c\udf1f<\/p>\n<\/div>\n<\/div>\n\n\n\n<div class=\"wp-block-columns is-layout-flex wp-container-core-columns-is-layout-9d6595d7 wp-block-columns-is-layout-flex\">\n<div class=\"wp-block-column is-layout-flow wp-block-column-is-layout-flow\">\n<h2 class=\"wp-block-heading\">Liens utiles<\/h2>\n\n\n\n<p>\ud83d\udcd6 <a href=\"https:\/\/www.belgiantrain.be\/fr\/travel-info\/prepare-for-your-journey\/assistance-reduced-mobility\/dare-to-take-the-train\" data-type=\"link\" data-id=\"https:\/\/www.belgiantrain.be\/fr\/travel-info\/prepare-for-your-journey\/assistance-reduced-mobility\/dare-to-take-the-train\" target=\"_blank\" rel=\"noreferrer noopener\">MODE D&rsquo;EMPLOI et GUIDE D&rsquo;APPRENTISSAGE accessibles<\/a><\/p>\n<\/div>\n<\/div>\n\n\n\n<p>Des outils \u00e0 nous partager ? <a href=\"https:\/\/api-lux.be\/index.php\/contact\/\">Cliquez ici<\/a><\/p>\n","protected":false},"excerpt":{"rendered":"<p>\ud83e\ude84 Accompagner vers plus d\u2019autonomie et cultiver la singularit\u00e9 &#8211; Guide d&rsquo;apprentissage et de soutien pour voyager en train de mani\u00e8re autonome.<\/p>\n","protected":false},"author":2,"featured_media":0,"comment_status":"closed","ping_status":"closed","sticky":false,"template":"","format":"standard","meta":{"iawp_total_views":14,"footnotes":""},"categories":[28,4,27,18,46,48,49,47,20,25,29],"tags":[],"class_list":["post-2880","post","type-post","status-publish","format-standard","hentry","category-autonomie-et-responsabilisation","category-besoins","category-besoins-daccomplissement","category-besoins-destime","category-fiches-outils","category-fiches-outils-pour-les-aidants-proches","category-fiches-outils-pour-les-jeunes","category-fiches-outils-pour-les-professionnels","category-individualisation","category-materiel-specifique","category-projection"],"_links":{"self":[{"href":"https:\/\/api-lux.be\/index.php\/wp-json\/wp\/v2\/posts\/2880","targetHints":{"allow":["GET"]}}],"collection":[{"href":"https:\/\/api-lux.be\/index.php\/wp-json\/wp\/v2\/posts"}],"about":[{"href":"https:\/\/api-lux.be\/index.php\/wp-json\/wp\/v2\/types\/post"}],"author":[{"embeddable":true,"href":"https:\/\/api-lux.be\/index.php\/wp-json\/wp\/v2\/users\/2"}],"replies":[{"embeddable":true,"href":"https:\/\/api-lux.be\/index.php\/wp-json\/wp\/v2\/comments?post=2880"}],"version-history":[{"count":7,"href":"https:\/\/api-lux.be\/index.php\/wp-json\/wp\/v2\/posts\/2880\/revisions"}],"predecessor-version":[{"id":7686,"href":"https:\/\/api-lux.be\/index.php\/wp-json\/wp\/v2\/posts\/2880\/revisions\/7686"}],"wp:attachment":[{"href":"https:\/\/api-lux.be\/index.php\/wp-json\/wp\/v2\/media?parent=2880"}],"wp:term":[{"taxonomy":"category","embeddable":true,"href":"https:\/\/api-lux.be\/index.php\/wp-json\/wp\/v2\/categories?post=2880"},{"taxonomy":"post_tag","embeddable":true,"href":"https:\/\/api-lux.be\/index.php\/wp-json\/wp\/v2\/tags?post=2880"}],"curies":[{"name":"wp","href":"https:\/\/api.w.org\/{rel}","templated":true}]}}