{"id":2842,"date":"2025-03-13T09:52:44","date_gmt":"2025-03-13T08:52:44","guid":{"rendered":"https:\/\/api-lux.be\/?p=2842"},"modified":"2025-07-01T13:34:27","modified_gmt":"2025-07-01T11:34:27","slug":"les-livrets-smile-je-donne-mon-avis","status":"publish","type":"post","link":"https:\/\/api-lux.be\/index.php\/2025\/03\/13\/les-livrets-smile-je-donne-mon-avis\/","title":{"rendered":"Les livrets-smile &#8211; Je donne mon avis"},"content":{"rendered":"\n<div class=\"wp-block-columns is-layout-flex wp-container-core-columns-is-layout-9d6595d7 wp-block-columns-is-layout-flex\">\n<div class=\"wp-block-column is-vertically-aligned-center is-layout-flow wp-block-column-is-layout-flow\"><div class=\"wp-block-image\">\n<figure class=\"aligncenter size-large is-resized\"><img loading=\"lazy\" decoding=\"async\" width=\"1024\" height=\"1024\" src=\"https:\/\/api-lux.be\/wp-content\/uploads\/2025\/03\/image_2025-03-13_093926790-1024x1024.png\" alt=\"\" class=\"wp-image-2844\" style=\"width:274px;height:auto\" srcset=\"https:\/\/api-lux.be\/wp-content\/uploads\/2025\/03\/image_2025-03-13_093926790-1024x1024.png 1024w, https:\/\/api-lux.be\/wp-content\/uploads\/2025\/03\/image_2025-03-13_093926790-300x300.png 300w, https:\/\/api-lux.be\/wp-content\/uploads\/2025\/03\/image_2025-03-13_093926790-150x150.png 150w, https:\/\/api-lux.be\/wp-content\/uploads\/2025\/03\/image_2025-03-13_093926790-768x768.png 768w, https:\/\/api-lux.be\/wp-content\/uploads\/2025\/03\/image_2025-03-13_093926790-1536x1536.png 1536w, https:\/\/api-lux.be\/wp-content\/uploads\/2025\/03\/image_2025-03-13_093926790.png 1890w\" sizes=\"auto, (max-width: 1024px) 100vw, 1024px\" \/><\/figure>\n<\/div><\/div>\n\n\n\n<div class=\"wp-block-column is-layout-flow wp-block-column-is-layout-flow\">\n<p>\ud83e\ude84 <strong>Accompagner vers plus d\u2019autonomie et cultiver la singularit\u00e9<\/strong> &#8211; Outils visant \u00e0 am\u00e9liorer la qualit\u00e9 de vie, favoriser l&rsquo;inclusion et l\u2019autod\u00e9termination des personnes en situation de handicap en r\u00e9coltant directement leurs avis.<\/p>\n\n\n\n<!--more-->\n\n\n\n<h2 class=\"wp-block-heading\">\u00c2ge cible<\/h2>\n\n\n\n<p>De 6 \u00e0 23 ans.<\/p>\n<\/div>\n<\/div>\n\n\n\n<h2 class=\"wp-block-heading\">Descriptif de l&rsquo;outil<\/h2>\n\n\n\n<p>Les <strong>Livrets Smile<\/strong> sont des outils sp\u00e9cialement con\u00e7us pour <strong>favoriser l&rsquo;autonomie<\/strong> et am\u00e9liorer la <strong>qualit\u00e9 de vie<\/strong> des personnes en situation de <strong>handicap intellectuel<\/strong>. D\u00e9velopp\u00e9s en <strong>collaboration<\/strong> avec des <strong>personnes concern\u00e9es<\/strong>, leurs <strong>familles<\/strong> et des <strong>professionnels<\/strong> du secteur, ces livrets couvrent divers aspects du quotidien, essentiels pour garantir une vie plus \u00e9panouie et ind\u00e9pendante. \ud83d\udcaa<\/p>\n\n\n\n<p>Les Livrets Smile sont des outils d\u00e9velopp\u00e9s par <a href=\"https:\/\/api-lux.be\/index.php\/2025\/04\/15\/inclusion-asbl\/\" target=\"_blank\" rel=\"noreferrer noopener\">Inclusion ASBL<\/a> pour am\u00e9liorer la qualit\u00e9 de vie des personnes en situation de handicap intellectuel. Ces supports ont \u00e9t\u00e9 co-construits avec des personnes concern\u00e9es, des familles et des professionnels, dans une d\u00e9marche participative visant \u00e0 rendre l&rsquo;information accessible et compr\u00e9hensible pour tous<\/p>\n\n\n\n<p>Les livrets abordent une large gamme de th\u00e9matiques, telles que :<\/p>\n\n\n\n<ul class=\"wp-block-list\">\n<li>\ud83c\udf7d\ufe0f Mes repas \/ Mon sommeil et mon repos<\/li>\n\n\n\n<li>\ud83d\udebf Mon hygi\u00e8ne et mes v\u00eatements \/ Ma sant\u00e9<\/li>\n\n\n\n<li>\ud83c\udfe0 Mon logement \/ Mes apprentissages<\/li>\n\n\n\n<li>\ud83d\udee1\ufe0f Ma s\u00e9curit\u00e9 \/ Ma communication<\/li>\n\n\n\n<li>\ud83d\udcaa Mon bien-\u00eatre, stop aux mauvais traitements<\/li>\n\n\n\n<li>\u2764\ufe0f Ma vie relationnelle, affective et sexuelle<\/li>\n\n\n\n<li>\ud83d\udc68\u200d\ud83d\udc69\u200d\ud83d\udc67\u200d\ud83d\udc66 Ma famille, mes amis \/ Mes enfants<\/li>\n\n\n\n<li>\ud83e\uddd1\u200d\ud83c\udfeb Mon \u00e9ducateur r\u00e9f\u00e9rent<\/li>\n\n\n\n<li>\ud83c\udfaf Mon projet de vie<\/li>\n\n\n\n<li>\ud83c\udf89 Mes loisirs, mes cong\u00e9s et mes vacances<\/li>\n\n\n\n<li>\ud83d\udcbc Mon travail et mon volontariat<\/li>\n\n\n\n<li>\ud83d\udeb6\u200d\u2642\ufe0f Mes activit\u00e9s de tous les jours \/ Mes d\u00e9placements<\/li>\n\n\n\n<li>\ud83d\udde3\ufe0f Ma participation aux d\u00e9cisions \/ Mes droits, mon argent et mes papiers<\/li>\n<\/ul>\n\n\n\n<p>\u270d\ufe0f Les Livrets sont r\u00e9dig\u00e9s en <strong>langage facile \u00e0 lire et \u00e0 comprendre (FALC)<\/strong>. Ce choix permet de garantir une meilleure <strong>accessibilit\u00e9<\/strong> de l\u2019information, et de faciliter la <strong>compr\u00e9hension<\/strong> pour les personnes ayant des difficult\u00e9s cognitives.<\/p>\n\n\n\n<p>\ud83d\udee0\ufe0f Chaque th\u00e9matique est abord\u00e9e sous forme de <strong>guide pratique<\/strong>, avec des conseils et des \u00e9tapes concr\u00e8tes. <\/p>\n\n\n\n<p><strong>Exemples d&rsquo;utilisation:<\/strong><\/p>\n\n\n\n<p>\ud83c\udfe1 <strong>Dans un cadre familial<\/strong> : ils peuvent \u00eatre utilis\u00e9s pour aider une personne \u00e0 <strong>organiser son quotidien<\/strong>, en l&rsquo;accompagnant dans les t\u00e2ches journali\u00e8res et en favorisant son autonomie, tout en tenant compte des sp\u00e9cificit\u00e9s culturelles et sociales locales.<\/p>\n\n\n\n<p>\ud83c\udfe2 <strong>En milieu institutionnel<\/strong> : Dans les <strong>maisons de repos<\/strong>, <strong>centres d&rsquo;h\u00e9bergement<\/strong> ou <strong>centres de r\u00e9\u00e9ducation<\/strong>, ces livrets servent de <strong>support \u00e0 l&rsquo;accompagnement des r\u00e9sidents<\/strong>, en les aidant \u00e0 mieux comprendre leur environnement, leurs activit\u00e9s et les r\u00e8gles de vie en institution.<\/p>\n\n\n\n<p>\ud83c\udf93 <strong>En milieu scolaire<\/strong> : Les \u00e9coles peuvent utiliser les Livrets Smile pour <strong>sensibiliser<\/strong> et <strong>favoriser l&rsquo;inclusion<\/strong> des \u00e9l\u00e8ves en situation de handicap, en leur offrant un moyen de mieux appr\u00e9hender les attentes scolaires et de se sentir plus int\u00e9gr\u00e9s dans le syst\u00e8me \u00e9ducatif belge.<\/p>\n\n\n\n<p>\ud83c\udfed <strong>En entreprise ou en ETA<\/strong> : Les <strong>Entreprises de Travail Adapt\u00e9 (ETA)<\/strong> utilisent ces livrets pour <strong>accompagner l&rsquo;int\u00e9gration professionnelle<\/strong>, en soutenant les travailleurs dans l&rsquo;acquisition de comp\u00e9tences et en facilitant leur insertion dans le milieu professionnel.<\/p>\n\n\n\n<h3 class=\"wp-block-heading\">Points d&rsquo;attention :<\/h3>\n\n\n\n<ul class=\"wp-block-list\">\n<li>\ud83d\udcd6 <strong>Accompagner la lecture<\/strong> : Aider la personne \u00e0 comprendre et utiliser les livrets si n\u00e9cessaire.<\/li>\n\n\n\n<li>\ud83e\udde0 <strong>Adapter l&rsquo;usage<\/strong> : Ajuster les livrets selon le niveau de compr\u00e9hension de la personne.<\/li>\n\n\n\n<li>\u2705 <strong>Assurer un suivi<\/strong> : V\u00e9rifier r\u00e9guli\u00e8rement l&rsquo;appropriation des outils.<\/li>\n<\/ul>\n\n\n\n<div class=\"wp-block-columns is-layout-flex wp-container-core-columns-is-layout-9d6595d7 wp-block-columns-is-layout-flex\">\n<div class=\"wp-block-column is-layout-flow wp-block-column-is-layout-flow\">\n<h2 class=\"wp-block-heading\">Objectif(s) d&rsquo;utilisation<\/h2>\n\n\n\n<p>\ud83c\udfe1 <strong>Autonomie<\/strong> : Aider les personnes en situation de handicap \u00e0 g\u00e9rer leur quotidien de mani\u00e8re plus ind\u00e9pendante.<\/p>\n\n\n\n<p>\ud83d\udca1 <strong>Responsabilisation<\/strong> : Permettre de prendre conscience des actions et d\u00e9cisions influen\u00e7ant leur qualit\u00e9 de vie.<\/p>\n\n\n\n<p>\ud83e\udd1d <strong>Sociabilisation<\/strong> : Encourager les interactions et la participation sociale.<\/p>\n\n\n\n<p>\u2764\ufe0f <strong>D\u00e9veloppement \u00e9motionnel<\/strong> : Favoriser l&rsquo;expression des besoins et des ressentis.<\/p>\n\n\n\n<p>\ud83d\udcda <strong>Apprentissage<\/strong> : Acqu\u00e9rir des comp\u00e9tences essentielles pour le quotidien.<\/p>\n\n\n\n<p>\ud83c\udf1f <strong>Valorisation<\/strong> : Renforcer l&rsquo;estime de soi par la compr\u00e9hension et la ma\u00eetrise de son environnement.<\/p>\n\n\n\n<p>\ud83e\uddd8\u200d\u2642\ufe0f <strong>Auto-r\u00e9gulation<\/strong> : Encourager la gestion autonome des routines et des situations de la vie courante.<\/p>\n<\/div>\n\n\n\n<div class=\"wp-block-column is-layout-flow wp-block-column-is-layout-flow\">\n<h2 class=\"wp-block-heading\">Variantes &#8211; am\u00e9nagements<\/h2>\n\n\n\n<p>\ud83d\udc65 <strong>Approche collective<\/strong> : Utiliser les livrets en groupe pour favoriser l&rsquo;\u00e9change et la discussion.<\/p>\n\n\n\n<p>\ud83d\uddbc\ufe0f <strong>Personnalisation<\/strong> : Ajouter des images ou pictogrammes personnalis\u00e9s selon les besoins de la personne.<\/p>\n\n\n\n<p>\ud83c\udfa7 <strong>Supports audio<\/strong> : Lire les livrets \u00e0 voix haute ou enregistrer les textes pour les personnes ayant des difficult\u00e9s de lecture.<\/p>\n\n\n\n<p>\ud83d\udee0\ufe0f <strong>Mise en situation<\/strong> : Associer les livrets \u00e0 des activit\u00e9s pratiques pour renforcer l&rsquo;apprentissage.<\/p>\n\n\n\n<h2 class=\"wp-block-heading\">Lien(s) utile(s)<\/h2>\n\n\n\n<p>\u2b07\ufe0f <a href=\"https:\/\/www.inclusion-asbl.be\/outils\/les-livrets-smile\/\" data-type=\"link\" data-id=\"https:\/\/www.inclusion-asbl.be\/outils\/les-livrets-smile\/\" target=\"_blank\" rel=\"noreferrer noopener\">LIEN T\u00c9L\u00c9CHARGEMENT des livrets<\/a><\/p>\n\n\n\n<p>\ud83c\udf10 <a href=\"https:\/\/www.inclusion-asbl.be\/\" data-type=\"link\" data-id=\"https:\/\/www.inclusion-asbl.be\/\" target=\"_blank\" rel=\"noreferrer noopener\">SITE INTERNET Inclusion ASBL<\/a><\/p>\n<\/div>\n<\/div>\n\n\n\n<p>Des outils \u00e0 nous partager ? <a href=\"https:\/\/api-lux.be\/index.php\/contact\/\">Cliquez ici<\/a><\/p>\n","protected":false},"excerpt":{"rendered":"<p>\ud83e\ude84 Accompagner vers plus d\u2019autonomie et cultiver la singularit\u00e9 &#8211; Outils visant \u00e0 am\u00e9liorer la qualit\u00e9 de vie, favoriser l&rsquo;inclusion et l\u2019autod\u00e9termination des personnes en situation de handicap en r\u00e9coltant [&hellip;]<\/p>\n","protected":false},"author":2,"featured_media":0,"comment_status":"closed","ping_status":"closed","sticky":false,"template":"","format":"standard","meta":{"iawp_total_views":8,"footnotes":""},"categories":[24,28,22,27,14,18,9,13,23,15,46,47,17,20,26,29,30,21,16],"tags":[],"class_list":["post-2842","post","type-post","status-publish","format-standard","hentry","category-adaptation-des-apprentissages","category-autonomie-et-responsabilisation","category-besoins-cognitifs","category-besoins-daccomplissement","category-besoins-dappartenance","category-besoins-destime","category-besoins-de-securite","category-coherence","category-communication","category-famille-et-milieu-de-vie","category-fiches-outils","category-fiches-outils-pour-les-professionnels","category-inclusion-sociale-et-reseau-sociaux","category-individualisation","category-outils-pedagogiques-pour-les-pro","category-projection","category-spiritualite","category-valorisation-confiance","category-vie-affective"],"_links":{"self":[{"href":"https:\/\/api-lux.be\/index.php\/wp-json\/wp\/v2\/posts\/2842","targetHints":{"allow":["GET"]}}],"collection":[{"href":"https:\/\/api-lux.be\/index.php\/wp-json\/wp\/v2\/posts"}],"about":[{"href":"https:\/\/api-lux.be\/index.php\/wp-json\/wp\/v2\/types\/post"}],"author":[{"embeddable":true,"href":"https:\/\/api-lux.be\/index.php\/wp-json\/wp\/v2\/users\/2"}],"replies":[{"embeddable":true,"href":"https:\/\/api-lux.be\/index.php\/wp-json\/wp\/v2\/comments?post=2842"}],"version-history":[{"count":7,"href":"https:\/\/api-lux.be\/index.php\/wp-json\/wp\/v2\/posts\/2842\/revisions"}],"predecessor-version":[{"id":7687,"href":"https:\/\/api-lux.be\/index.php\/wp-json\/wp\/v2\/posts\/2842\/revisions\/7687"}],"wp:attachment":[{"href":"https:\/\/api-lux.be\/index.php\/wp-json\/wp\/v2\/media?parent=2842"}],"wp:term":[{"taxonomy":"category","embeddable":true,"href":"https:\/\/api-lux.be\/index.php\/wp-json\/wp\/v2\/categories?post=2842"},{"taxonomy":"post_tag","embeddable":true,"href":"https:\/\/api-lux.be\/index.php\/wp-json\/wp\/v2\/tags?post=2842"}],"curies":[{"name":"wp","href":"https:\/\/api.w.org\/{rel}","templated":true}]}}