{"id":2168,"date":"2025-03-05T08:58:33","date_gmt":"2025-03-05T07:58:33","guid":{"rendered":"https:\/\/api-lux.be\/?p=2168"},"modified":"2025-07-01T13:35:07","modified_gmt":"2025-07-01T11:35:07","slug":"offre-sante-mentale-wallonie","status":"publish","type":"post","link":"https:\/\/api-lux.be\/index.php\/2025\/03\/05\/offre-sante-mentale-wallonie\/","title":{"rendered":"Offre en sant\u00e9 mentale en Wallonie"},"content":{"rendered":"\n<div class=\"wp-block-columns is-layout-flex wp-container-core-columns-is-layout-9d6595d7 wp-block-columns-is-layout-flex\">\n<div class=\"wp-block-column is-layout-flow wp-block-column-is-layout-flow\">\n<figure class=\"wp-block-image size-full\"><img loading=\"lazy\" decoding=\"async\" width=\"740\" height=\"501\" src=\"https:\/\/api-lux.be\/wp-content\/uploads\/2025\/03\/pyramide.png\" alt=\"\" class=\"wp-image-2169\" srcset=\"https:\/\/api-lux.be\/wp-content\/uploads\/2025\/03\/pyramide.png 740w, https:\/\/api-lux.be\/wp-content\/uploads\/2025\/03\/pyramide-300x203.png 300w\" sizes=\"auto, (max-width: 740px) 100vw, 740px\" \/><\/figure>\n<\/div>\n\n\n\n<div class=\"wp-block-column is-layout-flow wp-block-column-is-layout-flow\">\n<p>Page du site internet CR\u00e9SaM, qui reprend un descriptif des cat\u00e9gories de services et institutions de la sant\u00e9 mentale.<br><\/p>\n\n\n\n<!--more-->\n\n\n\n<h2 class=\"wp-block-heading\">\u00c2ge cible<\/h2>\n\n\n\n<p>Tout \u00e2ge.<\/p>\n<\/div>\n<\/div>\n\n\n\n<div class=\"wp-block-columns is-layout-flex wp-container-core-columns-is-layout-9d6595d7 wp-block-columns-is-layout-flex\">\n<div class=\"wp-block-column is-layout-flow wp-block-column-is-layout-flow\">\n<h2 class=\"wp-block-heading\">Descriptif de l&rsquo;outil<\/h2>\n\n\n\n<p>La pyramide de l&rsquo;offre en sant\u00e9 mentale en Wallonie, propos\u00e9e par le CR\u00e9SaM, est un mod\u00e8le structur\u00e9 qui d\u00e9taille les diff\u00e9rents niveaux de soins. Chaque \u00e9tage correspond \u00e0 une approche sp\u00e9cifique de l&rsquo;accompagnement en sant\u00e9 mentale. Voici un aper\u00e7u dynamique ! \ud83d\ude0a<\/p>\n\n\n\n<p>\ud83c\udf31 <strong>Ressources personnelles<\/strong> : Le premier niveau se concentre sur l\u2019autogestion et l\u2019aide des proches, famille et amis. Il s&rsquo;agit d&rsquo;un soutien fondamental, souvent invisible, mais essentiel pour maintenir un \u00e9quilibre mental.<\/p>\n\n\n\n<p>\ud83e\udd1d <strong>Ressources informelles<\/strong> : Ici, ce sont les structures communautaires qui jouent un r\u00f4le cl\u00e9. Les associations de patients et de proches offrent un accompagnement essentiel, cr\u00e9ant des r\u00e9seaux d&rsquo;entraide au sein de la communaut\u00e9.<\/p>\n\n\n\n<p>\ud83c\udfe5 <strong>Services de soins primaires<\/strong> : Ce niveau regroupe des soins de sant\u00e9 plus g\u00e9n\u00e9raux, comme ceux offerts par les maisons m\u00e9dicales ou les centres de sant\u00e9, qui permettent une premi\u00e8re prise en charge des probl\u00e9matiques de sant\u00e9 mentale.<\/p>\n\n\n\n<p>\ud83c\udfd8\ufe0f <strong>Services communautaires et psychiatriques des h\u00f4pitaux g\u00e9n\u00e9raux<\/strong> : Ces services viennent en soutien aux personnes confront\u00e9es \u00e0 des troubles plus complexes, en offrant des soins sp\u00e9cialis\u00e9s, tout en restant ancr\u00e9s dans la communaut\u00e9.<\/p>\n\n\n\n<p>\ud83c\udfe5 <strong>Services r\u00e9sidentiels et psychiatriques sp\u00e9cialis\u00e9s<\/strong> : Enfin, ce dernier niveau regroupe les soins intensifs, comme ceux fournis par les h\u00f4pitaux psychiatriques et les centres de psychiatrie l\u00e9gale, pour les cas les plus complexes n\u00e9cessitant un suivi approfondi.<\/p>\n\n\n\n<p>\ud83d\udd04 Cette pyramide vise \u00e0 offrir un acc\u00e8s clair et graduel aux soins, permettant ainsi \u00e0 chacun de trouver le soutien adapt\u00e9 \u00e0 ses besoins.<\/p>\n<\/div>\n<\/div>\n\n\n\n<div class=\"wp-block-columns is-layout-flex wp-container-core-columns-is-layout-9d6595d7 wp-block-columns-is-layout-flex\">\n<div class=\"wp-block-column is-layout-flow wp-block-column-is-layout-flow\">\n<h2 class=\"wp-block-heading\">Objectif(s) d&rsquo;utilisation<\/h2>\n\n\n\n<p>\ud83d\udd0d <strong>Repr\u00e9senter la diversit\u00e9 des ressources possibles<\/strong> lorsque notre sant\u00e9 mentale est fragilis\u00e9e.<\/p>\n\n\n\n<p>\ud83c\udfd7\ufe0f <strong>Structurer les acteurs<\/strong> qui participent \u00e0 la prise en charge.<\/p>\n\n\n\n<p>\ud83d\udcaa <strong>Permettre de se rendre compte des ressources personnelles, informelles et formelles<\/strong> face \u00e0 la souffrance.<\/p>\n<\/div>\n\n\n\n<div class=\"wp-block-column is-layout-flow wp-block-column-is-layout-flow\">\n<h2 class=\"wp-block-heading\">Liens utiles<\/h2>\n\n\n\n<p>\ud83d\udd17 <a href=\"https:\/\/www.cresam.be\/pyramide\/\" data-type=\"link\" data-id=\"https:\/\/www.cresam.be\/pyramide\/\" target=\"_blank\" rel=\"noreferrer noopener\"><strong>LIEN<\/strong> officiel &#8211; Offre en sant\u00e9 mentale en Wallonie<\/a><\/p>\n<\/div>\n<\/div>\n\n\n\n<p>Des outils \u00e0 nous partager ? <a href=\"https:\/\/api-lux.be\/index.php\/contact\/\">Cliquez ici<\/a><\/p>\n","protected":false},"excerpt":{"rendered":"<p>Page du site internet CR\u00e9SaM, qui reprend un descriptif des cat\u00e9gories de services et institutions de la sant\u00e9 mentale.<\/p>\n","protected":false},"author":6,"featured_media":0,"comment_status":"closed","ping_status":"closed","sticky":false,"template":"","format":"standard","meta":{"iawp_total_views":11,"footnotes":""},"categories":[4,5,8,46,48,49,47,1,7],"tags":[],"class_list":["post-2168","post","type-post","status-publish","format-standard","hentry","category-besoins","category-besoins-physiologiques","category-bien-etre","category-fiches-outils","category-fiches-outils-pour-les-aidants-proches","category-fiches-outils-pour-les-jeunes","category-fiches-outils-pour-les-professionnels","category-non-classe","category-soin-pistes-et-outils-professionnels"],"_links":{"self":[{"href":"https:\/\/api-lux.be\/index.php\/wp-json\/wp\/v2\/posts\/2168","targetHints":{"allow":["GET"]}}],"collection":[{"href":"https:\/\/api-lux.be\/index.php\/wp-json\/wp\/v2\/posts"}],"about":[{"href":"https:\/\/api-lux.be\/index.php\/wp-json\/wp\/v2\/types\/post"}],"author":[{"embeddable":true,"href":"https:\/\/api-lux.be\/index.php\/wp-json\/wp\/v2\/users\/6"}],"replies":[{"embeddable":true,"href":"https:\/\/api-lux.be\/index.php\/wp-json\/wp\/v2\/comments?post=2168"}],"version-history":[{"count":4,"href":"https:\/\/api-lux.be\/index.php\/wp-json\/wp\/v2\/posts\/2168\/revisions"}],"predecessor-version":[{"id":7689,"href":"https:\/\/api-lux.be\/index.php\/wp-json\/wp\/v2\/posts\/2168\/revisions\/7689"}],"wp:attachment":[{"href":"https:\/\/api-lux.be\/index.php\/wp-json\/wp\/v2\/media?parent=2168"}],"wp:term":[{"taxonomy":"category","embeddable":true,"href":"https:\/\/api-lux.be\/index.php\/wp-json\/wp\/v2\/categories?post=2168"},{"taxonomy":"post_tag","embeddable":true,"href":"https:\/\/api-lux.be\/index.php\/wp-json\/wp\/v2\/tags?post=2168"}],"curies":[{"name":"wp","href":"https:\/\/api.w.org\/{rel}","templated":true}]}}